{"id":1520,"date":"2018-09-07T07:40:33","date_gmt":"2018-09-07T07:40:33","guid":{"rendered":"https:\/\/nzjz.wpengine.com\/2018\/09\/07\/prvasici-u-klupama\/"},"modified":"2021-05-19T06:49:50","modified_gmt":"2021-05-19T06:49:50","slug":"prvasici-u-klupama","status":"publish","type":"post","link":"https:\/\/nzjz-split.hr\/en\/prvasici-u-klupama\/","title":{"rendered":"Prva\u0161i\u0107i u klupama"},"content":{"rendered":"<p style=\"text-align: justify;\"><strong>Prvi put u \u0161kolskim klupama se pamti zauvijek<\/strong><\/p>\n<p style=\"text-align: justify;\">Po\u010detak je rujna, zavr\u0161ava bezbri\u017eni i razigrani ljetni period, a pred djecom, ali i njihovim roditeljima je period koje zahtijeva nove\u00a0 obiteljske izazove. Za \u201eprva\u0161i\u0107e\u201c\u00a0 je ovo osobito zna\u010dajno\u00a0 razdoblje u \u017eivotu.<\/p>\n<p>  <!--more-->  <\/p>\n<p style=\"text-align: justify;\">Sje\u0107ate li se svog prvog dana \u0161kole? Uzbu\u0111enje pred ulazak u razred raste, tisu\u0107u pitanja u malim glavama., gdje i s kim sjesti, ho\u0107u li na\u0107i prijatelje u razredu, poznajem li ikoga, tko je moja u\u010diteljica.?<\/p>\n<p style=\"text-align: justify;\">Premda smo mi odrasli \u00a0odavno iza\u0161li iz \u0161kolskih klupa neki jo\u0161 uvijek imaju \u017eivo sje\u0107anje upravo na ovaj dan. Ako malo bolje promislimo o ovom periodu u \u017eivotu mo\u017eemo uo\u010diti da se malo \u010dega sje\u0107amo iz te dobi kao ovog trenutka. Kako nekada tako i danas prvi dan \u0161kole ostat \u0107e dugo prisutan u sje\u0107anju djece, ali i njihovih roditelja. Za\u0161to je tome tako? Puno je emocija i previ\u0161e novih iskustava, neodgovorenih pitanja, previ\u0161e o\u010dekivanja i nadanja u dje\u010djim glavama., ali i kod roditelja koji tako\u0111er sa strepnjom i\u0161\u010dekuju ovaj doga\u0111aj. Tada po prvi put djeca bezbri\u017enu igru zamjenjuju \u0161kolskim obavezama, \u0161to podrazumijeva\u00a0 prilagodbu na nova pravila pona\u0161anja, usvajanje\u00a0 novih radnih navika, privikavanje \u00a0na novu sredinu i socijalizaciju se u novom okru\u017eenju. Va\u017eno je naglasiti da se sve ovo ne doga\u0111a preko no\u0107i da je to proces. Priprema djeteta traje, a jedno od pitanja koje roditelji \u010desto postavljaju je i kako pripremiti dijete za prvi dan \u0161kole i \u0161kolu op\u0107enito,<\/p>\n<p style=\"text-align: justify;\">\u00a0<\/p>\n<h4 style=\"text-align: justify;\"><strong>Priprema za \u0161kolu<\/strong><\/h4>\n<p style=\"text-align: justify;\">Za uspje\u0161nu adaptaciju, emocionalnu spremnost, kvalitetnu socijalizaciju te razvijene sposobnosti koje su potrebne za \u0161kolu zapravo su ponajvi\u0161e zaslu\u017eni roditelji jo\u0161 od prvog dana ro\u0111enja djeteta. Dijete koje je dobilo dovoljno podr\u0161ke, pa\u017enje i koje je pohvalama i pozitivnim potkrepljenjem poticano na napredak uglavnom ne\u0107e imati pote\u0161ko\u0107a s po\u010detnom prilagodbom\u00a0 na novu situaciju kao i prihva\u0107anjem i izvr\u0161avanjem novih obaveza. Kako na po\u010detku tako i tijekom cijelog \u0161kolovanja zada\u0107a roditelja je da nastave dijete poticati na izvr\u0161avanje vlastitih obaveza, te da im pomognu u organizaciji i planiranju vremena. Naravno da s vremenom direktan utjecaj roditelja na dijete je sve manji i dijete postupno samo preuzima vlastite obaveze. Ba\u0161 zbog toga su temelji koje postavljamo u prvim danima od izuzetne va\u017enosti.<\/p>\n<p style=\"text-align: justify;\">Intenzivnija priprema trebala bi zapo\u010deti oko godinu dana pred po\u010detak \u0161kole, gdje se jedan dio radi u vrti\u0107u ispunjavanjem radnih listi\u0107a, edukativnim igrama i sl., a drugi dio u obitelji gdje roditelj kroz razgovor i igru u\u010di dijete vje\u0161tinama potrebnim za \u0161kolu. Tako\u0111er neposredno pred po\u010detak (tjedan do dva) potrebno je pripremiti torbu, knjige, pribor, odje\u0107u te s djetetom pro\u0161etati do \u0161kolske zgrade, kako bi se upoznalo sa novim prostorom.<\/p>\n<p style=\"text-align: justify;\"><em>Ne zaboravite da su sva djeca razli\u010dita i nisu &#8220;na\u0161a slika i prilika&#8221;. Imaju vlastitu jedinstvenu osobnost te u skladu s tim i roditelji trebaju prilagoditi svoje zahtjeve, ali i o\u010dekivanja. Roditelji trebaju postavljati &#8220;okvir&#8221; da djeca slobodno slikaju unutar njega.\u00a0\u00a0\u00a0 <\/em><\/p>\n<p style=\"text-align: justify;\"><em>\u00a0<\/em><\/p>\n<h4 style=\"text-align: justify;\"><strong>Uloga obitelji <\/strong><\/h4>\n<p style=\"text-align: justify;\">Brojni su strahovi koji se javljaju kod djece pred polazak u \u0161kolu, ali ponajvi\u0161e su to zapravo roditeljski strahovi koji se lako prenose na dijete. Strahovi koji naj\u010de\u0161\u0107e preplavljuju roditelje su kako \u0107e se dijete uklopiti u novu sredinu, ho\u0107e li uspjeti savladati sve zahtjeve koji se pred njega postavljaju, kakva \u0107e biti u\u010diteljica\/u\u010ditelj, <a href=\"index.php\/2-uncategorised\/134-vozaci-oprez-prvasici-u-prometu\">ho\u0107e li dijete mo\u0107i samo do\u0107i od ku\u0107e do \u0161kole<\/a> i sl.? O istim stvarima i dijete razmi\u0161lja, a &#8220;upla\u0161eni&#8221; roditelj ne\u0107e mo\u0107i olak\u0161ati svom djetetu ovu situaciju. Nerijetko, mo\u017eda ne verbalno, ali zabrinutim izrazom lica, napetim stavom tijela, drhtavim tonom glasa (neverbalno), nesvjesno prenosimo djetetu poruku da se doga\u0111a ne\u0161to \u0161to je stresno. Ta neverbalna poruka bude nekada puno &#8220;glasnija&#8221; od one izre\u010dene rije\u010dima.<em>\u00a0 <\/em>S djetetom o \u0161koli i polasku u \u0161kolu treba razgovarati i u razgovoru osluhnuti \u0161to je to \u0161to ga mu\u010di, te mu adekvatnim odgovorima poku\u0161ati pomo\u0107i. Nikada ne pla\u0161iti dijete sa \u0161kolom, npr. &#8220;Vidjet \u0107e\u0161 ti kad krene\u0161 u \u0161kolu, ne\u0107e u\u010diteljica podnositi ovaj tvoj neposluh!&#8221; i sli\u010dno. To mo\u017ee stvoriti dodatni nepotrebni strah od u\u010diteljice i \u0161kole kao ustanove, a \u0161to\u00a0 sigurno ne biste \u017eeljeli.\u00a0<\/p>\n<p style=\"text-align: justify;\">\u00a0S<em>toga, jedan od va\u017enijih preduvjeta da djeca imaju \u0161to bezbri\u017eniji po\u010detak u \u0161koli je da upravo roditelji budu smireni i stabilni i da poka\u017eu djetetu da imaju povjerenja u njega, ali i u\u010ditelje. <\/em><\/p>\n<p style=\"text-align: justify;\">Obitelj je va\u017ena karika koja utje\u010de na adaptaciju djeteta na \u0161kolu, ali i na savladavanje prepreka s kojima se dijete u \u0161koli suo\u010dava. Obitelj se kao &#8220;\u017eivi organizam&#8221; tijekom cijelog \u017eivot mijenja i prilago\u0111ava, a obitelj sa \u0161kolskom djecom ima pred sobom nove zahtjeve i odgovornosti. Ono za \u0161to je obitelj svakako odgovorna je da omogu\u0107i djetetu osnovne uvjete za rad \u0161to podrazumijeva kutak za u\u010denje i \u0161kolski pribor. Ipak jo\u0161 va\u017enija uloga obitelji je da djetetu pru\u017ei emocionalnu podr\u0161ku, poti\u010de motivaciju za u\u010denje, izra\u017eava pozitivan stav prema \u0161koli i u\u010diteljima, pomognu mu u <a href=\"index.php\/2-uncategorised\/318-bullet-journal-za-skolu-to-do-or-not-to-do-liste\">planiranju vremena<\/a> za pisanje doma\u0107e zada\u0107e, te ohrabruje dijete i prati njegov napredak.<\/p>\n<p style=\"text-align: justify;\">\u00a0<\/p>\n<h4 style=\"text-align: justify;\"><strong>Samopouzdanje i &#8220;slika o sebi&#8221;<\/strong><\/h4>\n<p style=\"text-align: justify;\">Me\u0111u brojnim zada\u0107ama koje imamo kao roditelji jedna od glavnih je i razvijanje samopouzdanja. Istra\u017eivanja su pokazala da roditeljski interes i podr\u0161ka predstavljaju bitan \u010dimbenik za \u0161kolski uspjeh djece. Samopouzdano dijete \u0107e se lak\u0161e prilagoditi novim okolnostima, te vjerovati da mo\u017ee savladati prepreke koje su pred njega postavljene. Pri tom je va\u017eno s djetetom raditi na tome da se pote\u0161ko\u0107e mogu savladati i da ne treba kod prvog problema odustati.\u00a0<\/p>\n<p style=\"text-align: justify;\">U \u0161koli dijete razvija tzv. &#8220;\u0161kolsku sliku o sebi&#8221; koja \u0107e ve\u0107im dijelom biti formirana od \u0161kolskog uspjeha, ali i socijalne vje\u0161tine, emocionalna stabilnost i samopouzdanje uz ulogu u\u010ditelja(ice) tako\u0111er utje\u010du na \u0161kolsku sliku o sebi.<\/p>\n<p style=\"text-align: justify;\">Upravo u\u010ditelj(ica) svojim toplim odnosom i dosljednim pona\u0161anjem, te adekvatnim reakcijama prema djetetu poma\u017eu razviti samopouzdanje i razbiti strah od \u0161kole. Atmosfera u razredu odgovornost je u\u010ditelja, a ne roditelja.<\/p>\n<p style=\"text-align: justify;\">Sve \u0161to se doga\u0111a u razredu va\u017eno je i rje\u0161avati u razredu, pa bi tako roditelji ukoliko se dogode neke pote\u0161ko\u0107e u \u0161koli trebali usko sura\u0111ivati sa u\u010diteljem koji ima priliku na licu mjesta rje\u0161avati problem. Oni poznaju\u00a0 dijete u situacijama u kojima roditelji nemaju priliku vidjeti njihovo pona\u0161anje i snala\u017eenje.\u00a0 Stoga je va\u017eno imati povjerenja u pravilnu prosudbu u\u010ditelja i prema potrebi poslu\u0161ati njihove savjete.<\/p>\n<p style=\"text-align: justify;\">Razvojne karakteristike djece od 6 do 7 godina (motori\u010dko-mi\u0161i\u0107ni razvoj, razvijenost grafomotorike, razvoj govora, intelektualni razvoj, emocionalni razvoj) omogu\u0107uju djeci da budu spremna za polazak u \u0161kolu. S tom spoznajom zada\u0107a roditelja je da im pomogne realizirati vlastite potencijale i otisnuti se u novi svijet.\u00a0<\/p>\n<p style=\"text-align: justify;\"><em>Ukoliko se jave pote\u0161ko\u0107e koje nadilaze kompetencije roditelja i u\u010ditelja uvijek je preporuka <a href=\"https:\/\/nzjz-split.hr\/wp-content\/uploads\/2018\/08\/i_pad_je_let_final.pdf\">javiti se stru\u010dnjacima za savjet<\/a>, jer pravovremenim djelovanjem mogu\u0107e je uvelike olak\u0161ati po\u010detne pote\u0161ko\u0107e i savladati prepreke, kao zalog za budu\u0107nost.<\/em><\/p>\n<p style=\"text-align: justify;\"><strong><em>Svim \u201eprva\u0161i\u0107ima\u201c sretan i uspje\u0161an polazak u \u0161kolu!<\/em><\/strong><\/p>\n<p>\u00a0<\/p>\n<p style=\"text-align: right;\"><strong>Voditeljica odsjeka za savjetovanje i edukaciju<\/strong><\/p>\n<p style=\"text-align: right;\"><strong>Davorka Kova\u010di\u0107 Borkovi\u0107<\/strong><\/p>\n<p style=\"text-align: right;\"><strong>prof. psihologije<\/strong><\/p>\n<p>\u00a0<\/p>\n<p>LITERATURA:<br \/>1. Vasta R., Haith M.M, Miller S.A. (2005): Dje\u010dja psihologija, Naklada Slap<br \/>2. http:\/\/www.zzjzpgz.hr\/nzl\/47\/priprema.htm<br \/>3. http:\/\/os-strozanac-podstrana.skole.hr\/upload\/os-strozanac-podstrana\/images\/static3\/5425\/File\/Priprema_djeteta_pred_polazak_u_skolu.pdf<br \/>4. https:\/\/repozitorij.ufzg.unizg.hr\/islandora\/object\/ufzg%3A36\/datastream\/PDF\/view<br \/>5. http:\/\/www.jutarnji.hr\/arhiva\/za-par-dana-pocinje-skola-dvadeset-pitanja-i-odgovora-za-zabrinute-roditelje\/2126112\/<\/p>\n<p>\u00a0<\/p>\n<p>\u00a0<\/p>","protected":false},"excerpt":{"rendered":"<p>Prvi put u \u0161kolskim klupama se pamti zauvijek Po\u010detak je rujna, zavr\u0161ava bezbri\u017eni i razigrani ljetni period, a pred djecom, ali i njihovim roditeljima je period koje zahtijeva nove\u00a0 obiteljske izazove. Za \u201eprva\u0161i\u0107e\u201c\u00a0 je ovo osobito zna\u010dajno\u00a0 razdoblje u \u017eivotu.<\/p>","protected":false},"author":1,"featured_media":4397,"comment_status":"open","ping_status":"open","sticky":false,"template":"","format":"standard","meta":{"inline_featured_image":false,"footnotes":""},"categories":[38],"tags":[],"class_list":["post-1520","post","type-post","status-publish","format-standard","has-post-thumbnail","hentry","category-sluzba-za-mentalno-zdravlje"],"yoast_head":"<!-- This site is optimized with the Yoast SEO plugin v27.3 - https:\/\/yoast.com\/product\/yoast-seo-wordpress\/ -->\n<title>NZJZ SD\u017d - Prva\u0161i\u0107i u klupama<\/title>\n<meta name=\"description\" content=\"Slu\u017ebene internet stranice Nastavnog Zavoda za javno zdravstvo Splitsko-dalmatinske \u017eupanije.\" \/>\n<meta name=\"robots\" content=\"index, follow, max-snippet:-1, max-image-preview:large, max-video-preview:-1\" \/>\n<link rel=\"canonical\" href=\"https:\/\/nzjz-split.hr\/en\/prvasici-u-klupama\/\" \/>\n<meta property=\"og:locale\" content=\"en_GB\" \/>\n<meta property=\"og:type\" content=\"article\" \/>\n<meta property=\"og:title\" content=\"NZJZ SD\u017d - Prva\u0161i\u0107i u klupama\" \/>\n<meta property=\"og:description\" content=\"Slu\u017ebene internet stranice Nastavnog Zavoda za javno zdravstvo Splitsko-dalmatinske \u017eupanije.\" \/>\n<meta property=\"og:url\" content=\"https:\/\/nzjz-split.hr\/en\/prvasici-u-klupama\/\" \/>\n<meta property=\"og:site_name\" content=\"NZJZ SD\u017d\" \/>\n<meta property=\"article:publisher\" content=\"https:\/\/www.facebook.com\/NzjzSdz\" \/>\n<meta property=\"article:published_time\" content=\"2018-09-07T07:40:33+00:00\" \/>\n<meta property=\"article:modified_time\" content=\"2021-05-19T06:49:50+00:00\" \/>\n<meta property=\"og:image\" content=\"https:\/\/nzjz-split.hr\/wp-content\/uploads\/2021\/05\/prvi_dan_skole_2018.jpg\" \/>\n\t<meta property=\"og:image:width\" content=\"900\" \/>\n\t<meta property=\"og:image:height\" content=\"578\" \/>\n\t<meta property=\"og:image:type\" content=\"image\/jpeg\" \/>\n<meta name=\"author\" content=\"ForgeBIT\" \/>\n<meta name=\"twitter:card\" content=\"summary_large_image\" \/>\n<meta name=\"twitter:label1\" content=\"Written by\" \/>\n\t<meta name=\"twitter:data1\" content=\"ForgeBIT\" \/>\n\t<meta name=\"twitter:label2\" content=\"Estimated reading time\" \/>\n\t<meta name=\"twitter:data2\" content=\"7 minutes\" \/>\n<script type=\"application\/ld+json\" class=\"yoast-schema-graph\">{\"@context\":\"https:\\\/\\\/schema.org\",\"@graph\":[{\"@type\":\"Article\",\"@id\":\"https:\\\/\\\/nzjz-split.hr\\\/prvasici-u-klupama\\\/#article\",\"isPartOf\":{\"@id\":\"https:\\\/\\\/nzjz-split.hr\\\/prvasici-u-klupama\\\/\"},\"author\":{\"name\":\"ForgeBIT\",\"@id\":\"https:\\\/\\\/nzjz-split.hr\\\/#\\\/schema\\\/person\\\/b4b9f14518058e855f0658fe0f6605eb\"},\"headline\":\"Prva\u0161i\u0107i u klupama\",\"datePublished\":\"2018-09-07T07:40:33+00:00\",\"dateModified\":\"2021-05-19T06:49:50+00:00\",\"mainEntityOfPage\":{\"@id\":\"https:\\\/\\\/nzjz-split.hr\\\/prvasici-u-klupama\\\/\"},\"wordCount\":1324,\"commentCount\":0,\"publisher\":{\"@id\":\"https:\\\/\\\/nzjz-split.hr\\\/#organization\"},\"image\":{\"@id\":\"https:\\\/\\\/nzjz-split.hr\\\/prvasici-u-klupama\\\/#primaryimage\"},\"thumbnailUrl\":\"https:\\\/\\\/nzjz-split.hr\\\/wp-content\\\/uploads\\\/2021\\\/05\\\/prvi_dan_skole_2018.jpg\",\"articleSection\":[\"Slu\u017eba za mentalno zdravlje\"],\"inLanguage\":\"en-GB\",\"potentialAction\":[{\"@type\":\"CommentAction\",\"name\":\"Comment\",\"target\":[\"https:\\\/\\\/nzjz-split.hr\\\/prvasici-u-klupama\\\/#respond\"]}]},{\"@type\":\"WebPage\",\"@id\":\"https:\\\/\\\/nzjz-split.hr\\\/prvasici-u-klupama\\\/\",\"url\":\"https:\\\/\\\/nzjz-split.hr\\\/prvasici-u-klupama\\\/\",\"name\":\"NZJZ SD\u017d - Prva\u0161i\u0107i u klupama\",\"isPartOf\":{\"@id\":\"https:\\\/\\\/nzjz-split.hr\\\/#website\"},\"primaryImageOfPage\":{\"@id\":\"https:\\\/\\\/nzjz-split.hr\\\/prvasici-u-klupama\\\/#primaryimage\"},\"image\":{\"@id\":\"https:\\\/\\\/nzjz-split.hr\\\/prvasici-u-klupama\\\/#primaryimage\"},\"thumbnailUrl\":\"https:\\\/\\\/nzjz-split.hr\\\/wp-content\\\/uploads\\\/2021\\\/05\\\/prvi_dan_skole_2018.jpg\",\"datePublished\":\"2018-09-07T07:40:33+00:00\",\"dateModified\":\"2021-05-19T06:49:50+00:00\",\"description\":\"Slu\u017ebene internet stranice Nastavnog Zavoda za javno zdravstvo Splitsko-dalmatinske \u017eupanije.\",\"breadcrumb\":{\"@id\":\"https:\\\/\\\/nzjz-split.hr\\\/prvasici-u-klupama\\\/#breadcrumb\"},\"inLanguage\":\"en-GB\",\"potentialAction\":[{\"@type\":\"ReadAction\",\"target\":[\"https:\\\/\\\/nzjz-split.hr\\\/prvasici-u-klupama\\\/\"]}]},{\"@type\":\"ImageObject\",\"inLanguage\":\"en-GB\",\"@id\":\"https:\\\/\\\/nzjz-split.hr\\\/prvasici-u-klupama\\\/#primaryimage\",\"url\":\"https:\\\/\\\/nzjz-split.hr\\\/wp-content\\\/uploads\\\/2021\\\/05\\\/prvi_dan_skole_2018.jpg\",\"contentUrl\":\"https:\\\/\\\/nzjz-split.hr\\\/wp-content\\\/uploads\\\/2021\\\/05\\\/prvi_dan_skole_2018.jpg\",\"width\":900,\"height\":578,\"caption\":\"Prvi dan \u0161kole\"},{\"@type\":\"BreadcrumbList\",\"@id\":\"https:\\\/\\\/nzjz-split.hr\\\/prvasici-u-klupama\\\/#breadcrumb\",\"itemListElement\":[{\"@type\":\"ListItem\",\"position\":1,\"name\":\"Naslovnica\",\"item\":\"https:\\\/\\\/nzjz-split.hr\\\/\"},{\"@type\":\"ListItem\",\"position\":2,\"name\":\"Prva\u0161i\u0107i u klupama\"}]},{\"@type\":\"WebSite\",\"@id\":\"https:\\\/\\\/nzjz-split.hr\\\/#website\",\"url\":\"https:\\\/\\\/nzjz-split.hr\\\/\",\"name\":\"NZJZ SD\u017d\",\"description\":\"Nastavni zavod za javno zdravstvo Splitsko - dalmatinske \u017eupanije\",\"publisher\":{\"@id\":\"https:\\\/\\\/nzjz-split.hr\\\/#organization\"},\"potentialAction\":[{\"@type\":\"SearchAction\",\"target\":{\"@type\":\"EntryPoint\",\"urlTemplate\":\"https:\\\/\\\/nzjz-split.hr\\\/?s={search_term_string}\"},\"query-input\":{\"@type\":\"PropertyValueSpecification\",\"valueRequired\":true,\"valueName\":\"search_term_string\"}}],\"inLanguage\":\"en-GB\"},{\"@type\":\"Organization\",\"@id\":\"https:\\\/\\\/nzjz-split.hr\\\/#organization\",\"name\":\"Nastavni zavod za javno zdravstvo Splitsko - dalmatinske \u017eupanije\",\"url\":\"https:\\\/\\\/nzjz-split.hr\\\/\",\"logo\":{\"@type\":\"ImageObject\",\"inLanguage\":\"en-GB\",\"@id\":\"https:\\\/\\\/nzjz-split.hr\\\/#\\\/schema\\\/logo\\\/image\\\/\",\"url\":\"https:\\\/\\\/nzjz-split.hr\\\/wp-content\\\/uploads\\\/2021\\\/05\\\/nzjz-sdz-favicon-bg.png\",\"contentUrl\":\"https:\\\/\\\/nzjz-split.hr\\\/wp-content\\\/uploads\\\/2021\\\/05\\\/nzjz-sdz-favicon-bg.png\",\"width\":220,\"height\":220,\"caption\":\"Nastavni zavod za javno zdravstvo Splitsko - dalmatinske \u017eupanije\"},\"image\":{\"@id\":\"https:\\\/\\\/nzjz-split.hr\\\/#\\\/schema\\\/logo\\\/image\\\/\"},\"sameAs\":[\"https:\\\/\\\/www.facebook.com\\\/NzjzSdz\"]},{\"@type\":\"Person\",\"@id\":\"https:\\\/\\\/nzjz-split.hr\\\/#\\\/schema\\\/person\\\/b4b9f14518058e855f0658fe0f6605eb\",\"name\":\"ForgeBIT\",\"image\":{\"@type\":\"ImageObject\",\"inLanguage\":\"en-GB\",\"@id\":\"https:\\\/\\\/nzjz-split.hr\\\/wp-content\\\/litespeed\\\/avatar\\\/807534c1949a29c271544ad2598d14d6.jpg?ver=1777486818\",\"url\":\"https:\\\/\\\/nzjz-split.hr\\\/wp-content\\\/litespeed\\\/avatar\\\/807534c1949a29c271544ad2598d14d6.jpg?ver=1777486818\",\"contentUrl\":\"https:\\\/\\\/nzjz-split.hr\\\/wp-content\\\/litespeed\\\/avatar\\\/807534c1949a29c271544ad2598d14d6.jpg?ver=1777486818\",\"caption\":\"ForgeBIT\"},\"sameAs\":[\"https:\\\/\\\/nzjz-split.hr\\\/wordpress\"]}]}<\/script>\n<!-- \/ Yoast SEO plugin. -->","yoast_head_json":{"title":"NZJZ SD\u017d - Prva\u0161i\u0107i u klupama","description":"Slu\u017ebene internet stranice Nastavnog Zavoda za javno zdravstvo Splitsko-dalmatinske \u017eupanije.","robots":{"index":"index","follow":"follow","max-snippet":"max-snippet:-1","max-image-preview":"max-image-preview:large","max-video-preview":"max-video-preview:-1"},"canonical":"https:\/\/nzjz-split.hr\/en\/prvasici-u-klupama\/","og_locale":"en_GB","og_type":"article","og_title":"NZJZ SD\u017d - Prva\u0161i\u0107i u klupama","og_description":"Slu\u017ebene internet stranice Nastavnog Zavoda za javno zdravstvo Splitsko-dalmatinske \u017eupanije.","og_url":"https:\/\/nzjz-split.hr\/en\/prvasici-u-klupama\/","og_site_name":"NZJZ SD\u017d","article_publisher":"https:\/\/www.facebook.com\/NzjzSdz","article_published_time":"2018-09-07T07:40:33+00:00","article_modified_time":"2021-05-19T06:49:50+00:00","og_image":[{"width":900,"height":578,"url":"https:\/\/nzjz-split.hr\/wp-content\/uploads\/2021\/05\/prvi_dan_skole_2018.jpg","type":"image\/jpeg"}],"author":"ForgeBIT","twitter_card":"summary_large_image","twitter_misc":{"Written by":"ForgeBIT","Estimated reading time":"7 minutes"},"schema":{"@context":"https:\/\/schema.org","@graph":[{"@type":"Article","@id":"https:\/\/nzjz-split.hr\/prvasici-u-klupama\/#article","isPartOf":{"@id":"https:\/\/nzjz-split.hr\/prvasici-u-klupama\/"},"author":{"name":"ForgeBIT","@id":"https:\/\/nzjz-split.hr\/#\/schema\/person\/b4b9f14518058e855f0658fe0f6605eb"},"headline":"Prva\u0161i\u0107i u klupama","datePublished":"2018-09-07T07:40:33+00:00","dateModified":"2021-05-19T06:49:50+00:00","mainEntityOfPage":{"@id":"https:\/\/nzjz-split.hr\/prvasici-u-klupama\/"},"wordCount":1324,"commentCount":0,"publisher":{"@id":"https:\/\/nzjz-split.hr\/#organization"},"image":{"@id":"https:\/\/nzjz-split.hr\/prvasici-u-klupama\/#primaryimage"},"thumbnailUrl":"https:\/\/nzjz-split.hr\/wp-content\/uploads\/2021\/05\/prvi_dan_skole_2018.jpg","articleSection":["Slu\u017eba za mentalno zdravlje"],"inLanguage":"en-GB","potentialAction":[{"@type":"CommentAction","name":"Comment","target":["https:\/\/nzjz-split.hr\/prvasici-u-klupama\/#respond"]}]},{"@type":"WebPage","@id":"https:\/\/nzjz-split.hr\/prvasici-u-klupama\/","url":"https:\/\/nzjz-split.hr\/prvasici-u-klupama\/","name":"NZJZ SD\u017d - Prva\u0161i\u0107i u klupama","isPartOf":{"@id":"https:\/\/nzjz-split.hr\/#website"},"primaryImageOfPage":{"@id":"https:\/\/nzjz-split.hr\/prvasici-u-klupama\/#primaryimage"},"image":{"@id":"https:\/\/nzjz-split.hr\/prvasici-u-klupama\/#primaryimage"},"thumbnailUrl":"https:\/\/nzjz-split.hr\/wp-content\/uploads\/2021\/05\/prvi_dan_skole_2018.jpg","datePublished":"2018-09-07T07:40:33+00:00","dateModified":"2021-05-19T06:49:50+00:00","description":"Slu\u017ebene internet stranice Nastavnog Zavoda za javno zdravstvo Splitsko-dalmatinske \u017eupanije.","breadcrumb":{"@id":"https:\/\/nzjz-split.hr\/prvasici-u-klupama\/#breadcrumb"},"inLanguage":"en-GB","potentialAction":[{"@type":"ReadAction","target":["https:\/\/nzjz-split.hr\/prvasici-u-klupama\/"]}]},{"@type":"ImageObject","inLanguage":"en-GB","@id":"https:\/\/nzjz-split.hr\/prvasici-u-klupama\/#primaryimage","url":"https:\/\/nzjz-split.hr\/wp-content\/uploads\/2021\/05\/prvi_dan_skole_2018.jpg","contentUrl":"https:\/\/nzjz-split.hr\/wp-content\/uploads\/2021\/05\/prvi_dan_skole_2018.jpg","width":900,"height":578,"caption":"Prvi dan \u0161kole"},{"@type":"BreadcrumbList","@id":"https:\/\/nzjz-split.hr\/prvasici-u-klupama\/#breadcrumb","itemListElement":[{"@type":"ListItem","position":1,"name":"Naslovnica","item":"https:\/\/nzjz-split.hr\/"},{"@type":"ListItem","position":2,"name":"Prva\u0161i\u0107i u klupama"}]},{"@type":"WebSite","@id":"https:\/\/nzjz-split.hr\/#website","url":"https:\/\/nzjz-split.hr\/","name":"NZJZ SD\u017d","description":"Teaching Institute for Public Health, Split - Dalmatia County","publisher":{"@id":"https:\/\/nzjz-split.hr\/#organization"},"potentialAction":[{"@type":"SearchAction","target":{"@type":"EntryPoint","urlTemplate":"https:\/\/nzjz-split.hr\/?s={search_term_string}"},"query-input":{"@type":"PropertyValueSpecification","valueRequired":true,"valueName":"search_term_string"}}],"inLanguage":"en-GB"},{"@type":"Organization","@id":"https:\/\/nzjz-split.hr\/#organization","name":"Teaching Institute for Public Health, Split - Dalmatia County","url":"https:\/\/nzjz-split.hr\/","logo":{"@type":"ImageObject","inLanguage":"en-GB","@id":"https:\/\/nzjz-split.hr\/#\/schema\/logo\/image\/","url":"https:\/\/nzjz-split.hr\/wp-content\/uploads\/2021\/05\/nzjz-sdz-favicon-bg.png","contentUrl":"https:\/\/nzjz-split.hr\/wp-content\/uploads\/2021\/05\/nzjz-sdz-favicon-bg.png","width":220,"height":220,"caption":"Nastavni zavod za javno zdravstvo Splitsko - dalmatinske \u017eupanije"},"image":{"@id":"https:\/\/nzjz-split.hr\/#\/schema\/logo\/image\/"},"sameAs":["https:\/\/www.facebook.com\/NzjzSdz"]},{"@type":"Person","@id":"https:\/\/nzjz-split.hr\/#\/schema\/person\/b4b9f14518058e855f0658fe0f6605eb","name":"ForgeBIT","image":{"@type":"ImageObject","inLanguage":"en-GB","@id":"https:\/\/nzjz-split.hr\/wp-content\/litespeed\/avatar\/807534c1949a29c271544ad2598d14d6.jpg?ver=1777486818","url":"https:\/\/nzjz-split.hr\/wp-content\/litespeed\/avatar\/807534c1949a29c271544ad2598d14d6.jpg?ver=1777486818","contentUrl":"https:\/\/nzjz-split.hr\/wp-content\/litespeed\/avatar\/807534c1949a29c271544ad2598d14d6.jpg?ver=1777486818","caption":"ForgeBIT"},"sameAs":["https:\/\/nzjz-split.hr\/wordpress"]}]}},"_links":{"self":[{"href":"https:\/\/nzjz-split.hr\/en\/wp-json\/wp\/v2\/posts\/1520","targetHints":{"allow":["GET"]}}],"collection":[{"href":"https:\/\/nzjz-split.hr\/en\/wp-json\/wp\/v2\/posts"}],"about":[{"href":"https:\/\/nzjz-split.hr\/en\/wp-json\/wp\/v2\/types\/post"}],"author":[{"embeddable":true,"href":"https:\/\/nzjz-split.hr\/en\/wp-json\/wp\/v2\/users\/1"}],"replies":[{"embeddable":true,"href":"https:\/\/nzjz-split.hr\/en\/wp-json\/wp\/v2\/comments?post=1520"}],"version-history":[{"count":0,"href":"https:\/\/nzjz-split.hr\/en\/wp-json\/wp\/v2\/posts\/1520\/revisions"}],"wp:featuredmedia":[{"embeddable":true,"href":"https:\/\/nzjz-split.hr\/en\/wp-json\/wp\/v2\/media\/4397"}],"wp:attachment":[{"href":"https:\/\/nzjz-split.hr\/en\/wp-json\/wp\/v2\/media?parent=1520"}],"wp:term":[{"taxonomy":"category","embeddable":true,"href":"https:\/\/nzjz-split.hr\/en\/wp-json\/wp\/v2\/categories?post=1520"},{"taxonomy":"post_tag","embeddable":true,"href":"https:\/\/nzjz-split.hr\/en\/wp-json\/wp\/v2\/tags?post=1520"}],"curies":[{"name":"wp","href":"https:\/\/api.w.org\/{rel}","templated":true}]}}