{"id":1613,"date":"2018-10-23T07:42:57","date_gmt":"2018-10-23T07:42:57","guid":{"rendered":"https:\/\/nzjz.wpengine.com\/2018\/10\/23\/jz-mozdani-2018\/"},"modified":"2018-10-23T07:42:57","modified_gmt":"2018-10-23T07:42:57","slug":"jz-mozdani-2018","status":"publish","type":"post","link":"https:\/\/nzjz-split.hr\/en\/jz-mozdani-2018\/","title":{"rendered":"Svjetski dan mo\u017edanog udara 2018."},"content":{"rendered":"<p style=\"text-align: justify;\">Svake godine 29. listopada diljem svijeta obilje\u017eava se dan kojim se \u0161iri svijest o mo\u017edanom udaru. Ove godine Svjetska organizacija za mo\u017edani udar (World Stroke Organization) odabrala je slogan kojim se naglasak stavlja na \u017eivot nakon mo\u017edanog udara, koriste\u0107i na dru\u0161tvenim mre\u017eama <span style=\"color: #ff0000;\"><em>hashtag<\/em> <strong>#OporavimoSeNakonMo\u017edanogUdara<\/strong><\/span>. Slogan kampanje odnosi se na potporu, a u fokusu je osvje\u0161tavanje klju\u010dnih problema i potreba osoba koje su pre\u017eivjele mo\u017edani udar, kao i njihovih njegovatelja i skrbnika, kako bi se postigla najbolja mogu\u0107a kvaliteta \u017eivota.<\/p>\n<p>  <!--more-->  <\/p>\n<p style=\"text-align: justify;\">U svijetu danas \u017eivi pribli\u017eno 80 milijuna ljudi koji su do\u017eivjeli mo\u017edani udar, od kojih vi\u0161e od 50 milijuna \u017eivi s nekim oblikom trajne onesposobljenosti kao posljedicom mo\u017edanog udara. Za mnoge od njih \u017eivot nije u potpunosti isti kao prije, ali uz pravilnu njegu i podr\u0161ku mogu\u0107e je ostvariti ispunjen \u017eivot. Svakodnevno nam primjeri milijuna osoba koje su pre\u017eivjele mo\u017edani udar pokazuju kako je ipak mogu\u0107e ostvariti oporavak.<\/p>\n<p style=\"text-align: justify;\">Svake godine <strong>29. listopada<\/strong> diljem svijeta obilje\u017eava se dan kojim se \u0161iri svijest o mo\u017edanom udaru. Ove godine Svjetska organizacija za mo\u017edani udar (World Stroke Organization) odabrala je slogan kojim se naglasak stavlja na \u017eivot nakon mo\u017edanog udara, koriste\u0107i na dru\u0161tvenim mre\u017eama<span style=\"color: #ff0000;\"><em> hashtag<\/em> <strong>#OporavimoSeNakonMo\u017edanogUdara<\/strong><\/span>. Slogan kampanje odnosi se na potporu, a u fokusu je osvje\u0161tavanje klju\u010dnih problema i potreba osoba koje su pre\u017eivjele mo\u017edani udar, kao i njihovih njegovatelja i skrbnika, kako bi se postigla najbolja mogu\u0107a kvaliteta \u017eivota.<\/p>\n<p style=\"text-align: justify;\">Tijekom brojnih konzultacija s osobama koje su pre\u017eivjele mo\u017edani udar, kao i njihovim njegovateljima, u Svjetskoj organizaciji za mo\u017edani udar te kroz brojne \u010dlanice organizacije raspravljalo se o bitnim stavkama u odnosu na lije\u010denje i oporavak od mo\u017edanog udara.<\/p>\n<p style=\"text-align: justify;\">Klju\u010dni aspekti oporavka, potvr\u0111eni kroz mnogobrojne radionice s pre\u017eivjelima od mo\u017edanog udara tijekom nedavnih kampanji, odnose se na podr\u0161ku kao najva\u017eniji \u010dimbenik u cijelom procesu:<br \/><strong>&#8211; Biti ispunjen nadom u najbolji mogu\u0107i oporavak u ovom trenutku, kao i u budu\u0107nosti.<\/strong><br \/><strong>&#8211; Primiti psiholo\u0161ku i emocionalnu podr\u0161ku u skladu s individualnim potrebama.<\/strong><br \/><strong>&#8211; Biti uklju\u010den u sva podru\u010dja dru\u0161tva bez obzira na mogu\u0107u onesposobljenost.<\/strong><br \/><strong>&#8211; Primati podr\u0161ku (financijsku ili neku drugu) kako bi se omogu\u0107ilo dugoro\u010dno zbrinjavanje oboljele osobe.<\/strong><br \/><strong>&#8211; Podr\u017eati povratak oboljele osobe na posao i\/ili na ostale aktivnosti kojima se \u017eeli posvetiti nakon mo\u017edanog udara.<\/strong><br \/><strong>&#8211; Dobiti pristup formalnim i neformalnim odvjetni\u010dkim uslugama koje oboljelima omogu\u0107uju dostupnost potrebnih usluga.<\/strong><br \/><strong>&#8211; Povezati se s drugim osobama koje su pre\u017eivjele mo\u017edani udar i njihovim njegovateljima \u0161to poma\u017ee oboljelima u pru\u017eanju i dobivanju podr\u0161ke tijekom oporavka od mo\u017edanog udara.<\/strong><\/p>\n<p style=\"text-align: right;\"><strong>Katja Mate\u0161an, prof.<\/strong><br \/><strong>Public Health and Health Promotion Service<\/strong><\/p>\n<p style=\"text-align: left;\">Literatura:<br \/>1.\u00a0\u00a0 \u00a0https:\/\/www.safestroke.eu\/world-stroke-day-2018\/ <br \/>\u00a0HYPERLINK &#8220;https:\/\/www.worldstrokecampaign.org\/get-involved\/world-stroke-<\/p>\n<p style=\"text-align: left;\"><img fetchpriority=\"high\" decoding=\"async\" class=\"size-full wp-image-1603\" src=\"https:\/\/nzjz-split.hr\/wp-content\/uploads\/2018\/10\/DanMozdanogUdara2018.png\" alt=\"\" width=\"880\" height=\"1318\" srcset=\"https:\/\/nzjz-split.hr\/wp-content\/uploads\/2018\/10\/DanMozdanogUdara2018.png 880w, https:\/\/nzjz-split.hr\/wp-content\/uploads\/2018\/10\/DanMozdanogUdara2018-600x899.png 600w\" sizes=\"(max-width: 880px) 100vw, 880px\" \/><\/p>","protected":false},"excerpt":{"rendered":"<p>Svake godine 29. listopada diljem svijeta obilje\u017eava se dan kojim se \u0161iri svijest o mo\u017edanom udaru. Ove godine Svjetska organizacija za mo\u017edani udar (World Stroke Organization) odabrala je slogan kojim se naglasak stavlja na \u017eivot nakon mo\u017edanog udara, koriste\u0107i na dru\u0161tvenim mre\u017eama hashtag #OporavimoSeNakonMo\u017edanogUdara. Slogan kampanje odnosi se na potporu, a u fokusu je osvje\u0161tavanje [&hellip;]<\/p>\n","protected":false},"author":1,"featured_media":1603,"comment_status":"open","ping_status":"open","sticky":false,"template":"","format":"standard","meta":{"inline_featured_image":false,"footnotes":""},"categories":[16],"tags":[],"class_list":["post-1613","post","type-post","status-publish","format-standard","has-post-thumbnail","hentry","category-nekategorizirano"],"yoast_head":"<!-- This site is optimized with the Yoast SEO plugin v27.3 - https:\/\/yoast.com\/product\/yoast-seo-wordpress\/ -->\n<title>NZJZ SD\u017d - Svjetski dan mo\u017edanog udara 2018.<\/title>\n<meta name=\"description\" content=\"Slu\u017ebene internet stranice Nastavnog Zavoda za javno zdravstvo Splitsko-dalmatinske \u017eupanije.\" \/>\n<meta name=\"robots\" content=\"index, follow, max-snippet:-1, max-image-preview:large, max-video-preview:-1\" \/>\n<link rel=\"canonical\" href=\"https:\/\/nzjz-split.hr\/en\/jz-mozdani-2018\/\" \/>\n<meta property=\"og:locale\" content=\"en_GB\" \/>\n<meta property=\"og:type\" content=\"article\" \/>\n<meta property=\"og:title\" content=\"NZJZ SD\u017d - Svjetski dan mo\u017edanog udara 2018.\" \/>\n<meta property=\"og:description\" content=\"Slu\u017ebene internet stranice Nastavnog Zavoda za javno zdravstvo Splitsko-dalmatinske \u017eupanije.\" \/>\n<meta property=\"og:url\" content=\"https:\/\/nzjz-split.hr\/en\/jz-mozdani-2018\/\" \/>\n<meta property=\"og:site_name\" content=\"NZJZ SD\u017d\" \/>\n<meta property=\"article:publisher\" content=\"https:\/\/www.facebook.com\/NzjzSdz\" \/>\n<meta property=\"article:published_time\" content=\"2018-10-23T07:42:57+00:00\" \/>\n<meta property=\"og:image\" content=\"https:\/\/nzjz-split.hr\/wp-content\/uploads\/2018\/10\/DanMozdanogUdara2018.png\" \/>\n\t<meta property=\"og:image:width\" content=\"880\" \/>\n\t<meta property=\"og:image:height\" content=\"1318\" \/>\n\t<meta property=\"og:image:type\" content=\"image\/png\" \/>\n<meta name=\"author\" content=\"ForgeBIT\" \/>\n<meta name=\"twitter:card\" content=\"summary_large_image\" \/>\n<meta name=\"twitter:label1\" content=\"Written by\" \/>\n\t<meta name=\"twitter:data1\" content=\"ForgeBIT\" \/>\n\t<meta name=\"twitter:label2\" content=\"Estimated reading time\" \/>\n\t<meta name=\"twitter:data2\" content=\"2 minutes\" \/>\n<script type=\"application\/ld+json\" class=\"yoast-schema-graph\">{\"@context\":\"https:\\\/\\\/schema.org\",\"@graph\":[{\"@type\":\"Article\",\"@id\":\"https:\\\/\\\/nzjz-split.hr\\\/jz-mozdani-2018\\\/#article\",\"isPartOf\":{\"@id\":\"https:\\\/\\\/nzjz-split.hr\\\/jz-mozdani-2018\\\/\"},\"author\":{\"name\":\"ForgeBIT\",\"@id\":\"https:\\\/\\\/nzjz-split.hr\\\/#\\\/schema\\\/person\\\/b4b9f14518058e855f0658fe0f6605eb\"},\"headline\":\"Svjetski dan mo\u017edanog udara 2018.\",\"datePublished\":\"2018-10-23T07:42:57+00:00\",\"mainEntityOfPage\":{\"@id\":\"https:\\\/\\\/nzjz-split.hr\\\/jz-mozdani-2018\\\/\"},\"wordCount\":497,\"commentCount\":0,\"publisher\":{\"@id\":\"https:\\\/\\\/nzjz-split.hr\\\/#organization\"},\"image\":{\"@id\":\"https:\\\/\\\/nzjz-split.hr\\\/jz-mozdani-2018\\\/#primaryimage\"},\"thumbnailUrl\":\"https:\\\/\\\/nzjz-split.hr\\\/wp-content\\\/uploads\\\/2018\\\/10\\\/DanMozdanogUdara2018.png\",\"articleSection\":[\"Nekategorizirano\"],\"inLanguage\":\"en-GB\",\"potentialAction\":[{\"@type\":\"CommentAction\",\"name\":\"Comment\",\"target\":[\"https:\\\/\\\/nzjz-split.hr\\\/jz-mozdani-2018\\\/#respond\"]}]},{\"@type\":\"WebPage\",\"@id\":\"https:\\\/\\\/nzjz-split.hr\\\/jz-mozdani-2018\\\/\",\"url\":\"https:\\\/\\\/nzjz-split.hr\\\/jz-mozdani-2018\\\/\",\"name\":\"NZJZ SD\u017d - Svjetski dan mo\u017edanog udara 2018.\",\"isPartOf\":{\"@id\":\"https:\\\/\\\/nzjz-split.hr\\\/#website\"},\"primaryImageOfPage\":{\"@id\":\"https:\\\/\\\/nzjz-split.hr\\\/jz-mozdani-2018\\\/#primaryimage\"},\"image\":{\"@id\":\"https:\\\/\\\/nzjz-split.hr\\\/jz-mozdani-2018\\\/#primaryimage\"},\"thumbnailUrl\":\"https:\\\/\\\/nzjz-split.hr\\\/wp-content\\\/uploads\\\/2018\\\/10\\\/DanMozdanogUdara2018.png\",\"datePublished\":\"2018-10-23T07:42:57+00:00\",\"description\":\"Slu\u017ebene internet stranice Nastavnog Zavoda za javno zdravstvo Splitsko-dalmatinske \u017eupanije.\",\"breadcrumb\":{\"@id\":\"https:\\\/\\\/nzjz-split.hr\\\/jz-mozdani-2018\\\/#breadcrumb\"},\"inLanguage\":\"en-GB\",\"potentialAction\":[{\"@type\":\"ReadAction\",\"target\":[\"https:\\\/\\\/nzjz-split.hr\\\/jz-mozdani-2018\\\/\"]}]},{\"@type\":\"ImageObject\",\"inLanguage\":\"en-GB\",\"@id\":\"https:\\\/\\\/nzjz-split.hr\\\/jz-mozdani-2018\\\/#primaryimage\",\"url\":\"https:\\\/\\\/nzjz-split.hr\\\/wp-content\\\/uploads\\\/2018\\\/10\\\/DanMozdanogUdara2018.png\",\"contentUrl\":\"https:\\\/\\\/nzjz-split.hr\\\/wp-content\\\/uploads\\\/2018\\\/10\\\/DanMozdanogUdara2018.png\",\"width\":880,\"height\":1318,\"caption\":\"Plakat: Stroke tried to pull us down. Bu we got up again.\"},{\"@type\":\"BreadcrumbList\",\"@id\":\"https:\\\/\\\/nzjz-split.hr\\\/jz-mozdani-2018\\\/#breadcrumb\",\"itemListElement\":[{\"@type\":\"ListItem\",\"position\":1,\"name\":\"Naslovnica\",\"item\":\"https:\\\/\\\/nzjz-split.hr\\\/\"},{\"@type\":\"ListItem\",\"position\":2,\"name\":\"Svjetski dan mo\u017edanog udara 2018.\"}]},{\"@type\":\"WebSite\",\"@id\":\"https:\\\/\\\/nzjz-split.hr\\\/#website\",\"url\":\"https:\\\/\\\/nzjz-split.hr\\\/\",\"name\":\"NZJZ SD\u017d\",\"description\":\"Nastavni zavod za javno zdravstvo Splitsko - dalmatinske \u017eupanije\",\"publisher\":{\"@id\":\"https:\\\/\\\/nzjz-split.hr\\\/#organization\"},\"potentialAction\":[{\"@type\":\"SearchAction\",\"target\":{\"@type\":\"EntryPoint\",\"urlTemplate\":\"https:\\\/\\\/nzjz-split.hr\\\/?s={search_term_string}\"},\"query-input\":{\"@type\":\"PropertyValueSpecification\",\"valueRequired\":true,\"valueName\":\"search_term_string\"}}],\"inLanguage\":\"en-GB\"},{\"@type\":\"Organization\",\"@id\":\"https:\\\/\\\/nzjz-split.hr\\\/#organization\",\"name\":\"Nastavni zavod za javno zdravstvo Splitsko - dalmatinske \u017eupanije\",\"url\":\"https:\\\/\\\/nzjz-split.hr\\\/\",\"logo\":{\"@type\":\"ImageObject\",\"inLanguage\":\"en-GB\",\"@id\":\"https:\\\/\\\/nzjz-split.hr\\\/#\\\/schema\\\/logo\\\/image\\\/\",\"url\":\"https:\\\/\\\/nzjz-split.hr\\\/wp-content\\\/uploads\\\/2021\\\/05\\\/nzjz-sdz-favicon-bg.png\",\"contentUrl\":\"https:\\\/\\\/nzjz-split.hr\\\/wp-content\\\/uploads\\\/2021\\\/05\\\/nzjz-sdz-favicon-bg.png\",\"width\":220,\"height\":220,\"caption\":\"Nastavni zavod za javno zdravstvo Splitsko - dalmatinske \u017eupanije\"},\"image\":{\"@id\":\"https:\\\/\\\/nzjz-split.hr\\\/#\\\/schema\\\/logo\\\/image\\\/\"},\"sameAs\":[\"https:\\\/\\\/www.facebook.com\\\/NzjzSdz\"]},{\"@type\":\"Person\",\"@id\":\"https:\\\/\\\/nzjz-split.hr\\\/#\\\/schema\\\/person\\\/b4b9f14518058e855f0658fe0f6605eb\",\"name\":\"ForgeBIT\",\"image\":{\"@type\":\"ImageObject\",\"inLanguage\":\"en-GB\",\"@id\":\"https:\\\/\\\/nzjz-split.hr\\\/wp-content\\\/litespeed\\\/avatar\\\/807534c1949a29c271544ad2598d14d6.jpg?ver=1777486818\",\"url\":\"https:\\\/\\\/nzjz-split.hr\\\/wp-content\\\/litespeed\\\/avatar\\\/807534c1949a29c271544ad2598d14d6.jpg?ver=1777486818\",\"contentUrl\":\"https:\\\/\\\/nzjz-split.hr\\\/wp-content\\\/litespeed\\\/avatar\\\/807534c1949a29c271544ad2598d14d6.jpg?ver=1777486818\",\"caption\":\"ForgeBIT\"},\"sameAs\":[\"https:\\\/\\\/nzjz-split.hr\\\/wordpress\"]}]}<\/script>\n<!-- \/ Yoast SEO plugin. -->","yoast_head_json":{"title":"NZJZ SD\u017d - Svjetski dan mo\u017edanog udara 2018.","description":"Slu\u017ebene internet stranice Nastavnog Zavoda za javno zdravstvo Splitsko-dalmatinske \u017eupanije.","robots":{"index":"index","follow":"follow","max-snippet":"max-snippet:-1","max-image-preview":"max-image-preview:large","max-video-preview":"max-video-preview:-1"},"canonical":"https:\/\/nzjz-split.hr\/en\/jz-mozdani-2018\/","og_locale":"en_GB","og_type":"article","og_title":"NZJZ SD\u017d - Svjetski dan mo\u017edanog udara 2018.","og_description":"Slu\u017ebene internet stranice Nastavnog Zavoda za javno zdravstvo Splitsko-dalmatinske \u017eupanije.","og_url":"https:\/\/nzjz-split.hr\/en\/jz-mozdani-2018\/","og_site_name":"NZJZ SD\u017d","article_publisher":"https:\/\/www.facebook.com\/NzjzSdz","article_published_time":"2018-10-23T07:42:57+00:00","og_image":[{"width":880,"height":1318,"url":"https:\/\/nzjz-split.hr\/wp-content\/uploads\/2018\/10\/DanMozdanogUdara2018.png","type":"image\/png"}],"author":"ForgeBIT","twitter_card":"summary_large_image","twitter_misc":{"Written by":"ForgeBIT","Estimated reading time":"2 minutes"},"schema":{"@context":"https:\/\/schema.org","@graph":[{"@type":"Article","@id":"https:\/\/nzjz-split.hr\/jz-mozdani-2018\/#article","isPartOf":{"@id":"https:\/\/nzjz-split.hr\/jz-mozdani-2018\/"},"author":{"name":"ForgeBIT","@id":"https:\/\/nzjz-split.hr\/#\/schema\/person\/b4b9f14518058e855f0658fe0f6605eb"},"headline":"Svjetski dan mo\u017edanog udara 2018.","datePublished":"2018-10-23T07:42:57+00:00","mainEntityOfPage":{"@id":"https:\/\/nzjz-split.hr\/jz-mozdani-2018\/"},"wordCount":497,"commentCount":0,"publisher":{"@id":"https:\/\/nzjz-split.hr\/#organization"},"image":{"@id":"https:\/\/nzjz-split.hr\/jz-mozdani-2018\/#primaryimage"},"thumbnailUrl":"https:\/\/nzjz-split.hr\/wp-content\/uploads\/2018\/10\/DanMozdanogUdara2018.png","articleSection":["Nekategorizirano"],"inLanguage":"en-GB","potentialAction":[{"@type":"CommentAction","name":"Comment","target":["https:\/\/nzjz-split.hr\/jz-mozdani-2018\/#respond"]}]},{"@type":"WebPage","@id":"https:\/\/nzjz-split.hr\/jz-mozdani-2018\/","url":"https:\/\/nzjz-split.hr\/jz-mozdani-2018\/","name":"NZJZ SD\u017d - Svjetski dan mo\u017edanog udara 2018.","isPartOf":{"@id":"https:\/\/nzjz-split.hr\/#website"},"primaryImageOfPage":{"@id":"https:\/\/nzjz-split.hr\/jz-mozdani-2018\/#primaryimage"},"image":{"@id":"https:\/\/nzjz-split.hr\/jz-mozdani-2018\/#primaryimage"},"thumbnailUrl":"https:\/\/nzjz-split.hr\/wp-content\/uploads\/2018\/10\/DanMozdanogUdara2018.png","datePublished":"2018-10-23T07:42:57+00:00","description":"Slu\u017ebene internet stranice Nastavnog Zavoda za javno zdravstvo Splitsko-dalmatinske \u017eupanije.","breadcrumb":{"@id":"https:\/\/nzjz-split.hr\/jz-mozdani-2018\/#breadcrumb"},"inLanguage":"en-GB","potentialAction":[{"@type":"ReadAction","target":["https:\/\/nzjz-split.hr\/jz-mozdani-2018\/"]}]},{"@type":"ImageObject","inLanguage":"en-GB","@id":"https:\/\/nzjz-split.hr\/jz-mozdani-2018\/#primaryimage","url":"https:\/\/nzjz-split.hr\/wp-content\/uploads\/2018\/10\/DanMozdanogUdara2018.png","contentUrl":"https:\/\/nzjz-split.hr\/wp-content\/uploads\/2018\/10\/DanMozdanogUdara2018.png","width":880,"height":1318,"caption":"Plakat: Stroke tried to pull us down. Bu we got up again."},{"@type":"BreadcrumbList","@id":"https:\/\/nzjz-split.hr\/jz-mozdani-2018\/#breadcrumb","itemListElement":[{"@type":"ListItem","position":1,"name":"Naslovnica","item":"https:\/\/nzjz-split.hr\/"},{"@type":"ListItem","position":2,"name":"Svjetski dan mo\u017edanog udara 2018."}]},{"@type":"WebSite","@id":"https:\/\/nzjz-split.hr\/#website","url":"https:\/\/nzjz-split.hr\/","name":"NZJZ SD\u017d","description":"Teaching Institute for Public Health, Split - Dalmatia County","publisher":{"@id":"https:\/\/nzjz-split.hr\/#organization"},"potentialAction":[{"@type":"SearchAction","target":{"@type":"EntryPoint","urlTemplate":"https:\/\/nzjz-split.hr\/?s={search_term_string}"},"query-input":{"@type":"PropertyValueSpecification","valueRequired":true,"valueName":"search_term_string"}}],"inLanguage":"en-GB"},{"@type":"Organization","@id":"https:\/\/nzjz-split.hr\/#organization","name":"Teaching Institute for Public Health, Split - Dalmatia County","url":"https:\/\/nzjz-split.hr\/","logo":{"@type":"ImageObject","inLanguage":"en-GB","@id":"https:\/\/nzjz-split.hr\/#\/schema\/logo\/image\/","url":"https:\/\/nzjz-split.hr\/wp-content\/uploads\/2021\/05\/nzjz-sdz-favicon-bg.png","contentUrl":"https:\/\/nzjz-split.hr\/wp-content\/uploads\/2021\/05\/nzjz-sdz-favicon-bg.png","width":220,"height":220,"caption":"Nastavni zavod za javno zdravstvo Splitsko - dalmatinske \u017eupanije"},"image":{"@id":"https:\/\/nzjz-split.hr\/#\/schema\/logo\/image\/"},"sameAs":["https:\/\/www.facebook.com\/NzjzSdz"]},{"@type":"Person","@id":"https:\/\/nzjz-split.hr\/#\/schema\/person\/b4b9f14518058e855f0658fe0f6605eb","name":"ForgeBIT","image":{"@type":"ImageObject","inLanguage":"en-GB","@id":"https:\/\/nzjz-split.hr\/wp-content\/litespeed\/avatar\/807534c1949a29c271544ad2598d14d6.jpg?ver=1777486818","url":"https:\/\/nzjz-split.hr\/wp-content\/litespeed\/avatar\/807534c1949a29c271544ad2598d14d6.jpg?ver=1777486818","contentUrl":"https:\/\/nzjz-split.hr\/wp-content\/litespeed\/avatar\/807534c1949a29c271544ad2598d14d6.jpg?ver=1777486818","caption":"ForgeBIT"},"sameAs":["https:\/\/nzjz-split.hr\/wordpress"]}]}},"_links":{"self":[{"href":"https:\/\/nzjz-split.hr\/en\/wp-json\/wp\/v2\/posts\/1613","targetHints":{"allow":["GET"]}}],"collection":[{"href":"https:\/\/nzjz-split.hr\/en\/wp-json\/wp\/v2\/posts"}],"about":[{"href":"https:\/\/nzjz-split.hr\/en\/wp-json\/wp\/v2\/types\/post"}],"author":[{"embeddable":true,"href":"https:\/\/nzjz-split.hr\/en\/wp-json\/wp\/v2\/users\/1"}],"replies":[{"embeddable":true,"href":"https:\/\/nzjz-split.hr\/en\/wp-json\/wp\/v2\/comments?post=1613"}],"version-history":[{"count":0,"href":"https:\/\/nzjz-split.hr\/en\/wp-json\/wp\/v2\/posts\/1613\/revisions"}],"wp:featuredmedia":[{"embeddable":true,"href":"https:\/\/nzjz-split.hr\/en\/wp-json\/wp\/v2\/media\/1603"}],"wp:attachment":[{"href":"https:\/\/nzjz-split.hr\/en\/wp-json\/wp\/v2\/media?parent=1613"}],"wp:term":[{"taxonomy":"category","embeddable":true,"href":"https:\/\/nzjz-split.hr\/en\/wp-json\/wp\/v2\/categories?post=1613"},{"taxonomy":"post_tag","embeddable":true,"href":"https:\/\/nzjz-split.hr\/en\/wp-json\/wp\/v2\/tags?post=1613"}],"curies":[{"name":"wp","href":"https:\/\/api.w.org\/{rel}","templated":true}]}}