{"id":1702,"date":"2019-01-21T11:44:10","date_gmt":"2019-01-21T11:44:10","guid":{"rendered":"https:\/\/nzjz.wpengine.com\/2019\/01\/21\/nesto-malo-o-sreci-u-najdepresivnijem-mjesecu-u-godini\/"},"modified":"2021-05-19T06:47:49","modified_gmt":"2021-05-19T06:47:49","slug":"nesto-malo-o-sreci-u-najdepresivnijem-mjesecu-u-godini","status":"publish","type":"post","link":"https:\/\/nzjz-split.hr\/en\/nesto-malo-o-sreci-u-najdepresivnijem-mjesecu-u-godini\/","title":{"rendered":"Ne\u0161to malo o sre\u0107i u najdepresivnijem mjesecu u godini"},"content":{"rendered":"<p style=\"text-align: justify;\">Pro\u0161la je godina dana od ovog \u010dlanka, koji je tako rado \u010ditan jer sre\u0107a svih intrigira. Opet je sije\u010danj, relativno hladno, grad depresivno pust, svi u\u0161u\u0161kani u tople kapute i svoje brige, nekako zami\u0161ljeni, bez poleta i radosti. Nakon slavlja i ulaska u novu godinu kao da su nestala silna i \u010desto nerealna o\u010dekivanja zajedno s naki\u0107enim borovima, gradom, poklonima&#8230; <br \/>\u0160to se od lani promijenilo u svezi sre\u0107e? Ama ba\u0161 Ni\u0161ta. Osje\u0107aj sre\u0107e je prolazan, takva je ljudska proroda, ali je toliko lijep da za njim te\u017eimo, oduvijek i stalno. O sre\u0107i bi se dalo pisati i pisati ali \u201e izgubili bi se u prijevodu\u201c&#8230;.<br \/>Istinska sre\u0107a i svrha postojanja nije daleko od nas. Tu je. Ona se nalazi u nama samima i \u0161to to prije shvatimo i prihvatimo prije \u0107emo se po\u010deti\u00a0 razvijati i rasti u\u00a0 punom smislu te rije\u010di.<\/p>\n<p>  <!--more-->  <\/p>\n<p style=\"text-align: justify;\">Mjesec sije\u010danj \u010desto nazivaju najdepresivnijim mjesecom u godini. <br \/>Blagdani su iza nas, hladno je, dani su kratki, mjesec se \u010dini beskrajno dug, u nov\u010danim smo problemima zbog prekomjerne potro\u0161nje za blagdane, prekr\u0161ili smo ve\u0107inu novogodi\u0161njih obe\u0107anja\u2026. <br \/>Sve je to pomalo razlog da se mjesec sije\u010danj \u010dini najdepresivnijim u godini. <br \/>Ali naravno da ne mora biti tako. <br \/>Zato ne\u0107emo o depresiji, idemo malo o sre\u0107i.<\/p>\n<p>\u0160to to, u stvari, zna\u010di biti sretan? Koliko puta ste se pitali jeste li sretni? U kolikoj mjeri? Ne zadovoljni nego &#8230;..s osje\u0107ajem koji izmi\u010de definiciji &#8230;da ste uistinu sretan \u010dovjek. \u017divite li \u017eivot koji je ugodan, dobar ili smislen? Za razliku od osje\u0107aja sre\u0107e, koji je prolazno stanje, vo\u0111enje sretnog\u00a0 \u017eivota zna\u010di individualni rast kroz pronala\u017eenje smisla.<br \/>Sasvim je jasno da svi mi te\u017eimo \u017eivotu sa smislom i svrhom. A smisao je ne\u0161to daleko ve\u0107e od samog osje\u0107aja\u00a0 sre\u0107e ili\u00a0 nesre\u0107e. <\/p>\n<p>Ne osje\u0107ate se sretni? <br \/>Biti sretan\u00a0 cijelo vrijeme je nerealno\u00a0 i gotovo neostvarivo,\u00a0 ali\u00a0 te\u017eiti\u00a0 sretnom\u00a0 \u017eivotom\u00a0 druga je stvar.<br \/>\u010covjek je zapravo nemirno i svestrano bi\u0107e koje se te\u0161ko miri s onim \u0161to jest, tako da uvijek te\u017ei ne\u010demu drugome. <br \/>Istra\u017eivanja se pokazala da na\u010din na koji reagiramo na okolnosti iz svoga \u017eivota ima vi\u0161e utjecaja na na\u0161u sre\u0107u nego sami doga\u0111aji. Sretan \u017eivot nije izbjegavanje te\u0161kih situacija, nego na\u0161a mogu\u0107nost da na \u017eivotne te\u0161ko\u0107e adekvatno\u00a0 odgovorimo i prihvatimo ih kao i da iz njih\u00a0 &#8220;rastemo&#8221; i ne\u0161to nau\u010dimo.<\/p>\n<p>Pravog recepta za sre\u0107u\u00a0 zapravo nema. <\/p>\n<p>Prava sre\u0107a, ba\u0161 kao i dobro zdravlje ovisi o \u010ditavom nizu faktora. Kad smo bolesni mislimo da je sre\u0107a u zdravlju, kad nam nedostaje novaca mislimo da je sre\u0107a u bogatstvu. Ali ako imamo dovoljno novca znamo da to ne mora nu\u017eno\u00a0 utjecati i\u00a0 na na\u0161u sre\u0107u i osje\u0107aj sre\u0107e . Tko nije zadovoljan onim \u0161to ve\u0107 ima, taj ne\u0107e biti sretan ni sa ostvarenjem onog o \u010demu sanja.<\/p>\n<p>Mogli bi re\u0107i da su dvije stvari kojima te\u017eimo u \u017eivotu. Prva je da dobijemo ono \u0161to \u017eelimo, a druga da u tome i u\u017eivamo. <br \/>Ali rijetki uspijevaju ovo drugo. <\/p>\n<p>Danas je i dru\u0161tveni pritisak na ljude da budu stalno pozitivni i sretni i da se me\u0111usobno uspore\u0111uju koliko su sretni. \u010cak je i psihologija pre\u0161la iz prou\u010davanja depresije u prou\u010davanje sre\u0107e.<br \/>Danas \u017eivimo hekti\u010dno, stalno smo u stresu, a emocionalne je komunukacije sve manje. Moderno dru\u0161tvo je preplavljeno knjigama i te\u010dajevima za samopomo\u0107 u skladu s brzim rje\u0161enjima za sve. Tako se tuga, ljubavni jadi, nezadovoljstvo i gubitak pretvaraju u patolo\u0161ke poreme\u0107aje, a zaboravlja se da su to sve normalni ljudski osje\u0107aji. <\/p>\n<p>Ni negativni osje\u0107aji, koji nas ponekad obuzmu, nisu tako lo\u0161i, jer nas podsje\u0107aju da postavljamo pitanja, premi\u0161ljamo se oko ve\u0107 oblikovanih mi\u0161ljenja i prihvatimo nove ciljeve. Nije normalno, ni zdravo, stalno biti, ili se praviti, sretan. Suprotno je na\u0161oj biolo\u0161koj i neurolo\u0161koj konstrukciji. <\/p>\n<p>Za razliku od osje\u0107aja sre\u0107e, koji je prolazno stanje, vo\u0111enje sretnijeg \u017eivota zna\u010di individualni rast kroz pronala\u017eenje smisla.<br \/>Svi smo razli\u010diti. Ono \u0161to nekog \u010dini sretnim nekom drugom mo\u017eda uop\u0107e ne pri\u010dinjava radost.<br \/>\u010covjek se godinama mijenja pa mu ono \u0161to ga je nekad radovalo kasnije mo\u017eda ni\u0161ta ne zna\u010di. <br \/>Me\u0111utim, brojna istra\u017eivanja upu\u0107uju na zaklju\u010dak da ipak postoje neki op\u0107i \u010dimbenici koji doprinose sretnijem osje\u0107aju\u00a0 \u017eivota. <br \/>\u010cuvati se zavisti, voliti svoje bli\u017enje, razviti pozitivan stav prema \u017eivotu, izi\u0107i iz svojih okvira, uzdignuti se iz svojih uvjerenja, tragati za smislom i potencijalom, prihvatitti odgovornost za sebe i svoj \u017eivot, \u010diniti dobra djela, pozitivno razmi\u0161ljati, slu\u0161ati svoje srce, zavoljeti sami sebe i \u017eivjeti svoju \u017eivotnu strast i svrhu. Sve to mo\u017ee doprinijeti osje\u0107aju sre\u0107e. <br \/>\u017divot je jedno veliko u\u010denje,\u00a0 i ne, ne postoje pogre\u0161ke, samo lekcije iz kojih u\u010dimo i rastemo i postajemo bolje i ispunjenije osobe.<\/p>\n<p>Sre\u0107a je u malim stvarima i\u00a0 dolazi iz nas samih i iz na\u0161e nutrine.<br \/>Na\u017ealost, vrlo \u010desto upravo te male stvari nam nedostaju ili ih nismo svjesni .<\/p>\n<p style=\"text-align: right;\"><strong>Lidija Kova\u010di\u0107,prof.<\/strong><\/p>\n<p style=\"text-align: right;\"><strong>Public Health and Health Promotion Service<\/strong><\/p>","protected":false},"excerpt":{"rendered":"<p>Pro\u0161la je godina dana od ovog \u010dlanka, koji je tako rado \u010ditan jer sre\u0107a svih intrigira. Opet je sije\u010danj, relativno hladno, grad depresivno pust, svi u\u0161u\u0161kani u tople kapute i svoje brige, nekako zami\u0161ljeni, bez poleta i radosti. Nakon slavlja i ulaska u novu godinu kao da su nestala silna i \u010desto nerealna o\u010dekivanja zajedno [&hellip;]<\/p>\n","protected":false},"author":1,"featured_media":4269,"comment_status":"open","ping_status":"open","sticky":false,"template":"","format":"standard","meta":{"inline_featured_image":false,"footnotes":""},"categories":[16],"tags":[],"class_list":["post-1702","post","type-post","status-publish","format-standard","has-post-thumbnail","hentry","category-nekategorizirano"],"yoast_head":"<!-- This site is optimized with the Yoast SEO plugin v27.3 - https:\/\/yoast.com\/product\/yoast-seo-wordpress\/ -->\n<title>NZJZ SD\u017d - Ne\u0161to malo o sre\u0107i u najdepresivnijem mjesecu u godini<\/title>\n<meta name=\"description\" content=\"Slu\u017ebene internet stranice Nastavnog Zavoda za javno zdravstvo Splitsko-dalmatinske \u017eupanije.\" \/>\n<meta name=\"robots\" content=\"index, follow, max-snippet:-1, max-image-preview:large, max-video-preview:-1\" \/>\n<link rel=\"canonical\" href=\"https:\/\/nzjz-split.hr\/en\/nesto-malo-o-sreci-u-najdepresivnijem-mjesecu-u-godini\/\" \/>\n<meta property=\"og:locale\" content=\"en_GB\" \/>\n<meta property=\"og:type\" content=\"article\" \/>\n<meta property=\"og:title\" content=\"NZJZ SD\u017d - Ne\u0161to malo o sre\u0107i u najdepresivnijem mjesecu u godini\" \/>\n<meta property=\"og:description\" content=\"Slu\u017ebene internet stranice Nastavnog Zavoda za javno zdravstvo Splitsko-dalmatinske \u017eupanije.\" \/>\n<meta property=\"og:url\" content=\"https:\/\/nzjz-split.hr\/en\/nesto-malo-o-sreci-u-najdepresivnijem-mjesecu-u-godini\/\" \/>\n<meta property=\"og:site_name\" content=\"NZJZ SD\u017d\" \/>\n<meta property=\"article:publisher\" content=\"https:\/\/www.facebook.com\/NzjzSdz\" \/>\n<meta property=\"article:published_time\" content=\"2019-01-21T11:44:10+00:00\" \/>\n<meta property=\"article:modified_time\" content=\"2021-05-19T06:47:49+00:00\" \/>\n<meta property=\"og:image\" content=\"https:\/\/nzjz-split.hr\/wp-content\/uploads\/2021\/05\/sijecanj_2019.jpg\" \/>\n\t<meta property=\"og:image:width\" content=\"1000\" \/>\n\t<meta property=\"og:image:height\" content=\"563\" \/>\n\t<meta property=\"og:image:type\" content=\"image\/jpeg\" \/>\n<meta name=\"author\" content=\"ForgeBIT\" \/>\n<meta name=\"twitter:card\" content=\"summary_large_image\" \/>\n<meta name=\"twitter:label1\" content=\"Written by\" \/>\n\t<meta name=\"twitter:data1\" content=\"ForgeBIT\" \/>\n\t<meta name=\"twitter:label2\" content=\"Estimated reading time\" \/>\n\t<meta name=\"twitter:data2\" content=\"5 minutes\" \/>\n<script type=\"application\/ld+json\" class=\"yoast-schema-graph\">{\"@context\":\"https:\\\/\\\/schema.org\",\"@graph\":[{\"@type\":\"Article\",\"@id\":\"https:\\\/\\\/nzjz-split.hr\\\/en\\\/nesto-malo-o-sreci-u-najdepresivnijem-mjesecu-u-godini\\\/#article\",\"isPartOf\":{\"@id\":\"https:\\\/\\\/nzjz-split.hr\\\/en\\\/nesto-malo-o-sreci-u-najdepresivnijem-mjesecu-u-godini\\\/\"},\"author\":{\"name\":\"ForgeBIT\",\"@id\":\"https:\\\/\\\/nzjz-split.hr\\\/#\\\/schema\\\/person\\\/b4b9f14518058e855f0658fe0f6605eb\"},\"headline\":\"Ne\u0161to malo o sre\u0107i u najdepresivnijem mjesecu u godini\",\"datePublished\":\"2019-01-21T11:44:10+00:00\",\"dateModified\":\"2021-05-19T06:47:49+00:00\",\"mainEntityOfPage\":{\"@id\":\"https:\\\/\\\/nzjz-split.hr\\\/en\\\/nesto-malo-o-sreci-u-najdepresivnijem-mjesecu-u-godini\\\/\"},\"wordCount\":928,\"commentCount\":0,\"publisher\":{\"@id\":\"https:\\\/\\\/nzjz-split.hr\\\/#organization\"},\"image\":{\"@id\":\"https:\\\/\\\/nzjz-split.hr\\\/en\\\/nesto-malo-o-sreci-u-najdepresivnijem-mjesecu-u-godini\\\/#primaryimage\"},\"thumbnailUrl\":\"https:\\\/\\\/nzjz-split.hr\\\/wp-content\\\/uploads\\\/2021\\\/05\\\/sijecanj_2019.jpg\",\"articleSection\":[\"Nekategorizirano\"],\"inLanguage\":\"en-GB\",\"potentialAction\":[{\"@type\":\"CommentAction\",\"name\":\"Comment\",\"target\":[\"https:\\\/\\\/nzjz-split.hr\\\/en\\\/nesto-malo-o-sreci-u-najdepresivnijem-mjesecu-u-godini\\\/#respond\"]}]},{\"@type\":\"WebPage\",\"@id\":\"https:\\\/\\\/nzjz-split.hr\\\/en\\\/nesto-malo-o-sreci-u-najdepresivnijem-mjesecu-u-godini\\\/\",\"url\":\"https:\\\/\\\/nzjz-split.hr\\\/en\\\/nesto-malo-o-sreci-u-najdepresivnijem-mjesecu-u-godini\\\/\",\"name\":\"NZJZ SD\u017d - Ne\u0161to malo o sre\u0107i u najdepresivnijem mjesecu u godini\",\"isPartOf\":{\"@id\":\"https:\\\/\\\/nzjz-split.hr\\\/#website\"},\"primaryImageOfPage\":{\"@id\":\"https:\\\/\\\/nzjz-split.hr\\\/en\\\/nesto-malo-o-sreci-u-najdepresivnijem-mjesecu-u-godini\\\/#primaryimage\"},\"image\":{\"@id\":\"https:\\\/\\\/nzjz-split.hr\\\/en\\\/nesto-malo-o-sreci-u-najdepresivnijem-mjesecu-u-godini\\\/#primaryimage\"},\"thumbnailUrl\":\"https:\\\/\\\/nzjz-split.hr\\\/wp-content\\\/uploads\\\/2021\\\/05\\\/sijecanj_2019.jpg\",\"datePublished\":\"2019-01-21T11:44:10+00:00\",\"dateModified\":\"2021-05-19T06:47:49+00:00\",\"description\":\"Slu\u017ebene internet stranice Nastavnog Zavoda za javno zdravstvo Splitsko-dalmatinske \u017eupanije.\",\"breadcrumb\":{\"@id\":\"https:\\\/\\\/nzjz-split.hr\\\/en\\\/nesto-malo-o-sreci-u-najdepresivnijem-mjesecu-u-godini\\\/#breadcrumb\"},\"inLanguage\":\"en-GB\",\"potentialAction\":[{\"@type\":\"ReadAction\",\"target\":[\"https:\\\/\\\/nzjz-split.hr\\\/en\\\/nesto-malo-o-sreci-u-najdepresivnijem-mjesecu-u-godini\\\/\"]}]},{\"@type\":\"ImageObject\",\"inLanguage\":\"en-GB\",\"@id\":\"https:\\\/\\\/nzjz-split.hr\\\/en\\\/nesto-malo-o-sreci-u-najdepresivnijem-mjesecu-u-godini\\\/#primaryimage\",\"url\":\"https:\\\/\\\/nzjz-split.hr\\\/wp-content\\\/uploads\\\/2021\\\/05\\\/sijecanj_2019.jpg\",\"contentUrl\":\"https:\\\/\\\/nzjz-split.hr\\\/wp-content\\\/uploads\\\/2021\\\/05\\\/sijecanj_2019.jpg\",\"width\":1000,\"height\":563,\"caption\":\"Ne\u0161to malo o sre\u0107i u najdepresivnijem mjesecu u godini\"},{\"@type\":\"BreadcrumbList\",\"@id\":\"https:\\\/\\\/nzjz-split.hr\\\/en\\\/nesto-malo-o-sreci-u-najdepresivnijem-mjesecu-u-godini\\\/#breadcrumb\",\"itemListElement\":[{\"@type\":\"ListItem\",\"position\":1,\"name\":\"Naslovnica\",\"item\":\"https:\\\/\\\/nzjz-split.hr\\\/\"},{\"@type\":\"ListItem\",\"position\":2,\"name\":\"Ne\u0161to malo o sre\u0107i u najdepresivnijem mjesecu u godini\"}]},{\"@type\":\"WebSite\",\"@id\":\"https:\\\/\\\/nzjz-split.hr\\\/#website\",\"url\":\"https:\\\/\\\/nzjz-split.hr\\\/\",\"name\":\"NZJZ SD\u017d\",\"description\":\"Nastavni zavod za javno zdravstvo Splitsko - dalmatinske \u017eupanije\",\"publisher\":{\"@id\":\"https:\\\/\\\/nzjz-split.hr\\\/#organization\"},\"potentialAction\":[{\"@type\":\"SearchAction\",\"target\":{\"@type\":\"EntryPoint\",\"urlTemplate\":\"https:\\\/\\\/nzjz-split.hr\\\/?s={search_term_string}\"},\"query-input\":{\"@type\":\"PropertyValueSpecification\",\"valueRequired\":true,\"valueName\":\"search_term_string\"}}],\"inLanguage\":\"en-GB\"},{\"@type\":\"Organization\",\"@id\":\"https:\\\/\\\/nzjz-split.hr\\\/#organization\",\"name\":\"Nastavni zavod za javno zdravstvo Splitsko - dalmatinske \u017eupanije\",\"url\":\"https:\\\/\\\/nzjz-split.hr\\\/\",\"logo\":{\"@type\":\"ImageObject\",\"inLanguage\":\"en-GB\",\"@id\":\"https:\\\/\\\/nzjz-split.hr\\\/#\\\/schema\\\/logo\\\/image\\\/\",\"url\":\"https:\\\/\\\/nzjz-split.hr\\\/wp-content\\\/uploads\\\/2021\\\/05\\\/nzjz-sdz-favicon-bg.png\",\"contentUrl\":\"https:\\\/\\\/nzjz-split.hr\\\/wp-content\\\/uploads\\\/2021\\\/05\\\/nzjz-sdz-favicon-bg.png\",\"width\":220,\"height\":220,\"caption\":\"Nastavni zavod za javno zdravstvo Splitsko - dalmatinske \u017eupanije\"},\"image\":{\"@id\":\"https:\\\/\\\/nzjz-split.hr\\\/#\\\/schema\\\/logo\\\/image\\\/\"},\"sameAs\":[\"https:\\\/\\\/www.facebook.com\\\/NzjzSdz\"]},{\"@type\":\"Person\",\"@id\":\"https:\\\/\\\/nzjz-split.hr\\\/#\\\/schema\\\/person\\\/b4b9f14518058e855f0658fe0f6605eb\",\"name\":\"ForgeBIT\",\"image\":{\"@type\":\"ImageObject\",\"inLanguage\":\"en-GB\",\"@id\":\"https:\\\/\\\/nzjz-split.hr\\\/wp-content\\\/litespeed\\\/avatar\\\/807534c1949a29c271544ad2598d14d6.jpg?ver=1777486818\",\"url\":\"https:\\\/\\\/nzjz-split.hr\\\/wp-content\\\/litespeed\\\/avatar\\\/807534c1949a29c271544ad2598d14d6.jpg?ver=1777486818\",\"contentUrl\":\"https:\\\/\\\/nzjz-split.hr\\\/wp-content\\\/litespeed\\\/avatar\\\/807534c1949a29c271544ad2598d14d6.jpg?ver=1777486818\",\"caption\":\"ForgeBIT\"},\"sameAs\":[\"https:\\\/\\\/nzjz-split.hr\\\/wordpress\"]}]}<\/script>\n<!-- \/ Yoast SEO plugin. -->","yoast_head_json":{"title":"NZJZ SD\u017d - Ne\u0161to malo o sre\u0107i u najdepresivnijem mjesecu u godini","description":"Slu\u017ebene internet stranice Nastavnog Zavoda za javno zdravstvo Splitsko-dalmatinske \u017eupanije.","robots":{"index":"index","follow":"follow","max-snippet":"max-snippet:-1","max-image-preview":"max-image-preview:large","max-video-preview":"max-video-preview:-1"},"canonical":"https:\/\/nzjz-split.hr\/en\/nesto-malo-o-sreci-u-najdepresivnijem-mjesecu-u-godini\/","og_locale":"en_GB","og_type":"article","og_title":"NZJZ SD\u017d - Ne\u0161to malo o sre\u0107i u najdepresivnijem mjesecu u godini","og_description":"Slu\u017ebene internet stranice Nastavnog Zavoda za javno zdravstvo Splitsko-dalmatinske \u017eupanije.","og_url":"https:\/\/nzjz-split.hr\/en\/nesto-malo-o-sreci-u-najdepresivnijem-mjesecu-u-godini\/","og_site_name":"NZJZ SD\u017d","article_publisher":"https:\/\/www.facebook.com\/NzjzSdz","article_published_time":"2019-01-21T11:44:10+00:00","article_modified_time":"2021-05-19T06:47:49+00:00","og_image":[{"width":1000,"height":563,"url":"https:\/\/nzjz-split.hr\/wp-content\/uploads\/2021\/05\/sijecanj_2019.jpg","type":"image\/jpeg"}],"author":"ForgeBIT","twitter_card":"summary_large_image","twitter_misc":{"Written by":"ForgeBIT","Estimated reading time":"5 minutes"},"schema":{"@context":"https:\/\/schema.org","@graph":[{"@type":"Article","@id":"https:\/\/nzjz-split.hr\/en\/nesto-malo-o-sreci-u-najdepresivnijem-mjesecu-u-godini\/#article","isPartOf":{"@id":"https:\/\/nzjz-split.hr\/en\/nesto-malo-o-sreci-u-najdepresivnijem-mjesecu-u-godini\/"},"author":{"name":"ForgeBIT","@id":"https:\/\/nzjz-split.hr\/#\/schema\/person\/b4b9f14518058e855f0658fe0f6605eb"},"headline":"Ne\u0161to malo o sre\u0107i u najdepresivnijem mjesecu u godini","datePublished":"2019-01-21T11:44:10+00:00","dateModified":"2021-05-19T06:47:49+00:00","mainEntityOfPage":{"@id":"https:\/\/nzjz-split.hr\/en\/nesto-malo-o-sreci-u-najdepresivnijem-mjesecu-u-godini\/"},"wordCount":928,"commentCount":0,"publisher":{"@id":"https:\/\/nzjz-split.hr\/#organization"},"image":{"@id":"https:\/\/nzjz-split.hr\/en\/nesto-malo-o-sreci-u-najdepresivnijem-mjesecu-u-godini\/#primaryimage"},"thumbnailUrl":"https:\/\/nzjz-split.hr\/wp-content\/uploads\/2021\/05\/sijecanj_2019.jpg","articleSection":["Nekategorizirano"],"inLanguage":"en-GB","potentialAction":[{"@type":"CommentAction","name":"Comment","target":["https:\/\/nzjz-split.hr\/en\/nesto-malo-o-sreci-u-najdepresivnijem-mjesecu-u-godini\/#respond"]}]},{"@type":"WebPage","@id":"https:\/\/nzjz-split.hr\/en\/nesto-malo-o-sreci-u-najdepresivnijem-mjesecu-u-godini\/","url":"https:\/\/nzjz-split.hr\/en\/nesto-malo-o-sreci-u-najdepresivnijem-mjesecu-u-godini\/","name":"NZJZ SD\u017d - Ne\u0161to malo o sre\u0107i u najdepresivnijem mjesecu u godini","isPartOf":{"@id":"https:\/\/nzjz-split.hr\/#website"},"primaryImageOfPage":{"@id":"https:\/\/nzjz-split.hr\/en\/nesto-malo-o-sreci-u-najdepresivnijem-mjesecu-u-godini\/#primaryimage"},"image":{"@id":"https:\/\/nzjz-split.hr\/en\/nesto-malo-o-sreci-u-najdepresivnijem-mjesecu-u-godini\/#primaryimage"},"thumbnailUrl":"https:\/\/nzjz-split.hr\/wp-content\/uploads\/2021\/05\/sijecanj_2019.jpg","datePublished":"2019-01-21T11:44:10+00:00","dateModified":"2021-05-19T06:47:49+00:00","description":"Slu\u017ebene internet stranice Nastavnog Zavoda za javno zdravstvo Splitsko-dalmatinske \u017eupanije.","breadcrumb":{"@id":"https:\/\/nzjz-split.hr\/en\/nesto-malo-o-sreci-u-najdepresivnijem-mjesecu-u-godini\/#breadcrumb"},"inLanguage":"en-GB","potentialAction":[{"@type":"ReadAction","target":["https:\/\/nzjz-split.hr\/en\/nesto-malo-o-sreci-u-najdepresivnijem-mjesecu-u-godini\/"]}]},{"@type":"ImageObject","inLanguage":"en-GB","@id":"https:\/\/nzjz-split.hr\/en\/nesto-malo-o-sreci-u-najdepresivnijem-mjesecu-u-godini\/#primaryimage","url":"https:\/\/nzjz-split.hr\/wp-content\/uploads\/2021\/05\/sijecanj_2019.jpg","contentUrl":"https:\/\/nzjz-split.hr\/wp-content\/uploads\/2021\/05\/sijecanj_2019.jpg","width":1000,"height":563,"caption":"Ne\u0161to malo o sre\u0107i u najdepresivnijem mjesecu u godini"},{"@type":"BreadcrumbList","@id":"https:\/\/nzjz-split.hr\/en\/nesto-malo-o-sreci-u-najdepresivnijem-mjesecu-u-godini\/#breadcrumb","itemListElement":[{"@type":"ListItem","position":1,"name":"Naslovnica","item":"https:\/\/nzjz-split.hr\/"},{"@type":"ListItem","position":2,"name":"Ne\u0161to malo o sre\u0107i u najdepresivnijem mjesecu u godini"}]},{"@type":"WebSite","@id":"https:\/\/nzjz-split.hr\/#website","url":"https:\/\/nzjz-split.hr\/","name":"NZJZ SD\u017d","description":"Teaching Institute for Public Health, Split - Dalmatia County","publisher":{"@id":"https:\/\/nzjz-split.hr\/#organization"},"potentialAction":[{"@type":"SearchAction","target":{"@type":"EntryPoint","urlTemplate":"https:\/\/nzjz-split.hr\/?s={search_term_string}"},"query-input":{"@type":"PropertyValueSpecification","valueRequired":true,"valueName":"search_term_string"}}],"inLanguage":"en-GB"},{"@type":"Organization","@id":"https:\/\/nzjz-split.hr\/#organization","name":"Teaching Institute for Public Health, Split - Dalmatia County","url":"https:\/\/nzjz-split.hr\/","logo":{"@type":"ImageObject","inLanguage":"en-GB","@id":"https:\/\/nzjz-split.hr\/#\/schema\/logo\/image\/","url":"https:\/\/nzjz-split.hr\/wp-content\/uploads\/2021\/05\/nzjz-sdz-favicon-bg.png","contentUrl":"https:\/\/nzjz-split.hr\/wp-content\/uploads\/2021\/05\/nzjz-sdz-favicon-bg.png","width":220,"height":220,"caption":"Nastavni zavod za javno zdravstvo Splitsko - dalmatinske \u017eupanije"},"image":{"@id":"https:\/\/nzjz-split.hr\/#\/schema\/logo\/image\/"},"sameAs":["https:\/\/www.facebook.com\/NzjzSdz"]},{"@type":"Person","@id":"https:\/\/nzjz-split.hr\/#\/schema\/person\/b4b9f14518058e855f0658fe0f6605eb","name":"ForgeBIT","image":{"@type":"ImageObject","inLanguage":"en-GB","@id":"https:\/\/nzjz-split.hr\/wp-content\/litespeed\/avatar\/807534c1949a29c271544ad2598d14d6.jpg?ver=1777486818","url":"https:\/\/nzjz-split.hr\/wp-content\/litespeed\/avatar\/807534c1949a29c271544ad2598d14d6.jpg?ver=1777486818","contentUrl":"https:\/\/nzjz-split.hr\/wp-content\/litespeed\/avatar\/807534c1949a29c271544ad2598d14d6.jpg?ver=1777486818","caption":"ForgeBIT"},"sameAs":["https:\/\/nzjz-split.hr\/wordpress"]}]}},"_links":{"self":[{"href":"https:\/\/nzjz-split.hr\/en\/wp-json\/wp\/v2\/posts\/1702","targetHints":{"allow":["GET"]}}],"collection":[{"href":"https:\/\/nzjz-split.hr\/en\/wp-json\/wp\/v2\/posts"}],"about":[{"href":"https:\/\/nzjz-split.hr\/en\/wp-json\/wp\/v2\/types\/post"}],"author":[{"embeddable":true,"href":"https:\/\/nzjz-split.hr\/en\/wp-json\/wp\/v2\/users\/1"}],"replies":[{"embeddable":true,"href":"https:\/\/nzjz-split.hr\/en\/wp-json\/wp\/v2\/comments?post=1702"}],"version-history":[{"count":0,"href":"https:\/\/nzjz-split.hr\/en\/wp-json\/wp\/v2\/posts\/1702\/revisions"}],"wp:featuredmedia":[{"embeddable":true,"href":"https:\/\/nzjz-split.hr\/en\/wp-json\/wp\/v2\/media\/4269"}],"wp:attachment":[{"href":"https:\/\/nzjz-split.hr\/en\/wp-json\/wp\/v2\/media?parent=1702"}],"wp:term":[{"taxonomy":"category","embeddable":true,"href":"https:\/\/nzjz-split.hr\/en\/wp-json\/wp\/v2\/categories?post=1702"},{"taxonomy":"post_tag","embeddable":true,"href":"https:\/\/nzjz-split.hr\/en\/wp-json\/wp\/v2\/tags?post=1702"}],"curies":[{"name":"wp","href":"https:\/\/api.w.org\/{rel}","templated":true}]}}