{"id":1738,"date":"2019-03-01T13:48:07","date_gmt":"2019-03-01T13:48:07","guid":{"rendered":"https:\/\/nzjz.wpengine.com\/2019\/03\/01\/medunarodni-dan-rijetkih-bolesti-2019\/"},"modified":"2021-05-19T06:47:24","modified_gmt":"2021-05-19T06:47:24","slug":"medunarodni-dan-rijetkih-bolesti-2019","status":"publish","type":"post","link":"https:\/\/nzjz-split.hr\/en\/medunarodni-dan-rijetkih-bolesti-2019\/","title":{"rendered":"Me\u0111unarodni dan rijetkih bolesti 2019."},"content":{"rendered":"<p style=\"text-align: justify;\">Svake godine u posljednjem danu velja\u010de obilje\u017eava se Me\u0111unarodni dan rijetkih bolesti. Velja\u010da je odabrana upravo zbog toga \u0161to predstavlja mjesec s &#8220;rijetkim&#8221; brojem dana, budu\u0107i je prvi Me\u0111unarodni dan rijetkih bolesti bio obilje\u017een 29. velja\u010de 2008. godine, a poznato je da taj &#8220;rijetki&#8221; datum zapada svake \u010detiri godine. Glavni ciljevi odnose se na podizanje svijesti javnosti, donosioca odluka i kreatora javnozdravstvenih politika o rijetkim bolestima, kao i njihovom utjecaju na \u017eivot oboljelih.<\/p>\n<p>  <!--more-->  <\/p>\n<p style=\"text-align: justify;\">Tema ovogodi\u0161njeg Me\u0111unarodnog dana rijetkih bolesti glasi: <strong>&#8220;Premostimo razlike izme\u0111u zdravstvene i socijalne skrbi&#8221;<\/strong>. Cilj je premostiti razlike kako bi se osigurala bolja koordinacija izme\u0111u slu\u017ebe socijalne skrbi, zdravstvenih i srodnih pomo\u0107nih slu\u017ebi, a sve u cilju svladavanja prepreka i izazova s kojima se oboljeli od rijetkih bolesti i njihove obitelji susre\u0107u svakodnevno u svim aspektima \u017eivota, \u0161irom svijeta.<\/p>\n<p style=\"text-align: justify;\">\u017divot s rijetkom bole\u0161\u0107u za ve\u0107inu oboljelih, kao i za \u010dlanove njihovih obitelji i njegovatelje zna\u010di sljede\u0107u svakodnevnicu: dobivanje i uzimanje lijekova, odlazak na preglede, sudjelovanje u fizikalnoj terapiji, kori\u0161tenje specijalisti\u010dke opreme te pristup razli\u010ditim slu\u017ebama koje pru\u017eaju socijalnu i dru\u0161tvenu podr\u0161ku. Balansiranje izme\u0111u ovih zada\u0107a povezanih sa skrbi u kombinaciji sa svakodnevnim obvezama kao \u0161to su posao, \u0161kola i odmor mo\u017ee biti poprili\u010dan izazov.<\/p>\n<p style=\"text-align: justify;\">Postoji vi\u0161e od 6 000 rijetkih bolesti koje poga\u0111aju vi\u0161e od 300 milijuna ljudi diljem svijeta. Svaka od tih bolesti ima svoj u\u010dinak na svakodnevni \u017eivot, uklju\u010duju\u0107i i potrebu svakodnevne rutinske njege. Prema prvom sveobuhvatnom europskom istra\u017eivanju o svakodnevnici i skrbi oboljelih od rijetkih bolesti (<strong>Rare Barometer<\/strong>, <strong>zajednice ljudi oboljelih od rijetkih bolesti koji su voljni sudjelovati u anketama i ispitivanjima<\/strong> organizacije <strong>EURORDIS<\/strong> tj. europske organizacije za rijetke bolesti), 8 od 10 oboljelih do\u017eivljava pote\u0161ko\u0107e u obavljanju osnovnih dnevnih zada\u0107a. Kao rezultat toga, najve\u0107i dio skrbi naj\u010de\u0161\u0107e koordiniraju osobe oboljele od rijetke bolesti i njihovi \u010dlanovi obitelji, koji tro\u0161e znatnu koli\u010dinu vremena na organizaciju skrbi. Prema spomenutom istra\u017eivanju, 7% oboljelih i njihovih njegovatelja to opisuje kao tro\u0161enje velike koli\u010dine vremena. Organizacija njege mo\u017ee se odnositi na pretra\u017eivanje lokalnih usluga, telefoniranje, omogu\u0107avanje dostupnosti lije\u010denja i rehabilitacije, rije\u0161avanje administrativnih postupaka te adaptaciju stambenog ili poslovnog prostora. Posljedi\u010dno su osobe oboljele od rijetkih bolesti odsutne iz \u0161kole ili s posla. To postaje slo\u017een i frustriraju\u0107i proces, osobito ako zbog manjka koordinacije me\u0111u slu\u017ebama, iste informacije treba stalno i vi\u0161estruko ponavljati. Potrebno je pobolj\u0161anje komunikacije unutar razli\u010ditih slu\u017ebi, na na\u010din da usluge budu u\u010dinkovite i u najboljem interesu oboljele osobe.<\/p>\n<p style=\"text-align: justify;\">Osvje\u0161\u0107ivanje o rijetkim bolestima neophodno je budu\u0107i da \u0107e jedna od dvadeset osoba u jednom trenutku svog \u017eivota oboliti od neke rijetke bolesti. Usprkos tome, za ve\u0107inu rijetkih bolesti nema lijeka i mnoge od njih ostanu nedijagnosticirane. Zato je va\u017eno pobolj\u0161ati spoznaje o ovim bolestima u javnosti te me\u0111u donosiocima odluka i istra\u017eiva\u010dima kako bi se javno progovorilo o potrebama oboljelih.<\/p>\n<h2><span style=\"font-size: 10pt;\"><strong><span style=\"font-family: tahoma, arial, helvetica, sans-serif;\">Klju\u010dne \u010dinjenice<\/span><\/strong><\/span><\/h2>\n<p style=\"text-align: justify;\">Poreme\u0107aj ili bolest se definira kao rijetka ako poga\u0111a manje od jedne osobe na njih dvije tisu\u0107e (ova \u010dinjenica odnosi se na Europu). U Europskoj Uniji 30 milijuna ljudi je pogo\u0111eno jednom od preko 6000 postoje\u0107ih rijetkih bolesti.<\/p>\n<p style=\"text-align: justify;\">&#8211; 80% rijetkih bolesti ima genetsko podrijetlo, dok su ostale posljedica infekcija (bakterijskih ili virusnih), alergija i okoli\u0161nih \u010dimbenika, ili su pak rezultat degenerativnih i proliferativnih promjena.<\/p>\n<p style=\"text-align: justify;\">&#8211; 50% rijetkih bolesti poga\u0111a djecu.<\/p>\n<p style=\"text-align: justify;\"><strong>Karakteristike rijetkih bolesti<\/strong><\/p>\n<p style=\"text-align: justify;\">Preko 6000 rijetkih bolesti karakterizira \u0161irok raspon razli\u010ditih poreme\u0107aja i simptoma koji ne variraju unutar same bolesti ve\u0107 i od jedne oboljele osobe do druge koje boluju od iste bolesti. Relativno uobi\u010dajeni simptomi mogu prikriti temeljnu bolest, \u0161to dovodi do pogre\u0161ne dijagnoze i zaka\u0161njelog lije\u010denja. U su\u0161tini, rijetke bolesti uzrokuju onesposobljenost, s obzirom da kroni\u010dni, progresivni, degenerativni i \u010desto \u017eivotno ugro\u017eavaju\u0107i aspekti bolesti uzrokuju nedostatk ili gubitak samostalnosti, \u0161to posljedi\u010dno utje\u010de na kvalitetu \u017eivota oboljelih.<\/p>\n<p style=\"text-align: justify;\">\u010cinjenica da \u010desto ne postoje u\u010dinkoviti lijekovi doprinosi visokoj razini boli i patnje koju podnose oboljele osobe i njihove obitelji.<\/p>\n<p style=\"text-align: justify;\"><strong>Naj\u010de\u0161\u0107i problemi s kojima se suo\u010davaju oboljeli<\/strong><\/p>\n<p style=\"text-align: justify;\">Nedostatak znanstvenih spoznaja i kvalitete znanstvenih informacija vezanih uz bolest \u010desto dovodi do kasne dijagnoze. Tako\u0111er i neophodna kvalitetna zdravstvena njega izaziva nejednakosti i pote\u0161ko\u0107e u pristupu skrbi i lije\u010denju. Takva situacija \u010desto vodi do te\u0161kog socijalnog i financijskog optere\u0107enja oboljele osobe.<\/p>\n<p style=\"text-align: justify;\">S obzirom na rijetkost i razli\u010ditost rijetkih bolesti, potrebno je provesti me\u0111unarodno istra\u017eivanje kako bi se omogu\u0107ila povezanost stru\u010dnjaka, istra\u017eiva\u010da i lije\u010dnika kao i multinacionalni klini\u010dki pokusi, a \u010diju dobrobit bi osjetile osobe oboljele od rijetkih bolesti. Inicijativa kao \u0161to je Europska referentna mre\u017ea (mre\u017ea stru\u010dne slu\u017ebe te javne zdravstvene slu\u017ebe koja olak\u0161ava istra\u017eivanje izvan granica te zdravstvenu skrb), Me\u0111unarodni konzorcij za istra\u017eivanje rijetkih bolesti te Okvirni program Europske unije za istra\u017eivanje i inovaciju za 2020. godinu, podupiru me\u0111unarodno umre\u017eeno istra\u017eivanje.<\/p>\n<p style=\"text-align: justify;\"><strong>\u0160to mo\u017eemo promijeniti?<\/strong><\/p>\n<p style=\"text-align: justify;\">Iako se osobe oboljele od rijetkih bolesti i njihove obitelji suo\u010davaju s brojnim izazovima, svakog dana bilje\u017ei se ogroman napredak.<\/p>\n<p style=\"text-align: justify;\">Kontinuirano provo\u0111enje pobolj\u0161anog sveobuhvatnog pristupa rijetkim bolestima vodi do razvoja odgovaraju\u0107ih javnozdravstvenih politika. Zna\u010dajan napredak ostvaren je porastom me\u0111unarodne suradnje na polju klini\u010dkih i znanstvenih istra\u017eivanja, kao i razmjenom znanstvenih spoznaja o svim rijetkim bolestima, a ne samo o recidiviraju\u0107im bolestima. Sve to vodi do razvoja novih dijagnosti\u010dkih i terapeutskih postupaka.<\/p>\n<p style=\"text-align: right;\">\u00a0<\/p>\n<p style=\"text-align: right;\"><strong>Prevela i obradila: Katja Mate\u0161an, prof.<\/strong><\/p>\n<p style=\"text-align: right;\"><strong>Public Health and Health Promotion Service<\/strong><\/p>\n<p>\u00a0<\/p>\n<p>\u00a0<\/p>\n<p>Literatura:<\/p>\n<p><a href=\"https:\/\/www.rarediseaseday.org\/page\/news\/theme-2019\">https:\/\/www.rarediseaseday.org\/page\/news\/theme-2019<\/a><\/p>\n<p>\u00a0<\/p>","protected":false},"excerpt":{"rendered":"<p>Svake godine u posljednjem danu velja\u010de obilje\u017eava se Me\u0111unarodni dan rijetkih bolesti. Velja\u010da je odabrana upravo zbog toga \u0161to predstavlja mjesec s &#8220;rijetkim&#8221; brojem dana, budu\u0107i je prvi Me\u0111unarodni dan rijetkih bolesti bio obilje\u017een 29. velja\u010de 2008. godine, a poznato je da taj &#8220;rijetki&#8221; datum zapada svake \u010detiri godine. Glavni ciljevi odnose se na podizanje [&hellip;]<\/p>\n","protected":false},"author":1,"featured_media":0,"comment_status":"open","ping_status":"open","sticky":false,"template":"","format":"standard","meta":{"inline_featured_image":false,"footnotes":""},"categories":[16],"tags":[],"class_list":["post-1738","post","type-post","status-publish","format-standard","hentry","category-nekategorizirano"],"yoast_head":"<!-- This site is optimized with the Yoast SEO plugin v27.3 - https:\/\/yoast.com\/product\/yoast-seo-wordpress\/ -->\n<title>NZJZ SD\u017d - Me\u0111unarodni dan rijetkih bolesti 2019.<\/title>\n<meta name=\"description\" content=\"Slu\u017ebene internet stranice Nastavnog Zavoda za javno zdravstvo Splitsko-dalmatinske \u017eupanije.\" \/>\n<meta name=\"robots\" content=\"index, follow, max-snippet:-1, max-image-preview:large, max-video-preview:-1\" \/>\n<link rel=\"canonical\" href=\"https:\/\/nzjz-split.hr\/en\/medunarodni-dan-rijetkih-bolesti-2019\/\" \/>\n<meta property=\"og:locale\" content=\"en_GB\" \/>\n<meta property=\"og:type\" content=\"article\" \/>\n<meta property=\"og:title\" content=\"NZJZ SD\u017d - Me\u0111unarodni dan rijetkih bolesti 2019.\" \/>\n<meta property=\"og:description\" content=\"Slu\u017ebene internet stranice Nastavnog Zavoda za javno zdravstvo Splitsko-dalmatinske \u017eupanije.\" \/>\n<meta property=\"og:url\" content=\"https:\/\/nzjz-split.hr\/en\/medunarodni-dan-rijetkih-bolesti-2019\/\" \/>\n<meta property=\"og:site_name\" content=\"NZJZ SD\u017d\" \/>\n<meta property=\"article:publisher\" content=\"https:\/\/www.facebook.com\/NzjzSdz\" \/>\n<meta property=\"article:published_time\" content=\"2019-03-01T13:48:07+00:00\" \/>\n<meta property=\"article:modified_time\" content=\"2021-05-19T06:47:24+00:00\" \/>\n<meta property=\"og:image\" content=\"https:\/\/nzjz-split.hr\/wp-content\/uploads\/2021\/05\/nzjz-sdz-favicon-bg.png\" \/>\n\t<meta property=\"og:image:width\" content=\"220\" \/>\n\t<meta property=\"og:image:height\" content=\"220\" \/>\n\t<meta property=\"og:image:type\" content=\"image\/png\" \/>\n<meta name=\"author\" content=\"ForgeBIT\" \/>\n<meta name=\"twitter:card\" content=\"summary_large_image\" \/>\n<meta name=\"twitter:label1\" content=\"Written by\" \/>\n\t<meta name=\"twitter:data1\" content=\"ForgeBIT\" \/>\n\t<meta name=\"twitter:label2\" content=\"Estimated reading time\" \/>\n\t<meta name=\"twitter:data2\" content=\"5 minutes\" \/>\n<script type=\"application\/ld+json\" class=\"yoast-schema-graph\">{\"@context\":\"https:\\\/\\\/schema.org\",\"@graph\":[{\"@type\":\"Article\",\"@id\":\"https:\\\/\\\/nzjz-split.hr\\\/en\\\/medunarodni-dan-rijetkih-bolesti-2019\\\/#article\",\"isPartOf\":{\"@id\":\"https:\\\/\\\/nzjz-split.hr\\\/en\\\/medunarodni-dan-rijetkih-bolesti-2019\\\/\"},\"author\":{\"name\":\"ForgeBIT\",\"@id\":\"https:\\\/\\\/nzjz-split.hr\\\/#\\\/schema\\\/person\\\/b4b9f14518058e855f0658fe0f6605eb\"},\"headline\":\"Me\u0111unarodni dan rijetkih bolesti 2019.\",\"datePublished\":\"2019-03-01T13:48:07+00:00\",\"dateModified\":\"2021-05-19T06:47:24+00:00\",\"mainEntityOfPage\":{\"@id\":\"https:\\\/\\\/nzjz-split.hr\\\/en\\\/medunarodni-dan-rijetkih-bolesti-2019\\\/\"},\"wordCount\":981,\"commentCount\":0,\"publisher\":{\"@id\":\"https:\\\/\\\/nzjz-split.hr\\\/#organization\"},\"articleSection\":[\"Nekategorizirano\"],\"inLanguage\":\"en-GB\",\"potentialAction\":[{\"@type\":\"CommentAction\",\"name\":\"Comment\",\"target\":[\"https:\\\/\\\/nzjz-split.hr\\\/en\\\/medunarodni-dan-rijetkih-bolesti-2019\\\/#respond\"]}]},{\"@type\":\"WebPage\",\"@id\":\"https:\\\/\\\/nzjz-split.hr\\\/en\\\/medunarodni-dan-rijetkih-bolesti-2019\\\/\",\"url\":\"https:\\\/\\\/nzjz-split.hr\\\/en\\\/medunarodni-dan-rijetkih-bolesti-2019\\\/\",\"name\":\"NZJZ SD\u017d - Me\u0111unarodni dan rijetkih bolesti 2019.\",\"isPartOf\":{\"@id\":\"https:\\\/\\\/nzjz-split.hr\\\/#website\"},\"datePublished\":\"2019-03-01T13:48:07+00:00\",\"dateModified\":\"2021-05-19T06:47:24+00:00\",\"description\":\"Slu\u017ebene internet stranice Nastavnog Zavoda za javno zdravstvo Splitsko-dalmatinske \u017eupanije.\",\"breadcrumb\":{\"@id\":\"https:\\\/\\\/nzjz-split.hr\\\/en\\\/medunarodni-dan-rijetkih-bolesti-2019\\\/#breadcrumb\"},\"inLanguage\":\"en-GB\",\"potentialAction\":[{\"@type\":\"ReadAction\",\"target\":[\"https:\\\/\\\/nzjz-split.hr\\\/en\\\/medunarodni-dan-rijetkih-bolesti-2019\\\/\"]}]},{\"@type\":\"BreadcrumbList\",\"@id\":\"https:\\\/\\\/nzjz-split.hr\\\/en\\\/medunarodni-dan-rijetkih-bolesti-2019\\\/#breadcrumb\",\"itemListElement\":[{\"@type\":\"ListItem\",\"position\":1,\"name\":\"Naslovnica\",\"item\":\"https:\\\/\\\/nzjz-split.hr\\\/\"},{\"@type\":\"ListItem\",\"position\":2,\"name\":\"Me\u0111unarodni dan rijetkih bolesti 2019.\"}]},{\"@type\":\"WebSite\",\"@id\":\"https:\\\/\\\/nzjz-split.hr\\\/#website\",\"url\":\"https:\\\/\\\/nzjz-split.hr\\\/\",\"name\":\"NZJZ SD\u017d\",\"description\":\"Nastavni zavod za javno zdravstvo Splitsko - dalmatinske \u017eupanije\",\"publisher\":{\"@id\":\"https:\\\/\\\/nzjz-split.hr\\\/#organization\"},\"potentialAction\":[{\"@type\":\"SearchAction\",\"target\":{\"@type\":\"EntryPoint\",\"urlTemplate\":\"https:\\\/\\\/nzjz-split.hr\\\/?s={search_term_string}\"},\"query-input\":{\"@type\":\"PropertyValueSpecification\",\"valueRequired\":true,\"valueName\":\"search_term_string\"}}],\"inLanguage\":\"en-GB\"},{\"@type\":\"Organization\",\"@id\":\"https:\\\/\\\/nzjz-split.hr\\\/#organization\",\"name\":\"Nastavni zavod za javno zdravstvo Splitsko - dalmatinske \u017eupanije\",\"url\":\"https:\\\/\\\/nzjz-split.hr\\\/\",\"logo\":{\"@type\":\"ImageObject\",\"inLanguage\":\"en-GB\",\"@id\":\"https:\\\/\\\/nzjz-split.hr\\\/#\\\/schema\\\/logo\\\/image\\\/\",\"url\":\"https:\\\/\\\/nzjz-split.hr\\\/wp-content\\\/uploads\\\/2021\\\/05\\\/nzjz-sdz-favicon-bg.png\",\"contentUrl\":\"https:\\\/\\\/nzjz-split.hr\\\/wp-content\\\/uploads\\\/2021\\\/05\\\/nzjz-sdz-favicon-bg.png\",\"width\":220,\"height\":220,\"caption\":\"Nastavni zavod za javno zdravstvo Splitsko - dalmatinske \u017eupanije\"},\"image\":{\"@id\":\"https:\\\/\\\/nzjz-split.hr\\\/#\\\/schema\\\/logo\\\/image\\\/\"},\"sameAs\":[\"https:\\\/\\\/www.facebook.com\\\/NzjzSdz\"]},{\"@type\":\"Person\",\"@id\":\"https:\\\/\\\/nzjz-split.hr\\\/#\\\/schema\\\/person\\\/b4b9f14518058e855f0658fe0f6605eb\",\"name\":\"ForgeBIT\",\"image\":{\"@type\":\"ImageObject\",\"inLanguage\":\"en-GB\",\"@id\":\"https:\\\/\\\/nzjz-split.hr\\\/wp-content\\\/litespeed\\\/avatar\\\/807534c1949a29c271544ad2598d14d6.jpg?ver=1777486818\",\"url\":\"https:\\\/\\\/nzjz-split.hr\\\/wp-content\\\/litespeed\\\/avatar\\\/807534c1949a29c271544ad2598d14d6.jpg?ver=1777486818\",\"contentUrl\":\"https:\\\/\\\/nzjz-split.hr\\\/wp-content\\\/litespeed\\\/avatar\\\/807534c1949a29c271544ad2598d14d6.jpg?ver=1777486818\",\"caption\":\"ForgeBIT\"},\"sameAs\":[\"https:\\\/\\\/nzjz-split.hr\\\/wordpress\"]}]}<\/script>\n<!-- \/ Yoast SEO plugin. -->","yoast_head_json":{"title":"NZJZ SD\u017d - Me\u0111unarodni dan rijetkih bolesti 2019.","description":"Slu\u017ebene internet stranice Nastavnog Zavoda za javno zdravstvo Splitsko-dalmatinske \u017eupanije.","robots":{"index":"index","follow":"follow","max-snippet":"max-snippet:-1","max-image-preview":"max-image-preview:large","max-video-preview":"max-video-preview:-1"},"canonical":"https:\/\/nzjz-split.hr\/en\/medunarodni-dan-rijetkih-bolesti-2019\/","og_locale":"en_GB","og_type":"article","og_title":"NZJZ SD\u017d - Me\u0111unarodni dan rijetkih bolesti 2019.","og_description":"Slu\u017ebene internet stranice Nastavnog Zavoda za javno zdravstvo Splitsko-dalmatinske \u017eupanije.","og_url":"https:\/\/nzjz-split.hr\/en\/medunarodni-dan-rijetkih-bolesti-2019\/","og_site_name":"NZJZ SD\u017d","article_publisher":"https:\/\/www.facebook.com\/NzjzSdz","article_published_time":"2019-03-01T13:48:07+00:00","article_modified_time":"2021-05-19T06:47:24+00:00","og_image":[{"width":220,"height":220,"url":"https:\/\/nzjz-split.hr\/wp-content\/uploads\/2021\/05\/nzjz-sdz-favicon-bg.png","type":"image\/png"}],"author":"ForgeBIT","twitter_card":"summary_large_image","twitter_misc":{"Written by":"ForgeBIT","Estimated reading time":"5 minutes"},"schema":{"@context":"https:\/\/schema.org","@graph":[{"@type":"Article","@id":"https:\/\/nzjz-split.hr\/en\/medunarodni-dan-rijetkih-bolesti-2019\/#article","isPartOf":{"@id":"https:\/\/nzjz-split.hr\/en\/medunarodni-dan-rijetkih-bolesti-2019\/"},"author":{"name":"ForgeBIT","@id":"https:\/\/nzjz-split.hr\/#\/schema\/person\/b4b9f14518058e855f0658fe0f6605eb"},"headline":"Me\u0111unarodni dan rijetkih bolesti 2019.","datePublished":"2019-03-01T13:48:07+00:00","dateModified":"2021-05-19T06:47:24+00:00","mainEntityOfPage":{"@id":"https:\/\/nzjz-split.hr\/en\/medunarodni-dan-rijetkih-bolesti-2019\/"},"wordCount":981,"commentCount":0,"publisher":{"@id":"https:\/\/nzjz-split.hr\/#organization"},"articleSection":["Nekategorizirano"],"inLanguage":"en-GB","potentialAction":[{"@type":"CommentAction","name":"Comment","target":["https:\/\/nzjz-split.hr\/en\/medunarodni-dan-rijetkih-bolesti-2019\/#respond"]}]},{"@type":"WebPage","@id":"https:\/\/nzjz-split.hr\/en\/medunarodni-dan-rijetkih-bolesti-2019\/","url":"https:\/\/nzjz-split.hr\/en\/medunarodni-dan-rijetkih-bolesti-2019\/","name":"NZJZ SD\u017d - Me\u0111unarodni dan rijetkih bolesti 2019.","isPartOf":{"@id":"https:\/\/nzjz-split.hr\/#website"},"datePublished":"2019-03-01T13:48:07+00:00","dateModified":"2021-05-19T06:47:24+00:00","description":"Slu\u017ebene internet stranice Nastavnog Zavoda za javno zdravstvo Splitsko-dalmatinske \u017eupanije.","breadcrumb":{"@id":"https:\/\/nzjz-split.hr\/en\/medunarodni-dan-rijetkih-bolesti-2019\/#breadcrumb"},"inLanguage":"en-GB","potentialAction":[{"@type":"ReadAction","target":["https:\/\/nzjz-split.hr\/en\/medunarodni-dan-rijetkih-bolesti-2019\/"]}]},{"@type":"BreadcrumbList","@id":"https:\/\/nzjz-split.hr\/en\/medunarodni-dan-rijetkih-bolesti-2019\/#breadcrumb","itemListElement":[{"@type":"ListItem","position":1,"name":"Naslovnica","item":"https:\/\/nzjz-split.hr\/"},{"@type":"ListItem","position":2,"name":"Me\u0111unarodni dan rijetkih bolesti 2019."}]},{"@type":"WebSite","@id":"https:\/\/nzjz-split.hr\/#website","url":"https:\/\/nzjz-split.hr\/","name":"NZJZ SD\u017d","description":"Teaching Institute for Public Health, Split - Dalmatia County","publisher":{"@id":"https:\/\/nzjz-split.hr\/#organization"},"potentialAction":[{"@type":"SearchAction","target":{"@type":"EntryPoint","urlTemplate":"https:\/\/nzjz-split.hr\/?s={search_term_string}"},"query-input":{"@type":"PropertyValueSpecification","valueRequired":true,"valueName":"search_term_string"}}],"inLanguage":"en-GB"},{"@type":"Organization","@id":"https:\/\/nzjz-split.hr\/#organization","name":"Teaching Institute for Public Health, Split - Dalmatia County","url":"https:\/\/nzjz-split.hr\/","logo":{"@type":"ImageObject","inLanguage":"en-GB","@id":"https:\/\/nzjz-split.hr\/#\/schema\/logo\/image\/","url":"https:\/\/nzjz-split.hr\/wp-content\/uploads\/2021\/05\/nzjz-sdz-favicon-bg.png","contentUrl":"https:\/\/nzjz-split.hr\/wp-content\/uploads\/2021\/05\/nzjz-sdz-favicon-bg.png","width":220,"height":220,"caption":"Nastavni zavod za javno zdravstvo Splitsko - dalmatinske \u017eupanije"},"image":{"@id":"https:\/\/nzjz-split.hr\/#\/schema\/logo\/image\/"},"sameAs":["https:\/\/www.facebook.com\/NzjzSdz"]},{"@type":"Person","@id":"https:\/\/nzjz-split.hr\/#\/schema\/person\/b4b9f14518058e855f0658fe0f6605eb","name":"ForgeBIT","image":{"@type":"ImageObject","inLanguage":"en-GB","@id":"https:\/\/nzjz-split.hr\/wp-content\/litespeed\/avatar\/807534c1949a29c271544ad2598d14d6.jpg?ver=1777486818","url":"https:\/\/nzjz-split.hr\/wp-content\/litespeed\/avatar\/807534c1949a29c271544ad2598d14d6.jpg?ver=1777486818","contentUrl":"https:\/\/nzjz-split.hr\/wp-content\/litespeed\/avatar\/807534c1949a29c271544ad2598d14d6.jpg?ver=1777486818","caption":"ForgeBIT"},"sameAs":["https:\/\/nzjz-split.hr\/wordpress"]}]}},"_links":{"self":[{"href":"https:\/\/nzjz-split.hr\/en\/wp-json\/wp\/v2\/posts\/1738","targetHints":{"allow":["GET"]}}],"collection":[{"href":"https:\/\/nzjz-split.hr\/en\/wp-json\/wp\/v2\/posts"}],"about":[{"href":"https:\/\/nzjz-split.hr\/en\/wp-json\/wp\/v2\/types\/post"}],"author":[{"embeddable":true,"href":"https:\/\/nzjz-split.hr\/en\/wp-json\/wp\/v2\/users\/1"}],"replies":[{"embeddable":true,"href":"https:\/\/nzjz-split.hr\/en\/wp-json\/wp\/v2\/comments?post=1738"}],"version-history":[{"count":0,"href":"https:\/\/nzjz-split.hr\/en\/wp-json\/wp\/v2\/posts\/1738\/revisions"}],"wp:attachment":[{"href":"https:\/\/nzjz-split.hr\/en\/wp-json\/wp\/v2\/media?parent=1738"}],"wp:term":[{"taxonomy":"category","embeddable":true,"href":"https:\/\/nzjz-split.hr\/en\/wp-json\/wp\/v2\/categories?post=1738"},{"taxonomy":"post_tag","embeddable":true,"href":"https:\/\/nzjz-split.hr\/en\/wp-json\/wp\/v2\/tags?post=1738"}],"curies":[{"name":"wp","href":"https:\/\/api.w.org\/{rel}","templated":true}]}}