{"id":19492,"date":"2023-07-05T08:59:18","date_gmt":"2023-07-05T06:59:18","guid":{"rendered":"https:\/\/nzjz-split.hr\/?p=19492"},"modified":"2023-07-06T08:51:28","modified_gmt":"2023-07-06T06:51:28","slug":"preliminarni-izvjestaj-o-ispitivanju-kvalitete-zraka-ukupne-talozne-tvari-s-mjernih-postaja-na-sjevernom-dijelu-splita-gk-brda","status":"publish","type":"post","link":"https:\/\/nzjz-split.hr\/en\/preliminarni-izvjestaj-o-ispitivanju-kvalitete-zraka-ukupne-talozne-tvari-s-mjernih-postaja-na-sjevernom-dijelu-splita-gk-brda\/","title":{"rendered":"Preliminarni izvje\u0161taj o ispitivanju kvalitete zraka ukupne talo\u017ene tvari s mjernih postaja na sjevernom dijelu Splita (GK Brda) za razdoblje o\u017eujak 2023. &#8211; lipanj 2023."},"content":{"rendered":"<div data-elementor-type=\"wp-post\" data-elementor-id=\"19492\" class=\"elementor elementor-19492\" data-elementor-post-type=\"post\">\n\t\t\t\t\t\t<section class=\"elementor-section elementor-top-section elementor-element elementor-element-c03914c elementor-section-boxed elementor-section-height-default elementor-section-height-default\" data-id=\"c03914c\" data-element_type=\"section\" data-e-type=\"section\">\n\t\t\t\t\t\t<div class=\"elementor-container elementor-column-gap-default\">\n\t\t\t\t\t<div class=\"elementor-column elementor-col-100 elementor-top-column elementor-element elementor-element-a6892b7\" data-id=\"a6892b7\" data-element_type=\"column\" data-e-type=\"column\">\n\t\t\t<div class=\"elementor-widget-wrap elementor-element-populated\">\n\t\t\t\t\t\t<div class=\"elementor-element elementor-element-b45ca58 elementor-widget elementor-widget-spacer\" data-id=\"b45ca58\" data-element_type=\"widget\" data-e-type=\"widget\" data-widget_type=\"spacer.default\">\n\t\t\t\t<div class=\"elementor-widget-container\">\n\t\t\t\t\t\t\t<div class=\"elementor-spacer\">\n\t\t\t<div class=\"elementor-spacer-inner\"><\/div>\n\t\t<\/div>\n\t\t\t\t\t\t<\/div>\n\t\t\t\t<\/div>\n\t\t\t\t<div class=\"elementor-element elementor-element-7d58c73 elementor-widget elementor-widget-heading\" data-id=\"7d58c73\" data-element_type=\"widget\" data-e-type=\"widget\" data-widget_type=\"heading.default\">\n\t\t\t\t<div class=\"elementor-widget-container\">\n\t\t\t\t\t<h2 class=\"elementor-heading-title elementor-size-default\">Preliminarni izvje\u0161taj o ispitivanju kvalitete zraka ukupne talo\u017ene tvari s mjernih postaja na sjevernom dijelu Splita (GK Brda) za razdoblje o\u017eujak 2023. - lipanj 2023.<\/h2>\t\t\t\t<\/div>\n\t\t\t\t<\/div>\n\t\t\t\t\t<\/div>\n\t\t<\/div>\n\t\t\t\t\t<\/div>\n\t\t<\/section>\n\t\t\t\t<section class=\"elementor-section elementor-top-section elementor-element elementor-element-8b88b92 elementor-section-boxed elementor-section-height-default elementor-section-height-default\" data-id=\"8b88b92\" data-element_type=\"section\" data-e-type=\"section\">\n\t\t\t\t\t\t<div class=\"elementor-container elementor-column-gap-default\">\n\t\t\t\t\t<div class=\"elementor-column elementor-col-100 elementor-top-column elementor-element elementor-element-00c0887\" data-id=\"00c0887\" data-element_type=\"column\" data-e-type=\"column\">\n\t\t\t<div class=\"elementor-widget-wrap elementor-element-populated\">\n\t\t\t\t\t\t<div class=\"elementor-element elementor-element-a82fb8f elementor-widget elementor-widget-spacer\" data-id=\"a82fb8f\" data-element_type=\"widget\" data-e-type=\"widget\" data-widget_type=\"spacer.default\">\n\t\t\t\t<div class=\"elementor-widget-container\">\n\t\t\t\t\t\t\t<div class=\"elementor-spacer\">\n\t\t\t<div class=\"elementor-spacer-inner\"><\/div>\n\t\t<\/div>\n\t\t\t\t\t\t<\/div>\n\t\t\t\t<\/div>\n\t\t\t\t\t<\/div>\n\t\t<\/div>\n\t\t\t\t\t<\/div>\n\t\t<\/section>\n\t\t\t\t<section class=\"elementor-section elementor-top-section elementor-element elementor-element-e6726e0 elementor-section-boxed elementor-section-height-default elementor-section-height-default\" data-id=\"e6726e0\" data-element_type=\"section\" data-e-type=\"section\">\n\t\t\t\t\t\t<div class=\"elementor-container elementor-column-gap-default\">\n\t\t\t\t\t<div class=\"elementor-column elementor-col-100 elementor-top-column elementor-element elementor-element-e6ad3c0\" data-id=\"e6ad3c0\" data-element_type=\"column\" data-e-type=\"column\">\n\t\t\t<div class=\"elementor-widget-wrap elementor-element-populated\">\n\t\t\t\t\t\t<div class=\"elementor-element elementor-element-2907b28 elementor-widget elementor-widget-pdf_viewer\" data-id=\"2907b28\" data-element_type=\"widget\" data-e-type=\"widget\" data-widget_type=\"pdf_viewer.default\">\n\t\t\t\t<div class=\"elementor-widget-container\">\n\t\t\t\t\t<iframe src=\"https:\/\/docs.google.com\/viewer?url=https:\/\/nzjz-split.hr\/wp-content\/uploads\/2023\/07\/Grad-Split_2023-UTT-lipanj.pdf&amp;embedded=true\" style=\"display: block; margin-left: auto; margin-right: auto; width: 640px; height: 1020px;\" frameborder=\"1\" marginheight=\"0px\" marginwidth=\"0px\" allowfullscreen><\/iframe>\t\t\t\t<\/div>\n\t\t\t\t<\/div>\n\t\t\t\t\t<\/div>\n\t\t<\/div>\n\t\t\t\t\t<\/div>\n\t\t<\/section>\n\t\t\t\t<\/div>","protected":false},"excerpt":{"rendered":"<p>Preliminarni izvje\u0161taj o ispitivanju kvalitete zraka ukupne talo\u017ene tvari s mjernih postaja na sjevernom dijelu Splita (GK Brda) za razdoblje o\u017eujak 2023. &#8211; lipanj 2023.<\/p>","protected":false},"author":3,"featured_media":0,"comment_status":"open","ping_status":"open","sticky":false,"template":"","format":"standard","meta":{"inline_featured_image":false,"footnotes":""},"categories":[80],"tags":[],"class_list":["post-19492","post","type-post","status-publish","format-standard","hentry","category-aktualno"],"yoast_head":"<!-- This site is optimized with the Yoast SEO plugin v27.3 - https:\/\/yoast.com\/product\/yoast-seo-wordpress\/ -->\n<title>NZJZ SD\u017d - Preliminarni izvje\u0161taj o ispitivanju kvalitete zraka ukupne talo\u017ene tvari s mjernih postaja na sjevernom dijelu Splita (GK Brda) za razdoblje o\u017eujak 2023. - lipanj 2023.<\/title>\n<meta name=\"description\" content=\"Slu\u017ebene internet stranice Nastavnog Zavoda za javno zdravstvo Splitsko-dalmatinske \u017eupanije.\" \/>\n<meta name=\"robots\" content=\"index, follow, max-snippet:-1, max-image-preview:large, max-video-preview:-1\" \/>\n<link rel=\"canonical\" href=\"https:\/\/nzjz-split.hr\/en\/preliminarni-izvjestaj-o-ispitivanju-kvalitete-zraka-ukupne-talozne-tvari-s-mjernih-postaja-na-sjevernom-dijelu-splita-gk-brda\/\" \/>\n<meta property=\"og:locale\" content=\"en_GB\" \/>\n<meta property=\"og:type\" content=\"article\" \/>\n<meta property=\"og:title\" content=\"NZJZ SD\u017d - Preliminarni izvje\u0161taj o ispitivanju kvalitete zraka ukupne talo\u017ene tvari s mjernih postaja na sjevernom dijelu Splita (GK Brda) za razdoblje o\u017eujak 2023. - lipanj 2023.\" \/>\n<meta property=\"og:description\" content=\"Slu\u017ebene internet stranice Nastavnog Zavoda za javno zdravstvo Splitsko-dalmatinske \u017eupanije.\" \/>\n<meta property=\"og:url\" content=\"https:\/\/nzjz-split.hr\/en\/preliminarni-izvjestaj-o-ispitivanju-kvalitete-zraka-ukupne-talozne-tvari-s-mjernih-postaja-na-sjevernom-dijelu-splita-gk-brda\/\" \/>\n<meta property=\"og:site_name\" content=\"NZJZ SD\u017d\" \/>\n<meta property=\"article:publisher\" content=\"https:\/\/www.facebook.com\/NzjzSdz\" \/>\n<meta property=\"article:published_time\" content=\"2023-07-05T06:59:18+00:00\" \/>\n<meta property=\"article:modified_time\" content=\"2023-07-06T06:51:28+00:00\" \/>\n<meta property=\"og:image\" content=\"https:\/\/nzjz-split.hr\/wp-content\/uploads\/2021\/05\/nzjz-sdz-favicon-bg.png\" \/>\n\t<meta property=\"og:image:width\" content=\"220\" \/>\n\t<meta property=\"og:image:height\" content=\"220\" \/>\n\t<meta property=\"og:image:type\" content=\"image\/png\" \/>\n<meta name=\"author\" content=\"Marijana\" \/>\n<meta name=\"twitter:card\" content=\"summary_large_image\" \/>\n<meta name=\"twitter:label1\" content=\"Written by\" \/>\n\t<meta name=\"twitter:data1\" content=\"Marijana\" \/>\n\t<meta name=\"twitter:label2\" content=\"Estimated reading time\" \/>\n\t<meta name=\"twitter:data2\" content=\"1 minute\" \/>\n<script type=\"application\/ld+json\" class=\"yoast-schema-graph\">{\"@context\":\"https:\\\/\\\/schema.org\",\"@graph\":[{\"@type\":\"Article\",\"@id\":\"https:\\\/\\\/nzjz-split.hr\\\/preliminarni-izvjestaj-o-ispitivanju-kvalitete-zraka-ukupne-talozne-tvari-s-mjernih-postaja-na-sjevernom-dijelu-splita-gk-brda\\\/#article\",\"isPartOf\":{\"@id\":\"https:\\\/\\\/nzjz-split.hr\\\/preliminarni-izvjestaj-o-ispitivanju-kvalitete-zraka-ukupne-talozne-tvari-s-mjernih-postaja-na-sjevernom-dijelu-splita-gk-brda\\\/\"},\"author\":{\"name\":\"Marijana\",\"@id\":\"https:\\\/\\\/nzjz-split.hr\\\/#\\\/schema\\\/person\\\/e52cad7bfa5529dac02f3b50be5905b5\"},\"headline\":\"Preliminarni izvje\u0161taj o ispitivanju kvalitete zraka ukupne talo\u017ene tvari s mjernih postaja na sjevernom dijelu Splita (GK Brda) za razdoblje o\u017eujak 2023. &#8211; lipanj 2023.\",\"datePublished\":\"2023-07-05T06:59:18+00:00\",\"dateModified\":\"2023-07-06T06:51:28+00:00\",\"mainEntityOfPage\":{\"@id\":\"https:\\\/\\\/nzjz-split.hr\\\/preliminarni-izvjestaj-o-ispitivanju-kvalitete-zraka-ukupne-talozne-tvari-s-mjernih-postaja-na-sjevernom-dijelu-splita-gk-brda\\\/\"},\"wordCount\":52,\"commentCount\":0,\"publisher\":{\"@id\":\"https:\\\/\\\/nzjz-split.hr\\\/#organization\"},\"articleSection\":[\"Aktualno\"],\"inLanguage\":\"en-GB\",\"potentialAction\":[{\"@type\":\"CommentAction\",\"name\":\"Comment\",\"target\":[\"https:\\\/\\\/nzjz-split.hr\\\/preliminarni-izvjestaj-o-ispitivanju-kvalitete-zraka-ukupne-talozne-tvari-s-mjernih-postaja-na-sjevernom-dijelu-splita-gk-brda\\\/#respond\"]}]},{\"@type\":\"WebPage\",\"@id\":\"https:\\\/\\\/nzjz-split.hr\\\/preliminarni-izvjestaj-o-ispitivanju-kvalitete-zraka-ukupne-talozne-tvari-s-mjernih-postaja-na-sjevernom-dijelu-splita-gk-brda\\\/\",\"url\":\"https:\\\/\\\/nzjz-split.hr\\\/preliminarni-izvjestaj-o-ispitivanju-kvalitete-zraka-ukupne-talozne-tvari-s-mjernih-postaja-na-sjevernom-dijelu-splita-gk-brda\\\/\",\"name\":\"NZJZ SD\u017d - Preliminarni izvje\u0161taj o ispitivanju kvalitete zraka ukupne talo\u017ene tvari s mjernih postaja na sjevernom dijelu Splita (GK Brda) za razdoblje o\u017eujak 2023. - lipanj 2023.\",\"isPartOf\":{\"@id\":\"https:\\\/\\\/nzjz-split.hr\\\/#website\"},\"datePublished\":\"2023-07-05T06:59:18+00:00\",\"dateModified\":\"2023-07-06T06:51:28+00:00\",\"description\":\"Slu\u017ebene internet stranice Nastavnog Zavoda za javno zdravstvo Splitsko-dalmatinske \u017eupanije.\",\"breadcrumb\":{\"@id\":\"https:\\\/\\\/nzjz-split.hr\\\/preliminarni-izvjestaj-o-ispitivanju-kvalitete-zraka-ukupne-talozne-tvari-s-mjernih-postaja-na-sjevernom-dijelu-splita-gk-brda\\\/#breadcrumb\"},\"inLanguage\":\"en-GB\",\"potentialAction\":[{\"@type\":\"ReadAction\",\"target\":[\"https:\\\/\\\/nzjz-split.hr\\\/preliminarni-izvjestaj-o-ispitivanju-kvalitete-zraka-ukupne-talozne-tvari-s-mjernih-postaja-na-sjevernom-dijelu-splita-gk-brda\\\/\"]}]},{\"@type\":\"BreadcrumbList\",\"@id\":\"https:\\\/\\\/nzjz-split.hr\\\/preliminarni-izvjestaj-o-ispitivanju-kvalitete-zraka-ukupne-talozne-tvari-s-mjernih-postaja-na-sjevernom-dijelu-splita-gk-brda\\\/#breadcrumb\",\"itemListElement\":[{\"@type\":\"ListItem\",\"position\":1,\"name\":\"Naslovnica\",\"item\":\"https:\\\/\\\/nzjz-split.hr\\\/\"},{\"@type\":\"ListItem\",\"position\":2,\"name\":\"Preliminarni izvje\u0161taj o ispitivanju kvalitete zraka ukupne talo\u017ene tvari s mjernih postaja na sjevernom dijelu Splita (GK Brda) za razdoblje o\u017eujak 2023. &#8211; lipanj 2023.\"}]},{\"@type\":\"WebSite\",\"@id\":\"https:\\\/\\\/nzjz-split.hr\\\/#website\",\"url\":\"https:\\\/\\\/nzjz-split.hr\\\/\",\"name\":\"NZJZ SD\u017d\",\"description\":\"Nastavni zavod za javno zdravstvo Splitsko - dalmatinske \u017eupanije\",\"publisher\":{\"@id\":\"https:\\\/\\\/nzjz-split.hr\\\/#organization\"},\"potentialAction\":[{\"@type\":\"SearchAction\",\"target\":{\"@type\":\"EntryPoint\",\"urlTemplate\":\"https:\\\/\\\/nzjz-split.hr\\\/?s={search_term_string}\"},\"query-input\":{\"@type\":\"PropertyValueSpecification\",\"valueRequired\":true,\"valueName\":\"search_term_string\"}}],\"inLanguage\":\"en-GB\"},{\"@type\":\"Organization\",\"@id\":\"https:\\\/\\\/nzjz-split.hr\\\/#organization\",\"name\":\"Nastavni zavod za javno zdravstvo Splitsko - dalmatinske \u017eupanije\",\"url\":\"https:\\\/\\\/nzjz-split.hr\\\/\",\"logo\":{\"@type\":\"ImageObject\",\"inLanguage\":\"en-GB\",\"@id\":\"https:\\\/\\\/nzjz-split.hr\\\/#\\\/schema\\\/logo\\\/image\\\/\",\"url\":\"https:\\\/\\\/nzjz-split.hr\\\/wp-content\\\/uploads\\\/2021\\\/05\\\/nzjz-sdz-favicon-bg.png\",\"contentUrl\":\"https:\\\/\\\/nzjz-split.hr\\\/wp-content\\\/uploads\\\/2021\\\/05\\\/nzjz-sdz-favicon-bg.png\",\"width\":220,\"height\":220,\"caption\":\"Nastavni zavod za javno zdravstvo Splitsko - dalmatinske \u017eupanije\"},\"image\":{\"@id\":\"https:\\\/\\\/nzjz-split.hr\\\/#\\\/schema\\\/logo\\\/image\\\/\"},\"sameAs\":[\"https:\\\/\\\/www.facebook.com\\\/NzjzSdz\"]},{\"@type\":\"Person\",\"@id\":\"https:\\\/\\\/nzjz-split.hr\\\/#\\\/schema\\\/person\\\/e52cad7bfa5529dac02f3b50be5905b5\",\"name\":\"Marijana\",\"image\":{\"@type\":\"ImageObject\",\"inLanguage\":\"en-GB\",\"@id\":\"https:\\\/\\\/nzjz-split.hr\\\/wp-content\\\/litespeed\\\/avatar\\\/5b2a83fdf904bd8a5ed32d83fe22b54f.jpg?ver=1777490464\",\"url\":\"https:\\\/\\\/nzjz-split.hr\\\/wp-content\\\/litespeed\\\/avatar\\\/5b2a83fdf904bd8a5ed32d83fe22b54f.jpg?ver=1777490464\",\"contentUrl\":\"https:\\\/\\\/nzjz-split.hr\\\/wp-content\\\/litespeed\\\/avatar\\\/5b2a83fdf904bd8a5ed32d83fe22b54f.jpg?ver=1777490464\",\"caption\":\"Marijana\"}}]}<\/script>\n<!-- \/ Yoast SEO plugin. -->","yoast_head_json":{"title":"NZJZ SD\u017d - Preliminarni izvje\u0161taj o ispitivanju kvalitete zraka ukupne talo\u017ene tvari s mjernih postaja na sjevernom dijelu Splita (GK Brda) za razdoblje o\u017eujak 2023. - lipanj 2023.","description":"Slu\u017ebene internet stranice Nastavnog Zavoda za javno zdravstvo Splitsko-dalmatinske \u017eupanije.","robots":{"index":"index","follow":"follow","max-snippet":"max-snippet:-1","max-image-preview":"max-image-preview:large","max-video-preview":"max-video-preview:-1"},"canonical":"https:\/\/nzjz-split.hr\/en\/preliminarni-izvjestaj-o-ispitivanju-kvalitete-zraka-ukupne-talozne-tvari-s-mjernih-postaja-na-sjevernom-dijelu-splita-gk-brda\/","og_locale":"en_GB","og_type":"article","og_title":"NZJZ SD\u017d - Preliminarni izvje\u0161taj o ispitivanju kvalitete zraka ukupne talo\u017ene tvari s mjernih postaja na sjevernom dijelu Splita (GK Brda) za razdoblje o\u017eujak 2023. - lipanj 2023.","og_description":"Slu\u017ebene internet stranice Nastavnog Zavoda za javno zdravstvo Splitsko-dalmatinske \u017eupanije.","og_url":"https:\/\/nzjz-split.hr\/en\/preliminarni-izvjestaj-o-ispitivanju-kvalitete-zraka-ukupne-talozne-tvari-s-mjernih-postaja-na-sjevernom-dijelu-splita-gk-brda\/","og_site_name":"NZJZ SD\u017d","article_publisher":"https:\/\/www.facebook.com\/NzjzSdz","article_published_time":"2023-07-05T06:59:18+00:00","article_modified_time":"2023-07-06T06:51:28+00:00","og_image":[{"width":220,"height":220,"url":"https:\/\/nzjz-split.hr\/wp-content\/uploads\/2021\/05\/nzjz-sdz-favicon-bg.png","type":"image\/png"}],"author":"Marijana","twitter_card":"summary_large_image","twitter_misc":{"Written by":"Marijana","Estimated reading time":"1 minute"},"schema":{"@context":"https:\/\/schema.org","@graph":[{"@type":"Article","@id":"https:\/\/nzjz-split.hr\/preliminarni-izvjestaj-o-ispitivanju-kvalitete-zraka-ukupne-talozne-tvari-s-mjernih-postaja-na-sjevernom-dijelu-splita-gk-brda\/#article","isPartOf":{"@id":"https:\/\/nzjz-split.hr\/preliminarni-izvjestaj-o-ispitivanju-kvalitete-zraka-ukupne-talozne-tvari-s-mjernih-postaja-na-sjevernom-dijelu-splita-gk-brda\/"},"author":{"name":"Marijana","@id":"https:\/\/nzjz-split.hr\/#\/schema\/person\/e52cad7bfa5529dac02f3b50be5905b5"},"headline":"Preliminarni izvje\u0161taj o ispitivanju kvalitete zraka ukupne talo\u017ene tvari s mjernih postaja na sjevernom dijelu Splita (GK Brda) za razdoblje o\u017eujak 2023. &#8211; lipanj 2023.","datePublished":"2023-07-05T06:59:18+00:00","dateModified":"2023-07-06T06:51:28+00:00","mainEntityOfPage":{"@id":"https:\/\/nzjz-split.hr\/preliminarni-izvjestaj-o-ispitivanju-kvalitete-zraka-ukupne-talozne-tvari-s-mjernih-postaja-na-sjevernom-dijelu-splita-gk-brda\/"},"wordCount":52,"commentCount":0,"publisher":{"@id":"https:\/\/nzjz-split.hr\/#organization"},"articleSection":["Aktualno"],"inLanguage":"en-GB","potentialAction":[{"@type":"CommentAction","name":"Comment","target":["https:\/\/nzjz-split.hr\/preliminarni-izvjestaj-o-ispitivanju-kvalitete-zraka-ukupne-talozne-tvari-s-mjernih-postaja-na-sjevernom-dijelu-splita-gk-brda\/#respond"]}]},{"@type":"WebPage","@id":"https:\/\/nzjz-split.hr\/preliminarni-izvjestaj-o-ispitivanju-kvalitete-zraka-ukupne-talozne-tvari-s-mjernih-postaja-na-sjevernom-dijelu-splita-gk-brda\/","url":"https:\/\/nzjz-split.hr\/preliminarni-izvjestaj-o-ispitivanju-kvalitete-zraka-ukupne-talozne-tvari-s-mjernih-postaja-na-sjevernom-dijelu-splita-gk-brda\/","name":"NZJZ SD\u017d - Preliminarni izvje\u0161taj o ispitivanju kvalitete zraka ukupne talo\u017ene tvari s mjernih postaja na sjevernom dijelu Splita (GK Brda) za razdoblje o\u017eujak 2023. - lipanj 2023.","isPartOf":{"@id":"https:\/\/nzjz-split.hr\/#website"},"datePublished":"2023-07-05T06:59:18+00:00","dateModified":"2023-07-06T06:51:28+00:00","description":"Slu\u017ebene internet stranice Nastavnog Zavoda za javno zdravstvo Splitsko-dalmatinske \u017eupanije.","breadcrumb":{"@id":"https:\/\/nzjz-split.hr\/preliminarni-izvjestaj-o-ispitivanju-kvalitete-zraka-ukupne-talozne-tvari-s-mjernih-postaja-na-sjevernom-dijelu-splita-gk-brda\/#breadcrumb"},"inLanguage":"en-GB","potentialAction":[{"@type":"ReadAction","target":["https:\/\/nzjz-split.hr\/preliminarni-izvjestaj-o-ispitivanju-kvalitete-zraka-ukupne-talozne-tvari-s-mjernih-postaja-na-sjevernom-dijelu-splita-gk-brda\/"]}]},{"@type":"BreadcrumbList","@id":"https:\/\/nzjz-split.hr\/preliminarni-izvjestaj-o-ispitivanju-kvalitete-zraka-ukupne-talozne-tvari-s-mjernih-postaja-na-sjevernom-dijelu-splita-gk-brda\/#breadcrumb","itemListElement":[{"@type":"ListItem","position":1,"name":"Naslovnica","item":"https:\/\/nzjz-split.hr\/"},{"@type":"ListItem","position":2,"name":"Preliminarni izvje\u0161taj o ispitivanju kvalitete zraka ukupne talo\u017ene tvari s mjernih postaja na sjevernom dijelu Splita (GK Brda) za razdoblje o\u017eujak 2023. &#8211; lipanj 2023."}]},{"@type":"WebSite","@id":"https:\/\/nzjz-split.hr\/#website","url":"https:\/\/nzjz-split.hr\/","name":"NZJZ SD\u017d","description":"Teaching Institute for Public Health, Split - Dalmatia County","publisher":{"@id":"https:\/\/nzjz-split.hr\/#organization"},"potentialAction":[{"@type":"SearchAction","target":{"@type":"EntryPoint","urlTemplate":"https:\/\/nzjz-split.hr\/?s={search_term_string}"},"query-input":{"@type":"PropertyValueSpecification","valueRequired":true,"valueName":"search_term_string"}}],"inLanguage":"en-GB"},{"@type":"Organization","@id":"https:\/\/nzjz-split.hr\/#organization","name":"Teaching Institute for Public Health, Split - Dalmatia County","url":"https:\/\/nzjz-split.hr\/","logo":{"@type":"ImageObject","inLanguage":"en-GB","@id":"https:\/\/nzjz-split.hr\/#\/schema\/logo\/image\/","url":"https:\/\/nzjz-split.hr\/wp-content\/uploads\/2021\/05\/nzjz-sdz-favicon-bg.png","contentUrl":"https:\/\/nzjz-split.hr\/wp-content\/uploads\/2021\/05\/nzjz-sdz-favicon-bg.png","width":220,"height":220,"caption":"Nastavni zavod za javno zdravstvo Splitsko - dalmatinske \u017eupanije"},"image":{"@id":"https:\/\/nzjz-split.hr\/#\/schema\/logo\/image\/"},"sameAs":["https:\/\/www.facebook.com\/NzjzSdz"]},{"@type":"Person","@id":"https:\/\/nzjz-split.hr\/#\/schema\/person\/e52cad7bfa5529dac02f3b50be5905b5","name":"Marijana","image":{"@type":"ImageObject","inLanguage":"en-GB","@id":"https:\/\/nzjz-split.hr\/wp-content\/litespeed\/avatar\/5b2a83fdf904bd8a5ed32d83fe22b54f.jpg?ver=1777490464","url":"https:\/\/nzjz-split.hr\/wp-content\/litespeed\/avatar\/5b2a83fdf904bd8a5ed32d83fe22b54f.jpg?ver=1777490464","contentUrl":"https:\/\/nzjz-split.hr\/wp-content\/litespeed\/avatar\/5b2a83fdf904bd8a5ed32d83fe22b54f.jpg?ver=1777490464","caption":"Marijana"}}]}},"_links":{"self":[{"href":"https:\/\/nzjz-split.hr\/en\/wp-json\/wp\/v2\/posts\/19492","targetHints":{"allow":["GET"]}}],"collection":[{"href":"https:\/\/nzjz-split.hr\/en\/wp-json\/wp\/v2\/posts"}],"about":[{"href":"https:\/\/nzjz-split.hr\/en\/wp-json\/wp\/v2\/types\/post"}],"author":[{"embeddable":true,"href":"https:\/\/nzjz-split.hr\/en\/wp-json\/wp\/v2\/users\/3"}],"replies":[{"embeddable":true,"href":"https:\/\/nzjz-split.hr\/en\/wp-json\/wp\/v2\/comments?post=19492"}],"version-history":[{"count":15,"href":"https:\/\/nzjz-split.hr\/en\/wp-json\/wp\/v2\/posts\/19492\/revisions"}],"predecessor-version":[{"id":19507,"href":"https:\/\/nzjz-split.hr\/en\/wp-json\/wp\/v2\/posts\/19492\/revisions\/19507"}],"wp:attachment":[{"href":"https:\/\/nzjz-split.hr\/en\/wp-json\/wp\/v2\/media?parent=19492"}],"wp:term":[{"taxonomy":"category","embeddable":true,"href":"https:\/\/nzjz-split.hr\/en\/wp-json\/wp\/v2\/categories?post=19492"},{"taxonomy":"post_tag","embeddable":true,"href":"https:\/\/nzjz-split.hr\/en\/wp-json\/wp\/v2\/tags?post=19492"}],"curies":[{"name":"wp","href":"https:\/\/api.w.org\/{rel}","templated":true}]}}