{"id":1978,"date":"2019-06-17T12:07:49","date_gmt":"2019-06-17T12:07:49","guid":{"rendered":"https:\/\/nzjz.wpengine.com\/2019\/06\/17\/prometne-guzve-u-jeku-turisticke-sezone-i-sve-vrucih-ljeta-trose-nas-polako-ali-sigurno\/"},"modified":"2021-05-19T06:31:55","modified_gmt":"2021-05-19T06:31:55","slug":"prometne-guzve-u-jeku-turisticke-sezone-i-sve-vrucih-ljeta-trose-nas-polako-ali-sigurno","status":"publish","type":"post","link":"https:\/\/nzjz-split.hr\/en\/prometne-guzve-u-jeku-turisticke-sezone-i-sve-vrucih-ljeta-trose-nas-polako-ali-sigurno\/","title":{"rendered":"Prometne gu\u017eve u jeku turisti\u010dke sezone i sve vru\u0107ih ljeta: tro\u0161e nas polako ali sigurno"},"content":{"rendered":"<p style=\"text-align: justify;\">Sve ono \u0161to je u\u010dinilo lagodnijim \u017eivot suvremenog \u010dovjeka uzokovalo je i izraziti stres, pa tako i u prometu. Negativan utjecaj cestovnog prometa je neosporan.<\/p>\n<p>  <!--more-->  <\/p>\n<p style=\"text-align: justify;\">Brojna istra\u017eivanja ve\u0107 su potvrdila povezanost izme\u0111u prometnih gu\u017evi i negativnih utjecaja na zdravlje. Upravo sudjelovanje u prometu, gu\u017eve, zastoji, radovi na cesti, \u017eurba ili propu\u0161tanje termina, nekulturno pona\u0161anje voza\u010da, nepropisno parkirana vozila, prestrojavanje bez \u017emigavaca, lo\u0161e prometnice, nepa\u017eljivi pje\u0161aci, neprikladna prometna rje\u0161enja-sve to spada u svakodnevne stresore.<br \/>Posebna su pri\u010da prometne gu\u017eve i prometni kolapsi u jeku turisti\u010dke sezone i sve vru\u0107ih ljeta. Tako i u na\u0161oj \u017eupaniji. U gradu Splitu \u010desto nesnosne gu\u017eve, kolone, ve\u0107 tradicionalno blokirane neke gradske ulice, turisti, kroni\u010dan nedostatak parkinga, radovi na cestama, iritiraju\u0107a buka, sve \u010de\u0161\u0107i prometni kolapsi, nervoza na kvadrat radi gubitka vremena i novaca, i vrlo opasna kombinacija umora i nervoze voza\u010da i vru\u0107ine uskoro su opet na\u0161a svakodnevnica.<br \/>\u010ceka nas repriza kolone automobila s prikolicama, kamp-ku\u0107ica, dostavnih kamiona, motorista s bisagama i svih drugih voza\u010da turista koji imaju svoje navike u prometu (neki su bezobzirni, ne daju \u017emigavac, trube, \u010desto bulje u mobitel, pi\u0161u i \u0161alju poruke i e-mailove, namje\u0161taju GPS-ove tijekom vo\u017enje, vrije\u0111aju druge voza\u010de&#8230;.). I mi, doma\u0107i voza\u010di,\u00a0 sa svim svojim manama i vrlinama, o kojima je i istra\u017eivanje Hrvatskog autokluba dalo apsolutno porazne podatke o voza\u010dkoj kulturi. Njih su svjesni svi koji na dnevnoj bazi sudjeluju u prometnom kaosu.<br \/>Neopisiv je osje\u0107aj nemo\u0107i i nekontrole vremenom, voza\u010da koji, dolaze\u0107i, pogotovo iz smjera Omi\u0161a, Trogira, Ka\u0161tela, Solina svakodnevno na radno mjesto uop\u0107e nisu u mogu\u0107nosti niti procijeniti koliko \u0107e im trajati vo\u017enja do radnog mjesta i natrag. <br \/>Ni ljeta odavno vi\u0161e nisu onakva, kakva su nekad bila. Nakon zapanjuju\u0107e svje\u017eeg svibnja, ve\u0107 nam sad prognoziraju iznadprosje\u010dno toplo ljeto. <br \/>U danima kad je u hladu preko 30 stupnjeva, automobili se pretvaraju u pe\u0107nice u samo nekoliko minuta. U automobilu parkiranom na suncu, dok je vani temperatura 25 stupnjeva Celzijusa, u nekoliko je minuta ve\u0107 40 stupnjeva, a ako je vru\u0107ina ve\u0107a, a autu za manje od 10 minuta mo\u017ee biti \u010dak 50 stupnjeva. U takvim se pe\u0107icama svakodnevno vra\u0107amo s radnog mjesta. I to nakon \u0161to smo izi\u0161li iz, pre\u010desto previ\u0161e rashla\u0111enih klimatiziranih ureda. Tako tijekom radnog dana, i po nekoliko puta, s paklenih +40\u00b0C\u00a0 ulazimo i izlazimo u druge urede, du\u0107ane, banke, ustanove, koji su ledeni kao \u0161krinje, daleko ispod optimalnih 24\u00b0C na kojoj organizam besprijekorno funkcionira i razlike izme\u0111u vanjske temperature i one u klimatiziranom prostoru koja ne bi smjela biti ve\u0107a od 6\u00b0C. Ako su temperaturne razlike prevelike, dolazi do promjena u kardiovaskularnom sustavu, pa \u010dak i zdrave osobe mogu imati probleme. I oni najizdr\u017eljiviji, \u010desto se \u017eale na suzenje o\u010diju, prehlade, sinuse, boli u vratu, le\u0111ima, ramenima, uhu, malaksali su, umorni&#8230;.<br \/>Stoga, automobil treba rashla\u0111ivati postupno, prvo otvoriti sve prozore pa tek onda sni\u017eavati temperaturu u autu, i to postupno. Velike i brzo postignute razlike izme\u0111u rashla\u0111enih (i to gotovo uvijek, prerashla\u0111enih) prostora i uzavrelog okoli\u0161a mogu biti vrlo opasne.<\/p>\n<p style=\"text-align: justify;\"><strong>\u0160to mo\u017eemo u\u010diniti?<\/strong><br \/>Stresnu situaciju u prometu, u pravilu, ne mo\u017eemo kontrolirati, ali uvijek mo\u017eemo svoju reakciju.<br \/>Duboko disati jer \u0107e nas to smiriti i usporiti ne\u017eeljene reakcije. Usmjeriti pozornost na ne\u0161to drugo. Misliti na ne\u0161to \u0161to nas smiruje. Uklju\u010diti omiljenu muziku. Ne ljutiti se na tu\u0111i propust jer ih i mi imamo. Shvatiti da smo u istoj situaciji kao i ostali i da nad njom nemamo kontrolu.<br \/>Gu\u017eva je i bit \u0107e gu\u017eva. Razmislimo o drugim voza\u010dima ljudski. Voza\u010di oko nas ne\u010dije su majke, o\u010devi, djeca, ro\u0111aci, prijatelji. Sve ovo i ne\u0161to sli\u010dno, puno je bolje od posljedica koju mo\u017ee prouzro\u010diti va\u0161a nepromi\u0161ljena ishitrena reakcija.<br \/>Do ju\u010der na\u0161e sluge, automobili su nam postali gospodari. Ono \u0161to nam je trebalo slu\u017eiti, danas dominira nad nama, mijenja nas u lo\u0161em smjeru, udaljava i jedne od drugih i nas samih. Gu\u017eva u prometu negdje je na vrhu patnji koje moderan \u010dovjek mo\u017ee pro\u017eivjeti, ali i jedan zatvoreni krug u kojem svi sudjelujemo! Cestovni je promet naj\u010de\u0161\u0107i izbor od svih vrsta kretanja, a automobil jo\u0161 uvijek zauzima prvo mjesto u izboru na\u010dina kretanja. <br \/>Svakodnevno smo izlo\u017eeni zaga\u0111enoj, bu\u010dnoj i opasnoj okolini koja naru\u0161ava zdravstveno stanje, a u prometnim gu\u017evama gubimo predragocijeno vrijeme i imamo manjak vremena za svoje obitelji i normalan privatan \u017eivot.<br \/>Nismo ni svjesni niza zdravstvenih problema koji mogu biti uvjetovani vo\u017enjom u prometu. Bez obzira \u0161to vo\u017enja automobilom od to\u010dke A do to\u010dke B djeluje kao udobnija i ljep\u0161a od alternativnih na\u010dina, kao \u0161to su pje\u0161a\u010denje ili vo\u017enja bicikla, ovaj \u201cugodan\u201d na\u010din mo\u017ee izazvati veliki broj zdravstvenih pote\u0161ko\u0107a. <br \/>Za sve koje \u017eive u gradovima prometna \u0107e gu\u017eva i dalje biti svakodnevnica.<br \/>Ako se radi o kra\u0107im udaljenostima, mo\u017eda bi bilo lak\u0161e i\u0107i biciklom ili pje\u0161ice,\u00a0 ukoliko se nema vremena onda mo\u017eda s kolegama organizirati da ih nekoliko putuje istim automobilom.<br \/>Od nervoze, bjesomu\u010dnog prestrojavanja, jurnjave kroz kolonu, ubacivanja \u201ena silu\u201c, trubljenja ili urlanja na druge voza\u010de nemamo ni\u0161ta. Kombinacija nervoze, tankih \u017eivaca, vru\u0107ine i nespretnih poteza mo\u017ee rezultirati samo ne\u017eeljenim situacijama.<br \/>\u00a0Za utjehu neka vam poslu\u017ei \u010dinjenica da smo mi gotovo pa prometni zen u usporedbi s najzagu\u0161enijim gradovima Europe i Sjeverne Amerike.<br \/>Zapravo, previ\u0161e vremena provodimo u automobilu. Razmislimo o tome da, barem,\u00a0 gdje god to mo\u017eemo, odvezemo automobile iz na\u0161ih \u017eivota.<\/p>\n<p style=\"text-align: right;\"><strong>Lidija Kova\u010di\u0107, prof.<\/strong><\/p>","protected":false},"excerpt":{"rendered":"<p>Sve ono \u0161to je u\u010dinilo lagodnijim \u017eivot suvremenog \u010dovjeka uzokovalo je i izraziti stres, pa tako i u prometu. Negativan utjecaj cestovnog prometa je neosporan.<\/p>","protected":false},"author":1,"featured_media":4153,"comment_status":"open","ping_status":"open","sticky":false,"template":"","format":"standard","meta":{"inline_featured_image":false,"footnotes":""},"categories":[16],"tags":[],"class_list":["post-1978","post","type-post","status-publish","format-standard","has-post-thumbnail","hentry","category-nekategorizirano"],"yoast_head":"<!-- This site is optimized with the Yoast SEO plugin v27.3 - https:\/\/yoast.com\/product\/yoast-seo-wordpress\/ -->\n<title>NZJZ SD\u017d - Prometne gu\u017eve u jeku turisti\u010dke sezone i sve vru\u0107ih ljeta: tro\u0161e nas polako ali sigurno<\/title>\n<meta name=\"description\" content=\"Slu\u017ebene internet stranice Nastavnog Zavoda za javno zdravstvo Splitsko-dalmatinske \u017eupanije.\" \/>\n<meta name=\"robots\" content=\"index, follow, max-snippet:-1, max-image-preview:large, max-video-preview:-1\" \/>\n<link rel=\"canonical\" href=\"https:\/\/nzjz-split.hr\/en\/prometne-guzve-u-jeku-turisticke-sezone-i-sve-vrucih-ljeta-trose-nas-polako-ali-sigurno\/\" \/>\n<meta property=\"og:locale\" content=\"en_GB\" \/>\n<meta property=\"og:type\" content=\"article\" \/>\n<meta property=\"og:title\" content=\"NZJZ SD\u017d - Prometne gu\u017eve u jeku turisti\u010dke sezone i sve vru\u0107ih ljeta: tro\u0161e nas polako ali sigurno\" \/>\n<meta property=\"og:description\" content=\"Slu\u017ebene internet stranice Nastavnog Zavoda za javno zdravstvo Splitsko-dalmatinske \u017eupanije.\" \/>\n<meta property=\"og:url\" content=\"https:\/\/nzjz-split.hr\/en\/prometne-guzve-u-jeku-turisticke-sezone-i-sve-vrucih-ljeta-trose-nas-polako-ali-sigurno\/\" \/>\n<meta property=\"og:site_name\" content=\"NZJZ SD\u017d\" \/>\n<meta property=\"article:publisher\" content=\"https:\/\/www.facebook.com\/NzjzSdz\" \/>\n<meta property=\"article:published_time\" content=\"2019-06-17T12:07:49+00:00\" \/>\n<meta property=\"article:modified_time\" content=\"2021-05-19T06:31:55+00:00\" \/>\n<meta property=\"og:image\" content=\"https:\/\/nzjz-split.hr\/wp-content\/uploads\/2021\/05\/traffic_jam_velika.jpg\" \/>\n\t<meta property=\"og:image:width\" content=\"1000\" \/>\n\t<meta property=\"og:image:height\" content=\"493\" \/>\n\t<meta property=\"og:image:type\" content=\"image\/jpeg\" \/>\n<meta name=\"author\" content=\"ForgeBIT\" \/>\n<meta name=\"twitter:card\" content=\"summary_large_image\" \/>\n<meta name=\"twitter:label1\" content=\"Written by\" \/>\n\t<meta name=\"twitter:data1\" content=\"ForgeBIT\" \/>\n\t<meta name=\"twitter:label2\" content=\"Estimated reading time\" \/>\n\t<meta name=\"twitter:data2\" content=\"5 minutes\" \/>\n<script type=\"application\/ld+json\" class=\"yoast-schema-graph\">{\"@context\":\"https:\\\/\\\/schema.org\",\"@graph\":[{\"@type\":\"Article\",\"@id\":\"https:\\\/\\\/nzjz-split.hr\\\/en\\\/prometne-guzve-u-jeku-turisticke-sezone-i-sve-vrucih-ljeta-trose-nas-polako-ali-sigurno\\\/#article\",\"isPartOf\":{\"@id\":\"https:\\\/\\\/nzjz-split.hr\\\/en\\\/prometne-guzve-u-jeku-turisticke-sezone-i-sve-vrucih-ljeta-trose-nas-polako-ali-sigurno\\\/\"},\"author\":{\"name\":\"ForgeBIT\",\"@id\":\"https:\\\/\\\/nzjz-split.hr\\\/#\\\/schema\\\/person\\\/b4b9f14518058e855f0658fe0f6605eb\"},\"headline\":\"Prometne gu\u017eve u jeku turisti\u010dke sezone i sve vru\u0107ih ljeta: tro\u0161e nas polako ali sigurno\",\"datePublished\":\"2019-06-17T12:07:49+00:00\",\"dateModified\":\"2021-05-19T06:31:55+00:00\",\"mainEntityOfPage\":{\"@id\":\"https:\\\/\\\/nzjz-split.hr\\\/en\\\/prometne-guzve-u-jeku-turisticke-sezone-i-sve-vrucih-ljeta-trose-nas-polako-ali-sigurno\\\/\"},\"wordCount\":1019,\"commentCount\":0,\"publisher\":{\"@id\":\"https:\\\/\\\/nzjz-split.hr\\\/#organization\"},\"image\":{\"@id\":\"https:\\\/\\\/nzjz-split.hr\\\/en\\\/prometne-guzve-u-jeku-turisticke-sezone-i-sve-vrucih-ljeta-trose-nas-polako-ali-sigurno\\\/#primaryimage\"},\"thumbnailUrl\":\"https:\\\/\\\/nzjz-split.hr\\\/wp-content\\\/uploads\\\/2021\\\/05\\\/traffic_jam_velika.jpg\",\"articleSection\":[\"Nekategorizirano\"],\"inLanguage\":\"en-GB\",\"potentialAction\":[{\"@type\":\"CommentAction\",\"name\":\"Comment\",\"target\":[\"https:\\\/\\\/nzjz-split.hr\\\/en\\\/prometne-guzve-u-jeku-turisticke-sezone-i-sve-vrucih-ljeta-trose-nas-polako-ali-sigurno\\\/#respond\"]}]},{\"@type\":\"WebPage\",\"@id\":\"https:\\\/\\\/nzjz-split.hr\\\/en\\\/prometne-guzve-u-jeku-turisticke-sezone-i-sve-vrucih-ljeta-trose-nas-polako-ali-sigurno\\\/\",\"url\":\"https:\\\/\\\/nzjz-split.hr\\\/en\\\/prometne-guzve-u-jeku-turisticke-sezone-i-sve-vrucih-ljeta-trose-nas-polako-ali-sigurno\\\/\",\"name\":\"NZJZ SD\u017d - Prometne gu\u017eve u jeku turisti\u010dke sezone i sve vru\u0107ih ljeta: tro\u0161e nas polako ali sigurno\",\"isPartOf\":{\"@id\":\"https:\\\/\\\/nzjz-split.hr\\\/#website\"},\"primaryImageOfPage\":{\"@id\":\"https:\\\/\\\/nzjz-split.hr\\\/en\\\/prometne-guzve-u-jeku-turisticke-sezone-i-sve-vrucih-ljeta-trose-nas-polako-ali-sigurno\\\/#primaryimage\"},\"image\":{\"@id\":\"https:\\\/\\\/nzjz-split.hr\\\/en\\\/prometne-guzve-u-jeku-turisticke-sezone-i-sve-vrucih-ljeta-trose-nas-polako-ali-sigurno\\\/#primaryimage\"},\"thumbnailUrl\":\"https:\\\/\\\/nzjz-split.hr\\\/wp-content\\\/uploads\\\/2021\\\/05\\\/traffic_jam_velika.jpg\",\"datePublished\":\"2019-06-17T12:07:49+00:00\",\"dateModified\":\"2021-05-19T06:31:55+00:00\",\"description\":\"Slu\u017ebene internet stranice Nastavnog Zavoda za javno zdravstvo Splitsko-dalmatinske \u017eupanije.\",\"breadcrumb\":{\"@id\":\"https:\\\/\\\/nzjz-split.hr\\\/en\\\/prometne-guzve-u-jeku-turisticke-sezone-i-sve-vrucih-ljeta-trose-nas-polako-ali-sigurno\\\/#breadcrumb\"},\"inLanguage\":\"en-GB\",\"potentialAction\":[{\"@type\":\"ReadAction\",\"target\":[\"https:\\\/\\\/nzjz-split.hr\\\/en\\\/prometne-guzve-u-jeku-turisticke-sezone-i-sve-vrucih-ljeta-trose-nas-polako-ali-sigurno\\\/\"]}]},{\"@type\":\"ImageObject\",\"inLanguage\":\"en-GB\",\"@id\":\"https:\\\/\\\/nzjz-split.hr\\\/en\\\/prometne-guzve-u-jeku-turisticke-sezone-i-sve-vrucih-ljeta-trose-nas-polako-ali-sigurno\\\/#primaryimage\",\"url\":\"https:\\\/\\\/nzjz-split.hr\\\/wp-content\\\/uploads\\\/2021\\\/05\\\/traffic_jam_velika.jpg\",\"contentUrl\":\"https:\\\/\\\/nzjz-split.hr\\\/wp-content\\\/uploads\\\/2021\\\/05\\\/traffic_jam_velika.jpg\",\"width\":1000,\"height\":493,\"caption\":\"Prometne gu\u017eve u jeku turisti\u010dke sezone i sve vru\u0107ih ljeta: tro\u0161e nas polako ali sigurno\"},{\"@type\":\"BreadcrumbList\",\"@id\":\"https:\\\/\\\/nzjz-split.hr\\\/en\\\/prometne-guzve-u-jeku-turisticke-sezone-i-sve-vrucih-ljeta-trose-nas-polako-ali-sigurno\\\/#breadcrumb\",\"itemListElement\":[{\"@type\":\"ListItem\",\"position\":1,\"name\":\"Naslovnica\",\"item\":\"https:\\\/\\\/nzjz-split.hr\\\/\"},{\"@type\":\"ListItem\",\"position\":2,\"name\":\"Prometne gu\u017eve u jeku turisti\u010dke sezone i sve vru\u0107ih ljeta: tro\u0161e nas polako ali sigurno\"}]},{\"@type\":\"WebSite\",\"@id\":\"https:\\\/\\\/nzjz-split.hr\\\/#website\",\"url\":\"https:\\\/\\\/nzjz-split.hr\\\/\",\"name\":\"NZJZ SD\u017d\",\"description\":\"Nastavni zavod za javno zdravstvo Splitsko - dalmatinske \u017eupanije\",\"publisher\":{\"@id\":\"https:\\\/\\\/nzjz-split.hr\\\/#organization\"},\"potentialAction\":[{\"@type\":\"SearchAction\",\"target\":{\"@type\":\"EntryPoint\",\"urlTemplate\":\"https:\\\/\\\/nzjz-split.hr\\\/?s={search_term_string}\"},\"query-input\":{\"@type\":\"PropertyValueSpecification\",\"valueRequired\":true,\"valueName\":\"search_term_string\"}}],\"inLanguage\":\"en-GB\"},{\"@type\":\"Organization\",\"@id\":\"https:\\\/\\\/nzjz-split.hr\\\/#organization\",\"name\":\"Nastavni zavod za javno zdravstvo Splitsko - dalmatinske \u017eupanije\",\"url\":\"https:\\\/\\\/nzjz-split.hr\\\/\",\"logo\":{\"@type\":\"ImageObject\",\"inLanguage\":\"en-GB\",\"@id\":\"https:\\\/\\\/nzjz-split.hr\\\/#\\\/schema\\\/logo\\\/image\\\/\",\"url\":\"https:\\\/\\\/nzjz-split.hr\\\/wp-content\\\/uploads\\\/2021\\\/05\\\/nzjz-sdz-favicon-bg.png\",\"contentUrl\":\"https:\\\/\\\/nzjz-split.hr\\\/wp-content\\\/uploads\\\/2021\\\/05\\\/nzjz-sdz-favicon-bg.png\",\"width\":220,\"height\":220,\"caption\":\"Nastavni zavod za javno zdravstvo Splitsko - dalmatinske \u017eupanije\"},\"image\":{\"@id\":\"https:\\\/\\\/nzjz-split.hr\\\/#\\\/schema\\\/logo\\\/image\\\/\"},\"sameAs\":[\"https:\\\/\\\/www.facebook.com\\\/NzjzSdz\"]},{\"@type\":\"Person\",\"@id\":\"https:\\\/\\\/nzjz-split.hr\\\/#\\\/schema\\\/person\\\/b4b9f14518058e855f0658fe0f6605eb\",\"name\":\"ForgeBIT\",\"image\":{\"@type\":\"ImageObject\",\"inLanguage\":\"en-GB\",\"@id\":\"https:\\\/\\\/nzjz-split.hr\\\/wp-content\\\/litespeed\\\/avatar\\\/807534c1949a29c271544ad2598d14d6.jpg?ver=1777486818\",\"url\":\"https:\\\/\\\/nzjz-split.hr\\\/wp-content\\\/litespeed\\\/avatar\\\/807534c1949a29c271544ad2598d14d6.jpg?ver=1777486818\",\"contentUrl\":\"https:\\\/\\\/nzjz-split.hr\\\/wp-content\\\/litespeed\\\/avatar\\\/807534c1949a29c271544ad2598d14d6.jpg?ver=1777486818\",\"caption\":\"ForgeBIT\"},\"sameAs\":[\"https:\\\/\\\/nzjz-split.hr\\\/wordpress\"]}]}<\/script>\n<!-- \/ Yoast SEO plugin. -->","yoast_head_json":{"title":"NZJZ SD\u017d - Prometne gu\u017eve u jeku turisti\u010dke sezone i sve vru\u0107ih ljeta: tro\u0161e nas polako ali sigurno","description":"Slu\u017ebene internet stranice Nastavnog Zavoda za javno zdravstvo Splitsko-dalmatinske \u017eupanije.","robots":{"index":"index","follow":"follow","max-snippet":"max-snippet:-1","max-image-preview":"max-image-preview:large","max-video-preview":"max-video-preview:-1"},"canonical":"https:\/\/nzjz-split.hr\/en\/prometne-guzve-u-jeku-turisticke-sezone-i-sve-vrucih-ljeta-trose-nas-polako-ali-sigurno\/","og_locale":"en_GB","og_type":"article","og_title":"NZJZ SD\u017d - Prometne gu\u017eve u jeku turisti\u010dke sezone i sve vru\u0107ih ljeta: tro\u0161e nas polako ali sigurno","og_description":"Slu\u017ebene internet stranice Nastavnog Zavoda za javno zdravstvo Splitsko-dalmatinske \u017eupanije.","og_url":"https:\/\/nzjz-split.hr\/en\/prometne-guzve-u-jeku-turisticke-sezone-i-sve-vrucih-ljeta-trose-nas-polako-ali-sigurno\/","og_site_name":"NZJZ SD\u017d","article_publisher":"https:\/\/www.facebook.com\/NzjzSdz","article_published_time":"2019-06-17T12:07:49+00:00","article_modified_time":"2021-05-19T06:31:55+00:00","og_image":[{"width":1000,"height":493,"url":"https:\/\/nzjz-split.hr\/wp-content\/uploads\/2021\/05\/traffic_jam_velika.jpg","type":"image\/jpeg"}],"author":"ForgeBIT","twitter_card":"summary_large_image","twitter_misc":{"Written by":"ForgeBIT","Estimated reading time":"5 minutes"},"schema":{"@context":"https:\/\/schema.org","@graph":[{"@type":"Article","@id":"https:\/\/nzjz-split.hr\/en\/prometne-guzve-u-jeku-turisticke-sezone-i-sve-vrucih-ljeta-trose-nas-polako-ali-sigurno\/#article","isPartOf":{"@id":"https:\/\/nzjz-split.hr\/en\/prometne-guzve-u-jeku-turisticke-sezone-i-sve-vrucih-ljeta-trose-nas-polako-ali-sigurno\/"},"author":{"name":"ForgeBIT","@id":"https:\/\/nzjz-split.hr\/#\/schema\/person\/b4b9f14518058e855f0658fe0f6605eb"},"headline":"Prometne gu\u017eve u jeku turisti\u010dke sezone i sve vru\u0107ih ljeta: tro\u0161e nas polako ali sigurno","datePublished":"2019-06-17T12:07:49+00:00","dateModified":"2021-05-19T06:31:55+00:00","mainEntityOfPage":{"@id":"https:\/\/nzjz-split.hr\/en\/prometne-guzve-u-jeku-turisticke-sezone-i-sve-vrucih-ljeta-trose-nas-polako-ali-sigurno\/"},"wordCount":1019,"commentCount":0,"publisher":{"@id":"https:\/\/nzjz-split.hr\/#organization"},"image":{"@id":"https:\/\/nzjz-split.hr\/en\/prometne-guzve-u-jeku-turisticke-sezone-i-sve-vrucih-ljeta-trose-nas-polako-ali-sigurno\/#primaryimage"},"thumbnailUrl":"https:\/\/nzjz-split.hr\/wp-content\/uploads\/2021\/05\/traffic_jam_velika.jpg","articleSection":["Nekategorizirano"],"inLanguage":"en-GB","potentialAction":[{"@type":"CommentAction","name":"Comment","target":["https:\/\/nzjz-split.hr\/en\/prometne-guzve-u-jeku-turisticke-sezone-i-sve-vrucih-ljeta-trose-nas-polako-ali-sigurno\/#respond"]}]},{"@type":"WebPage","@id":"https:\/\/nzjz-split.hr\/en\/prometne-guzve-u-jeku-turisticke-sezone-i-sve-vrucih-ljeta-trose-nas-polako-ali-sigurno\/","url":"https:\/\/nzjz-split.hr\/en\/prometne-guzve-u-jeku-turisticke-sezone-i-sve-vrucih-ljeta-trose-nas-polako-ali-sigurno\/","name":"NZJZ SD\u017d - Prometne gu\u017eve u jeku turisti\u010dke sezone i sve vru\u0107ih ljeta: tro\u0161e nas polako ali sigurno","isPartOf":{"@id":"https:\/\/nzjz-split.hr\/#website"},"primaryImageOfPage":{"@id":"https:\/\/nzjz-split.hr\/en\/prometne-guzve-u-jeku-turisticke-sezone-i-sve-vrucih-ljeta-trose-nas-polako-ali-sigurno\/#primaryimage"},"image":{"@id":"https:\/\/nzjz-split.hr\/en\/prometne-guzve-u-jeku-turisticke-sezone-i-sve-vrucih-ljeta-trose-nas-polako-ali-sigurno\/#primaryimage"},"thumbnailUrl":"https:\/\/nzjz-split.hr\/wp-content\/uploads\/2021\/05\/traffic_jam_velika.jpg","datePublished":"2019-06-17T12:07:49+00:00","dateModified":"2021-05-19T06:31:55+00:00","description":"Slu\u017ebene internet stranice Nastavnog Zavoda za javno zdravstvo Splitsko-dalmatinske \u017eupanije.","breadcrumb":{"@id":"https:\/\/nzjz-split.hr\/en\/prometne-guzve-u-jeku-turisticke-sezone-i-sve-vrucih-ljeta-trose-nas-polako-ali-sigurno\/#breadcrumb"},"inLanguage":"en-GB","potentialAction":[{"@type":"ReadAction","target":["https:\/\/nzjz-split.hr\/en\/prometne-guzve-u-jeku-turisticke-sezone-i-sve-vrucih-ljeta-trose-nas-polako-ali-sigurno\/"]}]},{"@type":"ImageObject","inLanguage":"en-GB","@id":"https:\/\/nzjz-split.hr\/en\/prometne-guzve-u-jeku-turisticke-sezone-i-sve-vrucih-ljeta-trose-nas-polako-ali-sigurno\/#primaryimage","url":"https:\/\/nzjz-split.hr\/wp-content\/uploads\/2021\/05\/traffic_jam_velika.jpg","contentUrl":"https:\/\/nzjz-split.hr\/wp-content\/uploads\/2021\/05\/traffic_jam_velika.jpg","width":1000,"height":493,"caption":"Prometne gu\u017eve u jeku turisti\u010dke sezone i sve vru\u0107ih ljeta: tro\u0161e nas polako ali sigurno"},{"@type":"BreadcrumbList","@id":"https:\/\/nzjz-split.hr\/en\/prometne-guzve-u-jeku-turisticke-sezone-i-sve-vrucih-ljeta-trose-nas-polako-ali-sigurno\/#breadcrumb","itemListElement":[{"@type":"ListItem","position":1,"name":"Naslovnica","item":"https:\/\/nzjz-split.hr\/"},{"@type":"ListItem","position":2,"name":"Prometne gu\u017eve u jeku turisti\u010dke sezone i sve vru\u0107ih ljeta: tro\u0161e nas polako ali sigurno"}]},{"@type":"WebSite","@id":"https:\/\/nzjz-split.hr\/#website","url":"https:\/\/nzjz-split.hr\/","name":"NZJZ SD\u017d","description":"Teaching Institute for Public Health, Split - Dalmatia County","publisher":{"@id":"https:\/\/nzjz-split.hr\/#organization"},"potentialAction":[{"@type":"SearchAction","target":{"@type":"EntryPoint","urlTemplate":"https:\/\/nzjz-split.hr\/?s={search_term_string}"},"query-input":{"@type":"PropertyValueSpecification","valueRequired":true,"valueName":"search_term_string"}}],"inLanguage":"en-GB"},{"@type":"Organization","@id":"https:\/\/nzjz-split.hr\/#organization","name":"Teaching Institute for Public Health, Split - Dalmatia County","url":"https:\/\/nzjz-split.hr\/","logo":{"@type":"ImageObject","inLanguage":"en-GB","@id":"https:\/\/nzjz-split.hr\/#\/schema\/logo\/image\/","url":"https:\/\/nzjz-split.hr\/wp-content\/uploads\/2021\/05\/nzjz-sdz-favicon-bg.png","contentUrl":"https:\/\/nzjz-split.hr\/wp-content\/uploads\/2021\/05\/nzjz-sdz-favicon-bg.png","width":220,"height":220,"caption":"Nastavni zavod za javno zdravstvo Splitsko - dalmatinske \u017eupanije"},"image":{"@id":"https:\/\/nzjz-split.hr\/#\/schema\/logo\/image\/"},"sameAs":["https:\/\/www.facebook.com\/NzjzSdz"]},{"@type":"Person","@id":"https:\/\/nzjz-split.hr\/#\/schema\/person\/b4b9f14518058e855f0658fe0f6605eb","name":"ForgeBIT","image":{"@type":"ImageObject","inLanguage":"en-GB","@id":"https:\/\/nzjz-split.hr\/wp-content\/litespeed\/avatar\/807534c1949a29c271544ad2598d14d6.jpg?ver=1777486818","url":"https:\/\/nzjz-split.hr\/wp-content\/litespeed\/avatar\/807534c1949a29c271544ad2598d14d6.jpg?ver=1777486818","contentUrl":"https:\/\/nzjz-split.hr\/wp-content\/litespeed\/avatar\/807534c1949a29c271544ad2598d14d6.jpg?ver=1777486818","caption":"ForgeBIT"},"sameAs":["https:\/\/nzjz-split.hr\/wordpress"]}]}},"_links":{"self":[{"href":"https:\/\/nzjz-split.hr\/en\/wp-json\/wp\/v2\/posts\/1978","targetHints":{"allow":["GET"]}}],"collection":[{"href":"https:\/\/nzjz-split.hr\/en\/wp-json\/wp\/v2\/posts"}],"about":[{"href":"https:\/\/nzjz-split.hr\/en\/wp-json\/wp\/v2\/types\/post"}],"author":[{"embeddable":true,"href":"https:\/\/nzjz-split.hr\/en\/wp-json\/wp\/v2\/users\/1"}],"replies":[{"embeddable":true,"href":"https:\/\/nzjz-split.hr\/en\/wp-json\/wp\/v2\/comments?post=1978"}],"version-history":[{"count":0,"href":"https:\/\/nzjz-split.hr\/en\/wp-json\/wp\/v2\/posts\/1978\/revisions"}],"wp:featuredmedia":[{"embeddable":true,"href":"https:\/\/nzjz-split.hr\/en\/wp-json\/wp\/v2\/media\/4153"}],"wp:attachment":[{"href":"https:\/\/nzjz-split.hr\/en\/wp-json\/wp\/v2\/media?parent=1978"}],"wp:term":[{"taxonomy":"category","embeddable":true,"href":"https:\/\/nzjz-split.hr\/en\/wp-json\/wp\/v2\/categories?post=1978"},{"taxonomy":"post_tag","embeddable":true,"href":"https:\/\/nzjz-split.hr\/en\/wp-json\/wp\/v2\/tags?post=1978"}],"curies":[{"name":"wp","href":"https:\/\/api.w.org\/{rel}","templated":true}]}}