{"id":2001,"date":"2019-09-10T06:54:13","date_gmt":"2019-09-10T06:54:13","guid":{"rendered":"https:\/\/nzjz.wpengine.com\/2019\/09\/10\/svjetski-dan-suicida-10-09-2019\/"},"modified":"2021-05-19T06:31:46","modified_gmt":"2021-05-19T06:31:46","slug":"svjetski-dan-suicida-10-09-2019","status":"publish","type":"post","link":"https:\/\/nzjz-split.hr\/en\/svjetski-dan-suicida-10-09-2019\/","title":{"rendered":"Svjetski dan prevencije suicida 10.09.2019."},"content":{"rendered":"<p style=\"text-align: justify;\"><span style=\"color: #ff0000;\"><strong>Zajedno, za \u017eivot!<\/strong><\/span><br \/><strong>Svjetski dan prevencije samoubojstava<\/strong> obilje\u017eava se svake godine 10. rujna na inicijativu Me\u0111unarodnog udru\u017eenja za prevenciju samoubojstava (engl.<em> International Association for Suicide Prevention<\/em> \u2013 IASP) i u suradnji sa Svjetskom zdravstvenom organizacijom\u00a0 u cilju podizanja svjesnosti o potrebi i obvezi aktivnosti na prevenciji samoubojstava na globalnoj razini. I ove se godine\u00a0 obilje\u017eavanje provodi osamnaesti put za redom. Sama\u00a0 kampanja zadnje tri godine skre\u0107e pozornost na\u00a0 va\u017enost suradnje tijekom\u00a0 prevencije samoubojstava. Svrha ove inicijative je i smanjenje stigme te poticanje na spoznaju zajedni\u010dkim mogu\u0107im djelovanjem.<\/p>\n<p>  <!--more-->  <\/p>\n<p style=\"text-align: justify;\"><strong>Postupci prevencije samoubojstva od iznimne su va\u017enosti za svakog pojedinca u pove\u0107anom\u00a0 riziku.<\/strong>\u00a0 Dru\u0161tvena povezanost i odgovornost zajednice s jasnim ciljem i prioritetom brige o mentalnom zdravlju smanjuje rizik suicida. Aktivnosti u zajednici i osposobljenosti ljudi koji pru\u017eaju potporu onima koji postaju ili jesu izolirani u svojoj emocionalnoj patnji ponekad mo\u017ee biti presudna za spa\u0161avanje \u017eivota.\u00a0 Otvoreni razgovor, koji budi suosje\u0107anje i razumijevanje uvijek poma\u017ee! <br \/>Mediji tako\u0111er imaju bitnu ulogu u prevenciji samoubojstva, jer na\u010din na koji izvje\u0161tavaju o ovoj te\u0161koj i osjetljivoj temi mo\u017ee utjecati na porasti broja \u017ertava.. Kako bi mogli identificirati i pru\u017eiti podr\u0161ku onima koji su u potrebi zbog \u201ementalne boli\u201c najprije trebamo i sami pokazati brigu\u2026!<\/p>\n<p>Razli\u010dite \u017eivotne prilike mogu kod ljudi\u00a0 potaknuti suicidalno pona\u0161anje, a \u010desto su to: konflikti, prirodne ili ratne katastrofe, nasilje, zlostavljanje, osamljenost , priroda du\u0161evne bolesti.\u00a0 Izlo\u017eenost raznim oblicima diskriminacije, a pogotovo\u00a0 kod najranjivijih skupina, djece i mladih. Osim toga osamljenost, izolacija na dru\u0161tvenoj razini\u00a0 pove\u0107ava i rizik od samoubojstva i obratno, sna\u017ena povezanost me\u0111u ljudima mo\u017ee za\u0161titi osobu od poku\u0161aja samoubojstva. Stoga, iskrena osobna briga i pozornost, obiteljski, dru\u0161tveno, profesionalno i ljudski, poti\u010de potrebnu empatiju prema osobama u problemu.\u00a0 <strong>Djelujmo zajedno na\u00a0\u00a0 prevenciji suicida, slijedimo integrirane sveobuhvatne\u00a0 strategije na individualnoj, sustavnoj i grupnoj razini te uva\u017eimo iskustva ljudi koji su i sami pokazivali znakove suicidalnog pona\u0161anja!<\/strong><\/p>\n<p>Pomo\u0107i onima koji pate ili koji su se udaljili od dru\u0161tva te mogu\u0107a i dostupna stru\u010dna podr\u0161ka mo\u017ee biti presudna pri spa\u0161avanju ne\u010dijeg \u017eivota. To podrazumijeva\u00a0 i aktivno slu\u0161anje i brigu o ugro\u017eenom pojedincu, bez ikakvog osu\u0111ivanja i sa potpunim razumijevanjem. Daju\u0107i osobi u riziku mogu\u0107nost da razgovara o svojim osje\u0107ajima, u svom vremenu i na svoj na\u010din, tako\u0111er mo\u017ee biti \u010din kojim \u0107emo nekome spasiti \u017eivot. <br \/>\u00a0\u00a0\u00a0 \u00a0<\/p>\n<p style=\"text-align: right;\"><strong>Voditeljica Odsjeka za preventivne programe u Slu\u017ebi za mentalno zdravlje<\/strong><br \/><strong>Mirela Grbi\u0107, prof.<\/strong><\/p>\n<p style=\"text-align: justify;\"><img fetchpriority=\"high\" decoding=\"async\" class=\"size-full wp-image-2000\" src=\"https:\/\/nzjz-split.hr\/wp-content\/uploads\/2019\/09\/suicid_2019.jpg\" alt=\"\" width=\"871\" height=\"1267\" srcset=\"https:\/\/nzjz-split.hr\/wp-content\/uploads\/2019\/09\/suicid_2019.jpg 1000w, https:\/\/nzjz-split.hr\/wp-content\/uploads\/2019\/09\/suicid_2019-600x873.jpg 600w\" sizes=\"(max-width: 871px) 100vw, 871px\" \/>\u00a0<\/p>\n<p style=\"text-align: right;\">\u00a0<\/p>\n<p style=\"text-align: right;\">\u00a0<\/p>","protected":false},"excerpt":{"rendered":"<p>Zajedno, za \u017eivot!Svjetski dan prevencije samoubojstava obilje\u017eava se svake godine 10. rujna na inicijativu Me\u0111unarodnog udru\u017eenja za prevenciju samoubojstava (engl. International Association for Suicide Prevention \u2013 IASP) i u suradnji sa Svjetskom zdravstvenom organizacijom\u00a0 u cilju podizanja svjesnosti o potrebi i obvezi aktivnosti na prevenciji samoubojstava na globalnoj razini. I ove se godine\u00a0 obilje\u017eavanje provodi [&hellip;]<\/p>\n","protected":false},"author":1,"featured_media":0,"comment_status":"open","ping_status":"open","sticky":false,"template":"","format":"standard","meta":{"inline_featured_image":false,"footnotes":""},"categories":[38],"tags":[],"class_list":["post-2001","post","type-post","status-publish","format-standard","hentry","category-sluzba-za-mentalno-zdravlje"],"yoast_head":"<!-- This site is optimized with the Yoast SEO plugin v27.3 - https:\/\/yoast.com\/product\/yoast-seo-wordpress\/ -->\n<title>NZJZ SD\u017d - Svjetski dan prevencije suicida 10.09.2019.<\/title>\n<meta name=\"description\" content=\"Slu\u017ebene internet stranice Nastavnog Zavoda za javno zdravstvo Splitsko-dalmatinske \u017eupanije.\" \/>\n<meta name=\"robots\" content=\"index, follow, max-snippet:-1, max-image-preview:large, max-video-preview:-1\" \/>\n<link rel=\"canonical\" href=\"https:\/\/nzjz-split.hr\/en\/svjetski-dan-suicida-10-09-2019\/\" \/>\n<meta property=\"og:locale\" content=\"en_GB\" \/>\n<meta property=\"og:type\" content=\"article\" \/>\n<meta property=\"og:title\" content=\"NZJZ SD\u017d - Svjetski dan prevencije suicida 10.09.2019.\" \/>\n<meta property=\"og:description\" content=\"Slu\u017ebene internet stranice Nastavnog Zavoda za javno zdravstvo Splitsko-dalmatinske \u017eupanije.\" \/>\n<meta property=\"og:url\" content=\"https:\/\/nzjz-split.hr\/en\/svjetski-dan-suicida-10-09-2019\/\" \/>\n<meta property=\"og:site_name\" content=\"NZJZ SD\u017d\" \/>\n<meta property=\"article:publisher\" content=\"https:\/\/www.facebook.com\/NzjzSdz\" \/>\n<meta property=\"article:published_time\" content=\"2019-09-10T06:54:13+00:00\" \/>\n<meta property=\"article:modified_time\" content=\"2021-05-19T06:31:46+00:00\" \/>\n<meta property=\"og:image\" content=\"https:\/\/nzjz-split.hr\/wp-content\/uploads\/2019\/09\/suicid_2019.jpg\" \/>\n<meta name=\"author\" content=\"ForgeBIT\" \/>\n<meta name=\"twitter:card\" content=\"summary_large_image\" \/>\n<meta name=\"twitter:label1\" content=\"Written by\" \/>\n\t<meta name=\"twitter:data1\" content=\"ForgeBIT\" \/>\n\t<meta name=\"twitter:label2\" content=\"Estimated reading time\" \/>\n\t<meta name=\"twitter:data2\" content=\"2 minutes\" \/>\n<script type=\"application\/ld+json\" class=\"yoast-schema-graph\">{\"@context\":\"https:\\\/\\\/schema.org\",\"@graph\":[{\"@type\":\"Article\",\"@id\":\"https:\\\/\\\/nzjz-split.hr\\\/svjetski-dan-suicida-10-09-2019\\\/#article\",\"isPartOf\":{\"@id\":\"https:\\\/\\\/nzjz-split.hr\\\/svjetski-dan-suicida-10-09-2019\\\/\"},\"author\":{\"name\":\"ForgeBIT\",\"@id\":\"https:\\\/\\\/nzjz-split.hr\\\/#\\\/schema\\\/person\\\/b4b9f14518058e855f0658fe0f6605eb\"},\"headline\":\"Svjetski dan prevencije suicida 10.09.2019.\",\"datePublished\":\"2019-09-10T06:54:13+00:00\",\"dateModified\":\"2021-05-19T06:31:46+00:00\",\"mainEntityOfPage\":{\"@id\":\"https:\\\/\\\/nzjz-split.hr\\\/svjetski-dan-suicida-10-09-2019\\\/\"},\"wordCount\":441,\"commentCount\":0,\"publisher\":{\"@id\":\"https:\\\/\\\/nzjz-split.hr\\\/#organization\"},\"image\":{\"@id\":\"https:\\\/\\\/nzjz-split.hr\\\/svjetski-dan-suicida-10-09-2019\\\/#primaryimage\"},\"thumbnailUrl\":\"https:\\\/\\\/nzjz-split.hr\\\/wp-content\\\/uploads\\\/2019\\\/09\\\/suicid_2019.jpg\",\"articleSection\":[\"Slu\u017eba za mentalno zdravlje\"],\"inLanguage\":\"en-GB\",\"potentialAction\":[{\"@type\":\"CommentAction\",\"name\":\"Comment\",\"target\":[\"https:\\\/\\\/nzjz-split.hr\\\/svjetski-dan-suicida-10-09-2019\\\/#respond\"]}]},{\"@type\":\"WebPage\",\"@id\":\"https:\\\/\\\/nzjz-split.hr\\\/svjetski-dan-suicida-10-09-2019\\\/\",\"url\":\"https:\\\/\\\/nzjz-split.hr\\\/svjetski-dan-suicida-10-09-2019\\\/\",\"name\":\"NZJZ SD\u017d - Svjetski dan prevencije suicida 10.09.2019.\",\"isPartOf\":{\"@id\":\"https:\\\/\\\/nzjz-split.hr\\\/#website\"},\"primaryImageOfPage\":{\"@id\":\"https:\\\/\\\/nzjz-split.hr\\\/svjetski-dan-suicida-10-09-2019\\\/#primaryimage\"},\"image\":{\"@id\":\"https:\\\/\\\/nzjz-split.hr\\\/svjetski-dan-suicida-10-09-2019\\\/#primaryimage\"},\"thumbnailUrl\":\"https:\\\/\\\/nzjz-split.hr\\\/wp-content\\\/uploads\\\/2019\\\/09\\\/suicid_2019.jpg\",\"datePublished\":\"2019-09-10T06:54:13+00:00\",\"dateModified\":\"2021-05-19T06:31:46+00:00\",\"description\":\"Slu\u017ebene internet stranice Nastavnog Zavoda za javno zdravstvo Splitsko-dalmatinske \u017eupanije.\",\"breadcrumb\":{\"@id\":\"https:\\\/\\\/nzjz-split.hr\\\/svjetski-dan-suicida-10-09-2019\\\/#breadcrumb\"},\"inLanguage\":\"en-GB\",\"potentialAction\":[{\"@type\":\"ReadAction\",\"target\":[\"https:\\\/\\\/nzjz-split.hr\\\/svjetski-dan-suicida-10-09-2019\\\/\"]}]},{\"@type\":\"ImageObject\",\"inLanguage\":\"en-GB\",\"@id\":\"https:\\\/\\\/nzjz-split.hr\\\/svjetski-dan-suicida-10-09-2019\\\/#primaryimage\",\"url\":\"https:\\\/\\\/nzjz-split.hr\\\/wp-content\\\/uploads\\\/2019\\\/09\\\/suicid_2019.jpg\",\"contentUrl\":\"https:\\\/\\\/nzjz-split.hr\\\/wp-content\\\/uploads\\\/2019\\\/09\\\/suicid_2019.jpg\"},{\"@type\":\"BreadcrumbList\",\"@id\":\"https:\\\/\\\/nzjz-split.hr\\\/svjetski-dan-suicida-10-09-2019\\\/#breadcrumb\",\"itemListElement\":[{\"@type\":\"ListItem\",\"position\":1,\"name\":\"Naslovnica\",\"item\":\"https:\\\/\\\/nzjz-split.hr\\\/\"},{\"@type\":\"ListItem\",\"position\":2,\"name\":\"Svjetski dan prevencije suicida 10.09.2019.\"}]},{\"@type\":\"WebSite\",\"@id\":\"https:\\\/\\\/nzjz-split.hr\\\/#website\",\"url\":\"https:\\\/\\\/nzjz-split.hr\\\/\",\"name\":\"NZJZ SD\u017d\",\"description\":\"Nastavni zavod za javno zdravstvo Splitsko - dalmatinske \u017eupanije\",\"publisher\":{\"@id\":\"https:\\\/\\\/nzjz-split.hr\\\/#organization\"},\"potentialAction\":[{\"@type\":\"SearchAction\",\"target\":{\"@type\":\"EntryPoint\",\"urlTemplate\":\"https:\\\/\\\/nzjz-split.hr\\\/?s={search_term_string}\"},\"query-input\":{\"@type\":\"PropertyValueSpecification\",\"valueRequired\":true,\"valueName\":\"search_term_string\"}}],\"inLanguage\":\"en-GB\"},{\"@type\":\"Organization\",\"@id\":\"https:\\\/\\\/nzjz-split.hr\\\/#organization\",\"name\":\"Nastavni zavod za javno zdravstvo Splitsko - dalmatinske \u017eupanije\",\"url\":\"https:\\\/\\\/nzjz-split.hr\\\/\",\"logo\":{\"@type\":\"ImageObject\",\"inLanguage\":\"en-GB\",\"@id\":\"https:\\\/\\\/nzjz-split.hr\\\/#\\\/schema\\\/logo\\\/image\\\/\",\"url\":\"https:\\\/\\\/nzjz-split.hr\\\/wp-content\\\/uploads\\\/2021\\\/05\\\/nzjz-sdz-favicon-bg.png\",\"contentUrl\":\"https:\\\/\\\/nzjz-split.hr\\\/wp-content\\\/uploads\\\/2021\\\/05\\\/nzjz-sdz-favicon-bg.png\",\"width\":220,\"height\":220,\"caption\":\"Nastavni zavod za javno zdravstvo Splitsko - dalmatinske \u017eupanije\"},\"image\":{\"@id\":\"https:\\\/\\\/nzjz-split.hr\\\/#\\\/schema\\\/logo\\\/image\\\/\"},\"sameAs\":[\"https:\\\/\\\/www.facebook.com\\\/NzjzSdz\"]},{\"@type\":\"Person\",\"@id\":\"https:\\\/\\\/nzjz-split.hr\\\/#\\\/schema\\\/person\\\/b4b9f14518058e855f0658fe0f6605eb\",\"name\":\"ForgeBIT\",\"image\":{\"@type\":\"ImageObject\",\"inLanguage\":\"en-GB\",\"@id\":\"https:\\\/\\\/nzjz-split.hr\\\/wp-content\\\/litespeed\\\/avatar\\\/807534c1949a29c271544ad2598d14d6.jpg?ver=1777486818\",\"url\":\"https:\\\/\\\/nzjz-split.hr\\\/wp-content\\\/litespeed\\\/avatar\\\/807534c1949a29c271544ad2598d14d6.jpg?ver=1777486818\",\"contentUrl\":\"https:\\\/\\\/nzjz-split.hr\\\/wp-content\\\/litespeed\\\/avatar\\\/807534c1949a29c271544ad2598d14d6.jpg?ver=1777486818\",\"caption\":\"ForgeBIT\"},\"sameAs\":[\"https:\\\/\\\/nzjz-split.hr\\\/wordpress\"]}]}<\/script>\n<!-- \/ Yoast SEO plugin. -->","yoast_head_json":{"title":"NZJZ SD\u017d - Svjetski dan prevencije suicida 10.09.2019.","description":"Slu\u017ebene internet stranice Nastavnog Zavoda za javno zdravstvo Splitsko-dalmatinske \u017eupanije.","robots":{"index":"index","follow":"follow","max-snippet":"max-snippet:-1","max-image-preview":"max-image-preview:large","max-video-preview":"max-video-preview:-1"},"canonical":"https:\/\/nzjz-split.hr\/en\/svjetski-dan-suicida-10-09-2019\/","og_locale":"en_GB","og_type":"article","og_title":"NZJZ SD\u017d - Svjetski dan prevencije suicida 10.09.2019.","og_description":"Slu\u017ebene internet stranice Nastavnog Zavoda za javno zdravstvo Splitsko-dalmatinske \u017eupanije.","og_url":"https:\/\/nzjz-split.hr\/en\/svjetski-dan-suicida-10-09-2019\/","og_site_name":"NZJZ SD\u017d","article_publisher":"https:\/\/www.facebook.com\/NzjzSdz","article_published_time":"2019-09-10T06:54:13+00:00","article_modified_time":"2021-05-19T06:31:46+00:00","og_image":[{"url":"https:\/\/nzjz-split.hr\/wp-content\/uploads\/2019\/09\/suicid_2019.jpg","type":"","width":"","height":""}],"author":"ForgeBIT","twitter_card":"summary_large_image","twitter_misc":{"Written by":"ForgeBIT","Estimated reading time":"2 minutes"},"schema":{"@context":"https:\/\/schema.org","@graph":[{"@type":"Article","@id":"https:\/\/nzjz-split.hr\/svjetski-dan-suicida-10-09-2019\/#article","isPartOf":{"@id":"https:\/\/nzjz-split.hr\/svjetski-dan-suicida-10-09-2019\/"},"author":{"name":"ForgeBIT","@id":"https:\/\/nzjz-split.hr\/#\/schema\/person\/b4b9f14518058e855f0658fe0f6605eb"},"headline":"Svjetski dan prevencije suicida 10.09.2019.","datePublished":"2019-09-10T06:54:13+00:00","dateModified":"2021-05-19T06:31:46+00:00","mainEntityOfPage":{"@id":"https:\/\/nzjz-split.hr\/svjetski-dan-suicida-10-09-2019\/"},"wordCount":441,"commentCount":0,"publisher":{"@id":"https:\/\/nzjz-split.hr\/#organization"},"image":{"@id":"https:\/\/nzjz-split.hr\/svjetski-dan-suicida-10-09-2019\/#primaryimage"},"thumbnailUrl":"https:\/\/nzjz-split.hr\/wp-content\/uploads\/2019\/09\/suicid_2019.jpg","articleSection":["Slu\u017eba za mentalno zdravlje"],"inLanguage":"en-GB","potentialAction":[{"@type":"CommentAction","name":"Comment","target":["https:\/\/nzjz-split.hr\/svjetski-dan-suicida-10-09-2019\/#respond"]}]},{"@type":"WebPage","@id":"https:\/\/nzjz-split.hr\/svjetski-dan-suicida-10-09-2019\/","url":"https:\/\/nzjz-split.hr\/svjetski-dan-suicida-10-09-2019\/","name":"NZJZ SD\u017d - Svjetski dan prevencije suicida 10.09.2019.","isPartOf":{"@id":"https:\/\/nzjz-split.hr\/#website"},"primaryImageOfPage":{"@id":"https:\/\/nzjz-split.hr\/svjetski-dan-suicida-10-09-2019\/#primaryimage"},"image":{"@id":"https:\/\/nzjz-split.hr\/svjetski-dan-suicida-10-09-2019\/#primaryimage"},"thumbnailUrl":"https:\/\/nzjz-split.hr\/wp-content\/uploads\/2019\/09\/suicid_2019.jpg","datePublished":"2019-09-10T06:54:13+00:00","dateModified":"2021-05-19T06:31:46+00:00","description":"Slu\u017ebene internet stranice Nastavnog Zavoda za javno zdravstvo Splitsko-dalmatinske \u017eupanije.","breadcrumb":{"@id":"https:\/\/nzjz-split.hr\/svjetski-dan-suicida-10-09-2019\/#breadcrumb"},"inLanguage":"en-GB","potentialAction":[{"@type":"ReadAction","target":["https:\/\/nzjz-split.hr\/svjetski-dan-suicida-10-09-2019\/"]}]},{"@type":"ImageObject","inLanguage":"en-GB","@id":"https:\/\/nzjz-split.hr\/svjetski-dan-suicida-10-09-2019\/#primaryimage","url":"https:\/\/nzjz-split.hr\/wp-content\/uploads\/2019\/09\/suicid_2019.jpg","contentUrl":"https:\/\/nzjz-split.hr\/wp-content\/uploads\/2019\/09\/suicid_2019.jpg"},{"@type":"BreadcrumbList","@id":"https:\/\/nzjz-split.hr\/svjetski-dan-suicida-10-09-2019\/#breadcrumb","itemListElement":[{"@type":"ListItem","position":1,"name":"Naslovnica","item":"https:\/\/nzjz-split.hr\/"},{"@type":"ListItem","position":2,"name":"Svjetski dan prevencije suicida 10.09.2019."}]},{"@type":"WebSite","@id":"https:\/\/nzjz-split.hr\/#website","url":"https:\/\/nzjz-split.hr\/","name":"NZJZ SD\u017d","description":"Teaching Institute for Public Health, Split - Dalmatia County","publisher":{"@id":"https:\/\/nzjz-split.hr\/#organization"},"potentialAction":[{"@type":"SearchAction","target":{"@type":"EntryPoint","urlTemplate":"https:\/\/nzjz-split.hr\/?s={search_term_string}"},"query-input":{"@type":"PropertyValueSpecification","valueRequired":true,"valueName":"search_term_string"}}],"inLanguage":"en-GB"},{"@type":"Organization","@id":"https:\/\/nzjz-split.hr\/#organization","name":"Teaching Institute for Public Health, Split - Dalmatia County","url":"https:\/\/nzjz-split.hr\/","logo":{"@type":"ImageObject","inLanguage":"en-GB","@id":"https:\/\/nzjz-split.hr\/#\/schema\/logo\/image\/","url":"https:\/\/nzjz-split.hr\/wp-content\/uploads\/2021\/05\/nzjz-sdz-favicon-bg.png","contentUrl":"https:\/\/nzjz-split.hr\/wp-content\/uploads\/2021\/05\/nzjz-sdz-favicon-bg.png","width":220,"height":220,"caption":"Nastavni zavod za javno zdravstvo Splitsko - dalmatinske \u017eupanije"},"image":{"@id":"https:\/\/nzjz-split.hr\/#\/schema\/logo\/image\/"},"sameAs":["https:\/\/www.facebook.com\/NzjzSdz"]},{"@type":"Person","@id":"https:\/\/nzjz-split.hr\/#\/schema\/person\/b4b9f14518058e855f0658fe0f6605eb","name":"ForgeBIT","image":{"@type":"ImageObject","inLanguage":"en-GB","@id":"https:\/\/nzjz-split.hr\/wp-content\/litespeed\/avatar\/807534c1949a29c271544ad2598d14d6.jpg?ver=1777486818","url":"https:\/\/nzjz-split.hr\/wp-content\/litespeed\/avatar\/807534c1949a29c271544ad2598d14d6.jpg?ver=1777486818","contentUrl":"https:\/\/nzjz-split.hr\/wp-content\/litespeed\/avatar\/807534c1949a29c271544ad2598d14d6.jpg?ver=1777486818","caption":"ForgeBIT"},"sameAs":["https:\/\/nzjz-split.hr\/wordpress"]}]}},"_links":{"self":[{"href":"https:\/\/nzjz-split.hr\/en\/wp-json\/wp\/v2\/posts\/2001","targetHints":{"allow":["GET"]}}],"collection":[{"href":"https:\/\/nzjz-split.hr\/en\/wp-json\/wp\/v2\/posts"}],"about":[{"href":"https:\/\/nzjz-split.hr\/en\/wp-json\/wp\/v2\/types\/post"}],"author":[{"embeddable":true,"href":"https:\/\/nzjz-split.hr\/en\/wp-json\/wp\/v2\/users\/1"}],"replies":[{"embeddable":true,"href":"https:\/\/nzjz-split.hr\/en\/wp-json\/wp\/v2\/comments?post=2001"}],"version-history":[{"count":0,"href":"https:\/\/nzjz-split.hr\/en\/wp-json\/wp\/v2\/posts\/2001\/revisions"}],"wp:attachment":[{"href":"https:\/\/nzjz-split.hr\/en\/wp-json\/wp\/v2\/media?parent=2001"}],"wp:term":[{"taxonomy":"category","embeddable":true,"href":"https:\/\/nzjz-split.hr\/en\/wp-json\/wp\/v2\/categories?post=2001"},{"taxonomy":"post_tag","embeddable":true,"href":"https:\/\/nzjz-split.hr\/en\/wp-json\/wp\/v2\/tags?post=2001"}],"curies":[{"name":"wp","href":"https:\/\/api.w.org\/{rel}","templated":true}]}}