{"id":20096,"date":"2023-09-26T10:08:09","date_gmt":"2023-09-26T08:08:09","guid":{"rendered":"https:\/\/nzjz-split.hr\/?p=20096"},"modified":"2023-09-26T10:17:12","modified_gmt":"2023-09-26T08:17:12","slug":"medunarodni-dan-starijih-osoba-1-listopada-2023","status":"publish","type":"post","link":"https:\/\/nzjz-split.hr\/en\/medunarodni-dan-starijih-osoba-1-listopada-2023\/","title":{"rendered":"Me\u0111unarodni dan starijih osoba 1. listopada 2023."},"content":{"rendered":"<figure class=\"wp-block-image aligncenter size-full is-resized\"><img fetchpriority=\"high\" decoding=\"async\" src=\"https:\/\/nzjz-split.hr\/wp-content\/uploads\/2023\/09\/starije_osobe_1.jpg\" alt=\"\" class=\"wp-image-20094\" style=\"width:856px;height:797px\" width=\"856\" height=\"797\" srcset=\"https:\/\/nzjz-split.hr\/wp-content\/uploads\/2023\/09\/starije_osobe_1.jpg 1280w, https:\/\/nzjz-split.hr\/wp-content\/uploads\/2023\/09\/starije_osobe_1-13x12.jpg 13w, https:\/\/nzjz-split.hr\/wp-content\/uploads\/2023\/09\/starije_osobe_1-600x559.jpg 600w\" sizes=\"(max-width: 856px) 100vw, 856px\" \/><\/figure>\n\n\n\n<div style=\"height:25px\" aria-hidden=\"true\" class=\"wp-block-spacer\"><\/div>\n\n\n\n<p>Op\u0107a Skup\u0161tina Ujedinjenih naroda 14. prosinca 1990. proglasila je 1. listopada Me\u0111unarodnim danom starijih osoba, isti\u010du\u0107i zna\u010denje iskoristivog potencijala izrazito rastu\u0107eg svjetskog starijeg stanovni\u0161tva i va\u017enost promicanja razvoja dru\u0161tva za sve dobi.<\/p>\n\n\n\n<p>Prije 75 godina Op\u0107a skup\u0161tina Ujedinjenih naroda usvojila je Op\u0107u deklaraciju o ljudskim pravima, dokument koji utvr\u0111uje temeljna ljudska prava koja bi trebala biti univerzalno za\u0161ti\u0107ena.<\/p>\n\n\n\n<p>U znak sje\u0107anja i priznanja va\u017enosti Op\u0107e deklaracije o ljudskim pravima, ove godine je obilje\u017eavanje Me\u0111unarodnog dana starijih osoba usredoto\u010dno na temu \u201cIspunjavanje obe\u0107anja Op\u0107e deklaracije o ljudskim pravima za starije osobe: kroz generacije\u201d. U sredi\u0161tu pozornosti su sve starije osobe koje u potpunosti trebaju u\u017eivati \u200b\u200bsvoja ljudska prava i temeljne slobode. Briga za starije osobe treba biti odgovornost \u010ditavog dru\u0161tva jer utje\u010de na cjelokupni razvoj dru\u0161tva i gospodarski sustav \u0161to se u kona\u010dnici preslikava i na mikro razinu &#8211; obitelj i lokanu zajednicu.<\/p>\n\n\n\n<p>Tako\u0111er se nagla\u0161ava i potreba za ostvarenjem dru\u0161tva svih generacija i slu\u017ei kao podsjetnik na zna\u010dajnu ulogu koju starije osobe imaju u suo\u010davanju s globalnim izazovima i pridono\u0161enju njihovim rje\u0161enjima svojom otporno\u0161\u0107u i snagom.<\/p>\n\n\n\n<p>Povodom Me\u0111unarodnog dana starijih osoba navodimo odabrana na\u010dela Ujedinjenih naroda o skrbi za starije ljude kako bi se osiguralo unapre\u0111enje za\u0161tite zdravlja starijih i pobolj\u0161anje kvalitete njihovog \u017eivljenja.<\/p>\n\n\n\n<p>Starijim ljudima trebalo bi omogu\u0107iti:<\/p>\n\n\n\n<ul class=\"wp-block-list\">\n<li>dostupnost primjerene zdravstvene i socijalne skrbi, gerontolo\u0161ke i gerijatrijske za\u0161tite zdravlja starijih, sigurnog okoli\u0161a, osiguranje dohotka, obiteljske podr\u0161ke i potpore zajednice, te kroz samopomo\u0107;<\/li>\n\n\n\n<li>pravo na rad ili pristup drugim aktivnostima kojima bi se osigurao dohodak;<\/li>\n\n\n\n<li>mogu\u0107nost sudjelovanja u odlu\u010divanju kada i prema kojem rasporedu \u0107e i\u0107i u mirovinu ovisno o funkcionalnoj sposobnosti i osiguranjem produljenja radnog vijeka;<\/li>\n\n\n\n<li>pristup odgovaraju\u0107im obrazovnim programima i programima obuke za stjecanje razli\u010ditih novih vje\u0161tina i znanja;<\/li>\n\n\n\n<li>\u017eivot u sigurnoj sredini koja se mo\u017ee prilagoditi osobnim potrebama, zdravstvenim i socijalnim u odnosu na funkcionalnu sposobnost starije osobe;<\/li>\n\n\n\n<li>\u017eivot u vlastitom domu \u0161to je du\u017ee mogu\u0107e, \u0161to diktira razvoj izvaninstitucijske skrbi za starije, a kada nastupi bolesno starenje nu\u017eno je osigurati gerijatrijsku zdravstvenu njegu;<\/li>\n\n\n\n<li>osiguranje aktivnog zdravog starenja i unapre\u0111enja kvalitete \u017eivljenja te osiguranje prava starijih;<\/li>\n\n\n\n<li>imati neometan pristup zdravstvenoj skrbi koja \u0107e im omogu\u0107iti odr\u017eavanje i postizanje najbolje mogu\u0107e razine tjelesnoga, dru\u0161tvenog i emotivnog blagostanja, te sprije\u010diti ili odgoditi po\u010detak bolesti;<\/li>\n\n\n\n<li>imati pristup socijalnim i zakonodavnim slu\u017ebama zbog pobolj\u0161anja samostalnosti, za\u0161tite i skrbi;<\/li>\n\n\n\n<li>mo\u0107i koristiti odgovaraju\u0107e razine institucionalizirane skrbi kojom bi im se osigurala za\u0161tita, rehabilitacija te socijalni i dru\u0161tveni poticaji u humanoj i sigurnoj sredini;<\/li>\n\n\n\n<li>mo\u0107i ostvariti ljudska prava i temeljne slobode tijekom boravka u bilo kakvoj ustanovi za skrb, lije\u010denje ili prihvat starijih ljudi, uklju\u010duju\u0107i cjelovito po\u0161tivanje njihovih vjerovanja, dostojanstva, potreba i privatnosti, kao i prava na odlu\u010divanje o vlastitoj skrbi i kvaliteti \u017eivljenja;<\/li>\n\n\n\n<li>imati mogu\u0107nost ostvarenja cjelovita razvitka vlastitih potencijala;<\/li>\n\n\n\n<li>imati pristup obrazovnim, kulturnim, duhovnim i rekreacijskim sredstvima dru\u0161tva u kojem \u017eive;<\/li>\n\n\n\n<li>mo\u0107i dostojanstveno i sigurno \u017eivjeti te biti za\u0161ti\u0107eni od izrabljivanja i tjelesnog i du\u0161evnog zlostavljanja;<\/li>\n\n\n\n<li>biti sigurni da \u0107e se s njima postupati po\u0161teno bez obzira na dob, rasnu ili etni\u010dku pripadnost, invaliditet ili drugi status.<\/li>\n<\/ul>\n\n\n\n<p>Me\u0111unarodni dan starijih osoba ima za cilj podizanje svijesti o utjecaju starenja stanovni\u0161tva i potrebi da se osigura dostojanstveno starenje pojedincima, kako bi i dalje mogli sudjelovati u dru\u0161tvu kao gra\u0111ani s punim pravima. Stariji su integralni dio zajednice u kojoj aktivnim uklju\u010divanjem \u017eive, rade i stvaraju.<\/p>\n\n\n\n<p>Povodom obilje\u017eavanja Me\u0111unarodnog dana starijih osoba i Svjetskog dana srca\u00a02. listopada 2023. u 12 sati u knji\u017enici\u00a0Nastavnog zavoda za javno zdravstvo Splitsko-dalmatinske \u017eupanije\u00a0odr\u017eat \u0107e se <a href=\"https:\/\/nzjz-split.hr\/wp-content\/uploads\/2023\/09\/29_gerontoloska_tribina_plakat.pdf\"><strong>Gerontolo\u0161ka tribina<\/strong> <\/a>na temu\u00a0<strong>Kardiovaskularni sustav u starijoj dobi<\/strong>.\u00a0O promjenama sr\u010dano-\u017eilnog sustava u starijih osoba govorit \u0107e <strong>prim. doc. dr. sc. Du\u0161ka Glava\u0161<\/strong>, pro\u010delnica Zavoda za intenzivnu kardiolo\u0161ku skrb i zatajivanje srca KBC Split.\u00a0Stru\u010dni skup \u0107e biti bodovan sukladno Pravilniku svih komora.<\/p>\n\n\n\n<p>Inga Vu\u010dica, dr. med., univ. mag. sanit. publ., spec. javnog zdravstva<br>Odjel \/ Centar za gerontologiju<br>Public Health and Health Promotion Service<\/p>","protected":false},"excerpt":{"rendered":"<p>Op\u0107a Skup\u0161tina Ujedinjenih naroda 14. prosinca 1990. proglasila je 1. listopada Me\u0111unarodnim danom starijih osoba, isti\u010du\u0107i zna\u010denje iskoristivog potencijala izrazito rastu\u0107eg svjetskog starijeg stanovni\u0161tva i va\u017enost promicanja razvoja dru\u0161tva za sve dobi. Prije 75 godina Op\u0107a skup\u0161tina Ujedinjenih naroda usvojila je Op\u0107u deklaraciju o ljudskim pravima, dokument koji utvr\u0111uje temeljna ljudska prava koja bi trebala [&hellip;]<\/p>\n","protected":false},"author":7,"featured_media":20093,"comment_status":"open","ping_status":"open","sticky":false,"template":"","format":"standard","meta":{"inline_featured_image":false,"footnotes":""},"categories":[80],"tags":[],"class_list":["post-20096","post","type-post","status-publish","format-standard","has-post-thumbnail","hentry","category-aktualno"],"yoast_head":"<!-- This site is optimized with the Yoast SEO plugin v27.3 - https:\/\/yoast.com\/product\/yoast-seo-wordpress\/ -->\n<title>NZJZ SD\u017d - Me\u0111unarodni dan starijih osoba 1. listopada 2023.<\/title>\n<meta name=\"description\" content=\"Slu\u017ebene internet stranice Nastavnog Zavoda za javno zdravstvo Splitsko-dalmatinske \u017eupanije.\" \/>\n<meta name=\"robots\" content=\"index, follow, max-snippet:-1, max-image-preview:large, max-video-preview:-1\" \/>\n<link rel=\"canonical\" href=\"https:\/\/nzjz-split.hr\/en\/medunarodni-dan-starijih-osoba-1-listopada-2023\/\" \/>\n<meta property=\"og:locale\" content=\"en_GB\" \/>\n<meta property=\"og:type\" content=\"article\" \/>\n<meta property=\"og:title\" content=\"NZJZ SD\u017d - Me\u0111unarodni dan starijih osoba 1. listopada 2023.\" \/>\n<meta property=\"og:description\" content=\"Slu\u017ebene internet stranice Nastavnog Zavoda za javno zdravstvo Splitsko-dalmatinske \u017eupanije.\" \/>\n<meta property=\"og:url\" content=\"https:\/\/nzjz-split.hr\/en\/medunarodni-dan-starijih-osoba-1-listopada-2023\/\" \/>\n<meta property=\"og:site_name\" content=\"NZJZ SD\u017d\" \/>\n<meta property=\"article:publisher\" content=\"https:\/\/www.facebook.com\/NzjzSdz\" \/>\n<meta property=\"article:published_time\" content=\"2023-09-26T08:08:09+00:00\" \/>\n<meta property=\"article:modified_time\" content=\"2023-09-26T08:17:12+00:00\" \/>\n<meta property=\"og:image\" content=\"https:\/\/nzjz-split.hr\/wp-content\/uploads\/2023\/09\/starije_osobe.jpg\" \/>\n\t<meta property=\"og:image:width\" content=\"1280\" \/>\n\t<meta property=\"og:image:height\" content=\"720\" \/>\n\t<meta property=\"og:image:type\" content=\"image\/jpeg\" \/>\n<meta name=\"author\" content=\"Ivana\" \/>\n<meta name=\"twitter:card\" content=\"summary_large_image\" \/>\n<meta name=\"twitter:label1\" content=\"Written by\" \/>\n\t<meta name=\"twitter:data1\" content=\"Ivana\" \/>\n\t<meta name=\"twitter:label2\" content=\"Estimated reading time\" \/>\n\t<meta name=\"twitter:data2\" content=\"4 minutes\" \/>\n<script type=\"application\/ld+json\" class=\"yoast-schema-graph\">{\"@context\":\"https:\\\/\\\/schema.org\",\"@graph\":[{\"@type\":\"Article\",\"@id\":\"https:\\\/\\\/nzjz-split.hr\\\/medunarodni-dan-starijih-osoba-1-listopada-2023\\\/#article\",\"isPartOf\":{\"@id\":\"https:\\\/\\\/nzjz-split.hr\\\/medunarodni-dan-starijih-osoba-1-listopada-2023\\\/\"},\"author\":{\"name\":\"Ivana\",\"@id\":\"https:\\\/\\\/nzjz-split.hr\\\/#\\\/schema\\\/person\\\/d4edbad591a948af8cd09b72b624197f\"},\"headline\":\"Me\u0111unarodni dan starijih osoba 1. listopada 2023.\",\"datePublished\":\"2023-09-26T08:08:09+00:00\",\"dateModified\":\"2023-09-26T08:17:12+00:00\",\"mainEntityOfPage\":{\"@id\":\"https:\\\/\\\/nzjz-split.hr\\\/medunarodni-dan-starijih-osoba-1-listopada-2023\\\/\"},\"wordCount\":738,\"commentCount\":0,\"publisher\":{\"@id\":\"https:\\\/\\\/nzjz-split.hr\\\/#organization\"},\"image\":{\"@id\":\"https:\\\/\\\/nzjz-split.hr\\\/medunarodni-dan-starijih-osoba-1-listopada-2023\\\/#primaryimage\"},\"thumbnailUrl\":\"https:\\\/\\\/nzjz-split.hr\\\/wp-content\\\/uploads\\\/2023\\\/09\\\/starije_osobe.jpg\",\"articleSection\":[\"Aktualno\"],\"inLanguage\":\"en-GB\",\"potentialAction\":[{\"@type\":\"CommentAction\",\"name\":\"Comment\",\"target\":[\"https:\\\/\\\/nzjz-split.hr\\\/medunarodni-dan-starijih-osoba-1-listopada-2023\\\/#respond\"]}]},{\"@type\":\"WebPage\",\"@id\":\"https:\\\/\\\/nzjz-split.hr\\\/medunarodni-dan-starijih-osoba-1-listopada-2023\\\/\",\"url\":\"https:\\\/\\\/nzjz-split.hr\\\/medunarodni-dan-starijih-osoba-1-listopada-2023\\\/\",\"name\":\"NZJZ SD\u017d - Me\u0111unarodni dan starijih osoba 1. listopada 2023.\",\"isPartOf\":{\"@id\":\"https:\\\/\\\/nzjz-split.hr\\\/#website\"},\"primaryImageOfPage\":{\"@id\":\"https:\\\/\\\/nzjz-split.hr\\\/medunarodni-dan-starijih-osoba-1-listopada-2023\\\/#primaryimage\"},\"image\":{\"@id\":\"https:\\\/\\\/nzjz-split.hr\\\/medunarodni-dan-starijih-osoba-1-listopada-2023\\\/#primaryimage\"},\"thumbnailUrl\":\"https:\\\/\\\/nzjz-split.hr\\\/wp-content\\\/uploads\\\/2023\\\/09\\\/starije_osobe.jpg\",\"datePublished\":\"2023-09-26T08:08:09+00:00\",\"dateModified\":\"2023-09-26T08:17:12+00:00\",\"description\":\"Slu\u017ebene internet stranice Nastavnog Zavoda za javno zdravstvo Splitsko-dalmatinske \u017eupanije.\",\"breadcrumb\":{\"@id\":\"https:\\\/\\\/nzjz-split.hr\\\/medunarodni-dan-starijih-osoba-1-listopada-2023\\\/#breadcrumb\"},\"inLanguage\":\"en-GB\",\"potentialAction\":[{\"@type\":\"ReadAction\",\"target\":[\"https:\\\/\\\/nzjz-split.hr\\\/medunarodni-dan-starijih-osoba-1-listopada-2023\\\/\"]}]},{\"@type\":\"ImageObject\",\"inLanguage\":\"en-GB\",\"@id\":\"https:\\\/\\\/nzjz-split.hr\\\/medunarodni-dan-starijih-osoba-1-listopada-2023\\\/#primaryimage\",\"url\":\"https:\\\/\\\/nzjz-split.hr\\\/wp-content\\\/uploads\\\/2023\\\/09\\\/starije_osobe.jpg\",\"contentUrl\":\"https:\\\/\\\/nzjz-split.hr\\\/wp-content\\\/uploads\\\/2023\\\/09\\\/starije_osobe.jpg\",\"width\":1280,\"height\":720,\"caption\":\"starije osobe\"},{\"@type\":\"BreadcrumbList\",\"@id\":\"https:\\\/\\\/nzjz-split.hr\\\/medunarodni-dan-starijih-osoba-1-listopada-2023\\\/#breadcrumb\",\"itemListElement\":[{\"@type\":\"ListItem\",\"position\":1,\"name\":\"Naslovnica\",\"item\":\"https:\\\/\\\/nzjz-split.hr\\\/\"},{\"@type\":\"ListItem\",\"position\":2,\"name\":\"Me\u0111unarodni dan starijih osoba 1. listopada 2023.\"}]},{\"@type\":\"WebSite\",\"@id\":\"https:\\\/\\\/nzjz-split.hr\\\/#website\",\"url\":\"https:\\\/\\\/nzjz-split.hr\\\/\",\"name\":\"NZJZ SD\u017d\",\"description\":\"Nastavni zavod za javno zdravstvo Splitsko - dalmatinske \u017eupanije\",\"publisher\":{\"@id\":\"https:\\\/\\\/nzjz-split.hr\\\/#organization\"},\"potentialAction\":[{\"@type\":\"SearchAction\",\"target\":{\"@type\":\"EntryPoint\",\"urlTemplate\":\"https:\\\/\\\/nzjz-split.hr\\\/?s={search_term_string}\"},\"query-input\":{\"@type\":\"PropertyValueSpecification\",\"valueRequired\":true,\"valueName\":\"search_term_string\"}}],\"inLanguage\":\"en-GB\"},{\"@type\":\"Organization\",\"@id\":\"https:\\\/\\\/nzjz-split.hr\\\/#organization\",\"name\":\"Nastavni zavod za javno zdravstvo Splitsko - dalmatinske \u017eupanije\",\"url\":\"https:\\\/\\\/nzjz-split.hr\\\/\",\"logo\":{\"@type\":\"ImageObject\",\"inLanguage\":\"en-GB\",\"@id\":\"https:\\\/\\\/nzjz-split.hr\\\/#\\\/schema\\\/logo\\\/image\\\/\",\"url\":\"https:\\\/\\\/nzjz-split.hr\\\/wp-content\\\/uploads\\\/2021\\\/05\\\/nzjz-sdz-favicon-bg.png\",\"contentUrl\":\"https:\\\/\\\/nzjz-split.hr\\\/wp-content\\\/uploads\\\/2021\\\/05\\\/nzjz-sdz-favicon-bg.png\",\"width\":220,\"height\":220,\"caption\":\"Nastavni zavod za javno zdravstvo Splitsko - dalmatinske \u017eupanije\"},\"image\":{\"@id\":\"https:\\\/\\\/nzjz-split.hr\\\/#\\\/schema\\\/logo\\\/image\\\/\"},\"sameAs\":[\"https:\\\/\\\/www.facebook.com\\\/NzjzSdz\"]},{\"@type\":\"Person\",\"@id\":\"https:\\\/\\\/nzjz-split.hr\\\/#\\\/schema\\\/person\\\/d4edbad591a948af8cd09b72b624197f\",\"name\":\"Ivana\",\"image\":{\"@type\":\"ImageObject\",\"inLanguage\":\"en-GB\",\"@id\":\"https:\\\/\\\/nzjz-split.hr\\\/wp-content\\\/litespeed\\\/avatar\\\/f97b0586ae40a2bdc19519865286c20b.jpg?ver=1777486820\",\"url\":\"https:\\\/\\\/nzjz-split.hr\\\/wp-content\\\/litespeed\\\/avatar\\\/f97b0586ae40a2bdc19519865286c20b.jpg?ver=1777486820\",\"contentUrl\":\"https:\\\/\\\/nzjz-split.hr\\\/wp-content\\\/litespeed\\\/avatar\\\/f97b0586ae40a2bdc19519865286c20b.jpg?ver=1777486820\",\"caption\":\"Ivana\"}}]}<\/script>\n<!-- \/ Yoast SEO plugin. -->","yoast_head_json":{"title":"NZJZ SD\u017d - Me\u0111unarodni dan starijih osoba 1. listopada 2023.","description":"Slu\u017ebene internet stranice Nastavnog Zavoda za javno zdravstvo Splitsko-dalmatinske \u017eupanije.","robots":{"index":"index","follow":"follow","max-snippet":"max-snippet:-1","max-image-preview":"max-image-preview:large","max-video-preview":"max-video-preview:-1"},"canonical":"https:\/\/nzjz-split.hr\/en\/medunarodni-dan-starijih-osoba-1-listopada-2023\/","og_locale":"en_GB","og_type":"article","og_title":"NZJZ SD\u017d - Me\u0111unarodni dan starijih osoba 1. listopada 2023.","og_description":"Slu\u017ebene internet stranice Nastavnog Zavoda za javno zdravstvo Splitsko-dalmatinske \u017eupanije.","og_url":"https:\/\/nzjz-split.hr\/en\/medunarodni-dan-starijih-osoba-1-listopada-2023\/","og_site_name":"NZJZ SD\u017d","article_publisher":"https:\/\/www.facebook.com\/NzjzSdz","article_published_time":"2023-09-26T08:08:09+00:00","article_modified_time":"2023-09-26T08:17:12+00:00","og_image":[{"width":1280,"height":720,"url":"https:\/\/nzjz-split.hr\/wp-content\/uploads\/2023\/09\/starije_osobe.jpg","type":"image\/jpeg"}],"author":"Ivana","twitter_card":"summary_large_image","twitter_misc":{"Written by":"Ivana","Estimated reading time":"4 minutes"},"schema":{"@context":"https:\/\/schema.org","@graph":[{"@type":"Article","@id":"https:\/\/nzjz-split.hr\/medunarodni-dan-starijih-osoba-1-listopada-2023\/#article","isPartOf":{"@id":"https:\/\/nzjz-split.hr\/medunarodni-dan-starijih-osoba-1-listopada-2023\/"},"author":{"name":"Ivana","@id":"https:\/\/nzjz-split.hr\/#\/schema\/person\/d4edbad591a948af8cd09b72b624197f"},"headline":"Me\u0111unarodni dan starijih osoba 1. listopada 2023.","datePublished":"2023-09-26T08:08:09+00:00","dateModified":"2023-09-26T08:17:12+00:00","mainEntityOfPage":{"@id":"https:\/\/nzjz-split.hr\/medunarodni-dan-starijih-osoba-1-listopada-2023\/"},"wordCount":738,"commentCount":0,"publisher":{"@id":"https:\/\/nzjz-split.hr\/#organization"},"image":{"@id":"https:\/\/nzjz-split.hr\/medunarodni-dan-starijih-osoba-1-listopada-2023\/#primaryimage"},"thumbnailUrl":"https:\/\/nzjz-split.hr\/wp-content\/uploads\/2023\/09\/starije_osobe.jpg","articleSection":["Aktualno"],"inLanguage":"en-GB","potentialAction":[{"@type":"CommentAction","name":"Comment","target":["https:\/\/nzjz-split.hr\/medunarodni-dan-starijih-osoba-1-listopada-2023\/#respond"]}]},{"@type":"WebPage","@id":"https:\/\/nzjz-split.hr\/medunarodni-dan-starijih-osoba-1-listopada-2023\/","url":"https:\/\/nzjz-split.hr\/medunarodni-dan-starijih-osoba-1-listopada-2023\/","name":"NZJZ SD\u017d - Me\u0111unarodni dan starijih osoba 1. listopada 2023.","isPartOf":{"@id":"https:\/\/nzjz-split.hr\/#website"},"primaryImageOfPage":{"@id":"https:\/\/nzjz-split.hr\/medunarodni-dan-starijih-osoba-1-listopada-2023\/#primaryimage"},"image":{"@id":"https:\/\/nzjz-split.hr\/medunarodni-dan-starijih-osoba-1-listopada-2023\/#primaryimage"},"thumbnailUrl":"https:\/\/nzjz-split.hr\/wp-content\/uploads\/2023\/09\/starije_osobe.jpg","datePublished":"2023-09-26T08:08:09+00:00","dateModified":"2023-09-26T08:17:12+00:00","description":"Slu\u017ebene internet stranice Nastavnog Zavoda za javno zdravstvo Splitsko-dalmatinske \u017eupanije.","breadcrumb":{"@id":"https:\/\/nzjz-split.hr\/medunarodni-dan-starijih-osoba-1-listopada-2023\/#breadcrumb"},"inLanguage":"en-GB","potentialAction":[{"@type":"ReadAction","target":["https:\/\/nzjz-split.hr\/medunarodni-dan-starijih-osoba-1-listopada-2023\/"]}]},{"@type":"ImageObject","inLanguage":"en-GB","@id":"https:\/\/nzjz-split.hr\/medunarodni-dan-starijih-osoba-1-listopada-2023\/#primaryimage","url":"https:\/\/nzjz-split.hr\/wp-content\/uploads\/2023\/09\/starije_osobe.jpg","contentUrl":"https:\/\/nzjz-split.hr\/wp-content\/uploads\/2023\/09\/starije_osobe.jpg","width":1280,"height":720,"caption":"starije osobe"},{"@type":"BreadcrumbList","@id":"https:\/\/nzjz-split.hr\/medunarodni-dan-starijih-osoba-1-listopada-2023\/#breadcrumb","itemListElement":[{"@type":"ListItem","position":1,"name":"Naslovnica","item":"https:\/\/nzjz-split.hr\/"},{"@type":"ListItem","position":2,"name":"Me\u0111unarodni dan starijih osoba 1. listopada 2023."}]},{"@type":"WebSite","@id":"https:\/\/nzjz-split.hr\/#website","url":"https:\/\/nzjz-split.hr\/","name":"NZJZ SD\u017d","description":"Teaching Institute for Public Health, Split - Dalmatia County","publisher":{"@id":"https:\/\/nzjz-split.hr\/#organization"},"potentialAction":[{"@type":"SearchAction","target":{"@type":"EntryPoint","urlTemplate":"https:\/\/nzjz-split.hr\/?s={search_term_string}"},"query-input":{"@type":"PropertyValueSpecification","valueRequired":true,"valueName":"search_term_string"}}],"inLanguage":"en-GB"},{"@type":"Organization","@id":"https:\/\/nzjz-split.hr\/#organization","name":"Teaching Institute for Public Health, Split - Dalmatia County","url":"https:\/\/nzjz-split.hr\/","logo":{"@type":"ImageObject","inLanguage":"en-GB","@id":"https:\/\/nzjz-split.hr\/#\/schema\/logo\/image\/","url":"https:\/\/nzjz-split.hr\/wp-content\/uploads\/2021\/05\/nzjz-sdz-favicon-bg.png","contentUrl":"https:\/\/nzjz-split.hr\/wp-content\/uploads\/2021\/05\/nzjz-sdz-favicon-bg.png","width":220,"height":220,"caption":"Nastavni zavod za javno zdravstvo Splitsko - dalmatinske \u017eupanije"},"image":{"@id":"https:\/\/nzjz-split.hr\/#\/schema\/logo\/image\/"},"sameAs":["https:\/\/www.facebook.com\/NzjzSdz"]},{"@type":"Person","@id":"https:\/\/nzjz-split.hr\/#\/schema\/person\/d4edbad591a948af8cd09b72b624197f","name":"Ivana","image":{"@type":"ImageObject","inLanguage":"en-GB","@id":"https:\/\/nzjz-split.hr\/wp-content\/litespeed\/avatar\/f97b0586ae40a2bdc19519865286c20b.jpg?ver=1777486820","url":"https:\/\/nzjz-split.hr\/wp-content\/litespeed\/avatar\/f97b0586ae40a2bdc19519865286c20b.jpg?ver=1777486820","contentUrl":"https:\/\/nzjz-split.hr\/wp-content\/litespeed\/avatar\/f97b0586ae40a2bdc19519865286c20b.jpg?ver=1777486820","caption":"Ivana"}}]}},"_links":{"self":[{"href":"https:\/\/nzjz-split.hr\/en\/wp-json\/wp\/v2\/posts\/20096","targetHints":{"allow":["GET"]}}],"collection":[{"href":"https:\/\/nzjz-split.hr\/en\/wp-json\/wp\/v2\/posts"}],"about":[{"href":"https:\/\/nzjz-split.hr\/en\/wp-json\/wp\/v2\/types\/post"}],"author":[{"embeddable":true,"href":"https:\/\/nzjz-split.hr\/en\/wp-json\/wp\/v2\/users\/7"}],"replies":[{"embeddable":true,"href":"https:\/\/nzjz-split.hr\/en\/wp-json\/wp\/v2\/comments?post=20096"}],"version-history":[{"count":5,"href":"https:\/\/nzjz-split.hr\/en\/wp-json\/wp\/v2\/posts\/20096\/revisions"}],"predecessor-version":[{"id":20103,"href":"https:\/\/nzjz-split.hr\/en\/wp-json\/wp\/v2\/posts\/20096\/revisions\/20103"}],"wp:featuredmedia":[{"embeddable":true,"href":"https:\/\/nzjz-split.hr\/en\/wp-json\/wp\/v2\/media\/20093"}],"wp:attachment":[{"href":"https:\/\/nzjz-split.hr\/en\/wp-json\/wp\/v2\/media?parent=20096"}],"wp:term":[{"taxonomy":"category","embeddable":true,"href":"https:\/\/nzjz-split.hr\/en\/wp-json\/wp\/v2\/categories?post=20096"},{"taxonomy":"post_tag","embeddable":true,"href":"https:\/\/nzjz-split.hr\/en\/wp-json\/wp\/v2\/tags?post=20096"}],"curies":[{"name":"wp","href":"https:\/\/api.w.org\/{rel}","templated":true}]}}