{"id":2029,"date":"2019-09-30T06:23:35","date_gmt":"2019-09-30T06:23:35","guid":{"rendered":"https:\/\/nzjz.wpengine.com\/2019\/09\/30\/medunarodni-dan-starijih-osoba-1-listopada-2019\/"},"modified":"2021-05-19T06:31:39","modified_gmt":"2021-05-19T06:31:39","slug":"medunarodni-dan-starijih-osoba-1-listopada-2019","status":"publish","type":"post","link":"https:\/\/nzjz-split.hr\/en\/medunarodni-dan-starijih-osoba-1-listopada-2019\/","title":{"rendered":"Me\u0111unarodni dan starijih osoba 1. listopada 2019."},"content":{"rendered":"<p style=\"text-align: justify;\">Glavna skup\u0161tina Ujedinjenih naroda 14. prosinca 1990. proglasila je 1. listopada Me\u0111unarodnim danom starijih osoba, isti\u010du\u0107i zna\u010denje iskoristivog potencijala izrazito rastu\u0107eg svjetskog starijeg stanovni\u0161tva.<br \/>Tema ovogodi\u0161njeg obilje\u017eavanja \u201ePutovanje u dobnu jednakost\u201c (<em>The Jourrney to Age Equality<\/em>) nagla\u0161ava potrebu za ostvarenjem dru\u0161tva svih generacija i provo\u0111enje me\u0111unarodne obveze na\u010dela Ujedinjenih naroda o za\u0161titi starijih (Glavna skup\u0161tina UN-a 1991., rezolucija 46\/91), koja su i nastala zbog potrebe dru\u0161tva da se naglasi dru\u0161tveno sudjelovanje, za\u0161tita i dostojanstvo za sve \u010dlanove dru\u0161tva.<\/p>\n<p>  <!--more-->  <\/p>\n<p style=\"text-align: justify;\">Tijekom sljede\u0107ih 50 godina broj starijih osoba u svijetu \u0107e porasti od oko 600 milijuna na gotovo 2 milijarde. Danas, jedna od deset osoba ima 60 i vi\u0161e godina; do 2050. godine, jedna od pet osoba \u0107e biti u toj dobi. Do 2030. godine broj\u00a0 osoba starijih od 60 godina prema\u0161iti \u0107e broj mladih od 15 do 24 godine.<\/p>\n<p style=\"text-align: justify;\">Porast broja starijih osoba kao i njihovih specifi\u010dnih problema indirektno mijenja i strukturu i funkcioniranje zajednice u cjelini. Po\u0161to se interesi starijih razlikuju od interesa mladih dru\u0161tvena zajednica mora omogu\u0107iti starijima da zadovolje svoje potrebe, \u017eelje i interese. U suvremenoj civilizaciji koja je sve vi\u0161e orijentirana prema mladima, i u kojoj gotovo da postoji samo &#8220;kult mladosti&#8221; stavovi su suprotni i prevladavaju prete\u017eno negativni stavovi o starosti.<\/p>\n<p style=\"text-align: justify;\">Iako ih nazivamo mudrima i \u010desto tra\u017eimo njihove savjete, i unato\u010d tome \u0161to smo svjesni kako je rije\u010d o \u017eivotnoj fazi koju nitko od nas ne\u0107e presko\u010diti, jo\u0161 smo uvijek dru\u0161tvo koje ba\u0161 i nije na\u010disto s time kakav bi odnos i stav trebali zauzeti prema starijim osobama.<\/p>\n<p style=\"text-align: justify;\">Briga za starije osobe trebala bi biti odgovornost \u010ditavog dru\u0161tva jer utje\u010de na cjelokupni razvoj dru\u0161tva i gospodarski sustav \u0161to se u kona\u010dnici preslikava i na mikro razinu \u2013 obitelj i lokanu zajednicu.<\/p>\n<p style=\"text-align: justify;\">Starije osobe ne bi trebale biti teret dru\u0161tva, ve\u0107 njegov integrativan dio jer unato\u010d tome \u0161to su stariji i nisu radno aktivni, njihova pomo\u0107 kroz anga\u017eman u zajednici, obitelji i op\u0107enito u svakodnevnom \u017eivotu je dragocjena.<\/p>\n<p style=\"text-align: justify;\">Potrebno je promicati me\u0111ugeneracijsku solidarnost i dati podr\u0161ku starijim osobama da budu aktivne, da se anga\u017eiraju i da \u0161ire svoje socijalne mre\u017ee i ostvare svoje interese.<\/p>\n<p style=\"text-align: justify;\">Va\u017eno je da stvorimo i zala\u017eemo se za dru\u0161tvo otvoreno za sve generacije.<\/p>\n<p style=\"text-align: justify;\">Povodom Me\u0111unarodnog dana starijih osoba navodimo na\u010dela Ujedinjenih naroda o skrbi za starije ljude, koju je 1991. usvojila Glavna skup\u0161tina UN-a. Svrha ovih na\u010dela je pobolj\u0161anje \u017eivota ljudi u starijoj dobi:<\/p>\n<p style=\"text-align: justify;\">NEOVISNOST<br \/>Starijim ljudima trebalo bi omogu\u0107iti sljede\u0107e:<br \/>&#8211; dostupnost prikladne hrane, vode, stanovanja, odje\u0107e i zdravstvene skrbi kroz osiguranje dohotka, obiteljske podr\u0161ke i potpore zajednice, te kroz samopomo\u0107;<br \/>&#8211; mogu\u0107nost rada ili pristup drugim aktivnostima kojima bi se osigurao dohodak;<br \/>&#8211; mogu\u0107nost sudjelovanja u odlu\u010divanju kada i prema kojem rasporedu \u0107e i\u0107i u mirovinu;<br \/>&#8211; pristup odgovaraju\u0107im obrazovnim programima i programima obuke za stjecanje razli\u010ditih vje\u0161tina;<br \/>&#8211; \u017eivot u sigurnoj sredini koja se mo\u017ee prilagoditi osobnim potrebama i promijenjenim sposobnostima;<br \/>&#8211; \u017eivot u vlastitom domu \u0161to je du\u017ee mogu\u0107e.<\/p>\n<p style=\"text-align: justify;\">DRU\u0160TVENO SUDJELOVANJE<br \/>Stariji ljudi trebali bi:<br \/>&#8211; ostati sastavni dio dru\u0161tva, aktivno sudjelovati u tvorbi i provedbi politike koja izravno utje\u010de na njihovo blagostanje, kao i podijeliti svoja znanja i vje\u0161tine s mla\u0111im generacijama;<br \/>&#8211; tra\u017eiti i stvoriti mogu\u0107nost za rad na korist svojoj dru\u0161tvenoj zajednici i za dragovoljno uklju\u010divanje u aktivnosti koje su primjerene njihovim interesima i sposobnostima;<br \/>&#8211; organizirati pokrete ili udruge starijih ljudi.<\/p>\n<p style=\"text-align: justify;\">SKRB<br \/>Stariji ljudi bi trebali:<br \/>&#8211; imati koristi od obiteljske i dru\u0161tvene skrbi i za\u0161tite u skladu s dru\u0161tvenim sustavom i kulturnim vrijednostima dru\u0161tva u kojem \u017eive;<br \/>&#8211; imati neometan pristup zdravstvenoj skrbi koja \u0107e im omogu\u0107iti odr\u017eavanje i postizanje najbolje mogu\u0107e razine tjelesnoga, du\u0161evnog i emotivnog blagostanja, te sprije\u010diti ili odgoditi po\u010detak bolesti;<br \/>&#8211; imati pristup socijalnim i zakonodavnim slu\u017ebama zbog pobolj\u0161anja samostalnosti, za\u0161tite i skrbi;<br \/>&#8211; mo\u0107i koristiti odgovaraju\u0107e razine institucionalizirane skrbi kojom bi im se osigurala za\u0161tita, rehabilitacija te socijalni i du\u0161evni poticaji u humanoj i sigurnoj sredini;<br \/>&#8211; mo\u0107i ostvariti ljudska prava i temeljne slobode tijekom boravka u bilo kakvoj ustanovi za skrb, lije\u010denje ili prihvat starijih ljudi, uklju\u010duju\u0107i cjelovito po\u0161tivanje njihovih vjerovanja, dostojanstva, potreba i privatnosti, kao i prava na odlu\u010divanje o vlastitoj skrbi i kvaliteti \u017eivljenja.<\/p>\n<p style=\"text-align: justify;\">SAMOISPUNJENJE<br \/>Stariji ljudi bi trebali:<br \/>&#8211; imati mogu\u0107nost ostvarenja cjelovita razvitka vlastitih potencijala;<br \/>&#8211; imati pristup obrazovnim, kulturnim, duhovnim i rekreacijskim sredstvima dru\u0161tva u kojem \u017eive.<\/p>\n<p style=\"text-align: justify;\">DOSTOJANSTVO<br \/>Stariji ljudi bi trebali:<br \/>&#8211; mo\u0107i dostojanstveno i sigurno \u017eivjeti te biti za\u0161ti\u0107eni od izrabljivanja i tjelesnog ili du\u0161evnog zlostavljanja;<br \/>&#8211; biti sigurni da \u0107e se s njima postupati po\u0161teno bez obzira na dob, spol, rasnu ili etni\u010dku pripadnost, invaliditet ili drugi status, kao i da \u0107e biti cijenjeni bez obzira na svoj gospodarski doprinos.<\/p>\n<p style=\"text-align: justify;\">Nastavni zavod za javno zdravstvo Splitsko-dalmatinske \u017eupanije obilje\u017eit \u0107e ovaj dan prigodnom Gerontolo\u0161kom tribinom na temu <strong>&#8220;Starenje mozga i demencije&#8221;<\/strong> koja \u0107e se odr\u017eati 02. listopada 2019. godine u 12.00 sati u biblioteci NZJZ SD\u017d.<br \/>Pozvani gost predava\u010d je <strong>prof. dr. sc. Ivo Lu\u0161i\u0107, dr. med., spec. neurolog<\/strong>.<\/p>\n<p style=\"text-align: justify;\">\u00a0<\/p>\n<p style=\"text-align: right;\"><strong>Inga Vu\u010dica, dr. med., univ. mag. sanit. publ., spec. javnog zdravstva<\/strong><br \/><strong>Voditeljica Odjela \/ Centara za gerontologiju<\/strong><br \/><strong>Public Health and Health Promotion Service<\/strong><\/p>\n<p>Literatura:<br \/>1.\u00a0\u00a0 \u00a0Dostupno na: https:\/\/www.un.org\/development\/desa\/ageing\/international-day-of-older-persons-homepage\/2019unidop.html <\/p>","protected":false},"excerpt":{"rendered":"<p>Glavna skup\u0161tina Ujedinjenih naroda 14. prosinca 1990. proglasila je 1. listopada Me\u0111unarodnim danom starijih osoba, isti\u010du\u0107i zna\u010denje iskoristivog potencijala izrazito rastu\u0107eg svjetskog starijeg stanovni\u0161tva.Tema ovogodi\u0161njeg obilje\u017eavanja \u201ePutovanje u dobnu jednakost\u201c (The Jourrney to Age Equality) nagla\u0161ava potrebu za ostvarenjem dru\u0161tva svih generacija i provo\u0111enje me\u0111unarodne obveze na\u010dela Ujedinjenih naroda o za\u0161titi starijih (Glavna skup\u0161tina UN-a [&hellip;]<\/p>\n","protected":false},"author":1,"featured_media":4132,"comment_status":"open","ping_status":"open","sticky":false,"template":"","format":"standard","meta":{"inline_featured_image":false,"footnotes":""},"categories":[16],"tags":[],"class_list":["post-2029","post","type-post","status-publish","format-standard","has-post-thumbnail","hentry","category-nekategorizirano"],"yoast_head":"<!-- This site is optimized with the Yoast SEO plugin v27.3 - https:\/\/yoast.com\/product\/yoast-seo-wordpress\/ -->\n<title>NZJZ SD\u017d - Me\u0111unarodni dan starijih osoba 1. listopada 2019.<\/title>\n<meta name=\"description\" content=\"Slu\u017ebene internet stranice Nastavnog Zavoda za javno zdravstvo Splitsko-dalmatinske \u017eupanije.\" \/>\n<meta name=\"robots\" content=\"index, follow, max-snippet:-1, max-image-preview:large, max-video-preview:-1\" \/>\n<link rel=\"canonical\" href=\"https:\/\/nzjz-split.hr\/en\/medunarodni-dan-starijih-osoba-1-listopada-2019\/\" \/>\n<meta property=\"og:locale\" content=\"en_GB\" \/>\n<meta property=\"og:type\" content=\"article\" \/>\n<meta property=\"og:title\" content=\"NZJZ SD\u017d - Me\u0111unarodni dan starijih osoba 1. listopada 2019.\" \/>\n<meta property=\"og:description\" content=\"Slu\u017ebene internet stranice Nastavnog Zavoda za javno zdravstvo Splitsko-dalmatinske \u017eupanije.\" \/>\n<meta property=\"og:url\" content=\"https:\/\/nzjz-split.hr\/en\/medunarodni-dan-starijih-osoba-1-listopada-2019\/\" \/>\n<meta property=\"og:site_name\" content=\"NZJZ SD\u017d\" \/>\n<meta property=\"article:publisher\" content=\"https:\/\/www.facebook.com\/NzjzSdz\" \/>\n<meta property=\"article:published_time\" content=\"2019-09-30T06:23:35+00:00\" \/>\n<meta property=\"article:modified_time\" content=\"2021-05-19T06:31:39+00:00\" \/>\n<meta property=\"og:image\" content=\"https:\/\/nzjz-split.hr\/wp-content\/uploads\/2021\/05\/60plus2019.jpg\" \/>\n\t<meta property=\"og:image:width\" content=\"800\" \/>\n\t<meta property=\"og:image:height\" content=\"402\" \/>\n\t<meta property=\"og:image:type\" content=\"image\/jpeg\" \/>\n<meta name=\"author\" content=\"ForgeBIT\" \/>\n<meta name=\"twitter:card\" content=\"summary_large_image\" \/>\n<meta name=\"twitter:label1\" content=\"Written by\" \/>\n\t<meta name=\"twitter:data1\" content=\"ForgeBIT\" \/>\n\t<meta name=\"twitter:label2\" content=\"Estimated reading time\" \/>\n\t<meta name=\"twitter:data2\" content=\"5 minutes\" \/>\n<script type=\"application\/ld+json\" class=\"yoast-schema-graph\">{\"@context\":\"https:\\\/\\\/schema.org\",\"@graph\":[{\"@type\":\"Article\",\"@id\":\"https:\\\/\\\/nzjz-split.hr\\\/en\\\/medunarodni-dan-starijih-osoba-1-listopada-2019\\\/#article\",\"isPartOf\":{\"@id\":\"https:\\\/\\\/nzjz-split.hr\\\/en\\\/medunarodni-dan-starijih-osoba-1-listopada-2019\\\/\"},\"author\":{\"name\":\"ForgeBIT\",\"@id\":\"https:\\\/\\\/nzjz-split.hr\\\/#\\\/schema\\\/person\\\/b4b9f14518058e855f0658fe0f6605eb\"},\"headline\":\"Me\u0111unarodni dan starijih osoba 1. listopada 2019.\",\"datePublished\":\"2019-09-30T06:23:35+00:00\",\"dateModified\":\"2021-05-19T06:31:39+00:00\",\"mainEntityOfPage\":{\"@id\":\"https:\\\/\\\/nzjz-split.hr\\\/en\\\/medunarodni-dan-starijih-osoba-1-listopada-2019\\\/\"},\"wordCount\":939,\"commentCount\":0,\"publisher\":{\"@id\":\"https:\\\/\\\/nzjz-split.hr\\\/#organization\"},\"image\":{\"@id\":\"https:\\\/\\\/nzjz-split.hr\\\/en\\\/medunarodni-dan-starijih-osoba-1-listopada-2019\\\/#primaryimage\"},\"thumbnailUrl\":\"https:\\\/\\\/nzjz-split.hr\\\/wp-content\\\/uploads\\\/2021\\\/05\\\/60plus2019.jpg\",\"articleSection\":[\"Nekategorizirano\"],\"inLanguage\":\"en-GB\",\"potentialAction\":[{\"@type\":\"CommentAction\",\"name\":\"Comment\",\"target\":[\"https:\\\/\\\/nzjz-split.hr\\\/en\\\/medunarodni-dan-starijih-osoba-1-listopada-2019\\\/#respond\"]}]},{\"@type\":\"WebPage\",\"@id\":\"https:\\\/\\\/nzjz-split.hr\\\/en\\\/medunarodni-dan-starijih-osoba-1-listopada-2019\\\/\",\"url\":\"https:\\\/\\\/nzjz-split.hr\\\/en\\\/medunarodni-dan-starijih-osoba-1-listopada-2019\\\/\",\"name\":\"NZJZ SD\u017d - Me\u0111unarodni dan starijih osoba 1. listopada 2019.\",\"isPartOf\":{\"@id\":\"https:\\\/\\\/nzjz-split.hr\\\/#website\"},\"primaryImageOfPage\":{\"@id\":\"https:\\\/\\\/nzjz-split.hr\\\/en\\\/medunarodni-dan-starijih-osoba-1-listopada-2019\\\/#primaryimage\"},\"image\":{\"@id\":\"https:\\\/\\\/nzjz-split.hr\\\/en\\\/medunarodni-dan-starijih-osoba-1-listopada-2019\\\/#primaryimage\"},\"thumbnailUrl\":\"https:\\\/\\\/nzjz-split.hr\\\/wp-content\\\/uploads\\\/2021\\\/05\\\/60plus2019.jpg\",\"datePublished\":\"2019-09-30T06:23:35+00:00\",\"dateModified\":\"2021-05-19T06:31:39+00:00\",\"description\":\"Slu\u017ebene internet stranice Nastavnog Zavoda za javno zdravstvo Splitsko-dalmatinske \u017eupanije.\",\"breadcrumb\":{\"@id\":\"https:\\\/\\\/nzjz-split.hr\\\/en\\\/medunarodni-dan-starijih-osoba-1-listopada-2019\\\/#breadcrumb\"},\"inLanguage\":\"en-GB\",\"potentialAction\":[{\"@type\":\"ReadAction\",\"target\":[\"https:\\\/\\\/nzjz-split.hr\\\/en\\\/medunarodni-dan-starijih-osoba-1-listopada-2019\\\/\"]}]},{\"@type\":\"ImageObject\",\"inLanguage\":\"en-GB\",\"@id\":\"https:\\\/\\\/nzjz-split.hr\\\/en\\\/medunarodni-dan-starijih-osoba-1-listopada-2019\\\/#primaryimage\",\"url\":\"https:\\\/\\\/nzjz-split.hr\\\/wp-content\\\/uploads\\\/2021\\\/05\\\/60plus2019.jpg\",\"contentUrl\":\"https:\\\/\\\/nzjz-split.hr\\\/wp-content\\\/uploads\\\/2021\\\/05\\\/60plus2019.jpg\",\"width\":800,\"height\":402,\"caption\":\"Me\u0111unarodni dan starijih osoba 1. listopada 2019.\"},{\"@type\":\"BreadcrumbList\",\"@id\":\"https:\\\/\\\/nzjz-split.hr\\\/en\\\/medunarodni-dan-starijih-osoba-1-listopada-2019\\\/#breadcrumb\",\"itemListElement\":[{\"@type\":\"ListItem\",\"position\":1,\"name\":\"Naslovnica\",\"item\":\"https:\\\/\\\/nzjz-split.hr\\\/\"},{\"@type\":\"ListItem\",\"position\":2,\"name\":\"Me\u0111unarodni dan starijih osoba 1. listopada 2019.\"}]},{\"@type\":\"WebSite\",\"@id\":\"https:\\\/\\\/nzjz-split.hr\\\/#website\",\"url\":\"https:\\\/\\\/nzjz-split.hr\\\/\",\"name\":\"NZJZ SD\u017d\",\"description\":\"Nastavni zavod za javno zdravstvo Splitsko - dalmatinske \u017eupanije\",\"publisher\":{\"@id\":\"https:\\\/\\\/nzjz-split.hr\\\/#organization\"},\"potentialAction\":[{\"@type\":\"SearchAction\",\"target\":{\"@type\":\"EntryPoint\",\"urlTemplate\":\"https:\\\/\\\/nzjz-split.hr\\\/?s={search_term_string}\"},\"query-input\":{\"@type\":\"PropertyValueSpecification\",\"valueRequired\":true,\"valueName\":\"search_term_string\"}}],\"inLanguage\":\"en-GB\"},{\"@type\":\"Organization\",\"@id\":\"https:\\\/\\\/nzjz-split.hr\\\/#organization\",\"name\":\"Nastavni zavod za javno zdravstvo Splitsko - dalmatinske \u017eupanije\",\"url\":\"https:\\\/\\\/nzjz-split.hr\\\/\",\"logo\":{\"@type\":\"ImageObject\",\"inLanguage\":\"en-GB\",\"@id\":\"https:\\\/\\\/nzjz-split.hr\\\/#\\\/schema\\\/logo\\\/image\\\/\",\"url\":\"https:\\\/\\\/nzjz-split.hr\\\/wp-content\\\/uploads\\\/2021\\\/05\\\/nzjz-sdz-favicon-bg.png\",\"contentUrl\":\"https:\\\/\\\/nzjz-split.hr\\\/wp-content\\\/uploads\\\/2021\\\/05\\\/nzjz-sdz-favicon-bg.png\",\"width\":220,\"height\":220,\"caption\":\"Nastavni zavod za javno zdravstvo Splitsko - dalmatinske \u017eupanije\"},\"image\":{\"@id\":\"https:\\\/\\\/nzjz-split.hr\\\/#\\\/schema\\\/logo\\\/image\\\/\"},\"sameAs\":[\"https:\\\/\\\/www.facebook.com\\\/NzjzSdz\"]},{\"@type\":\"Person\",\"@id\":\"https:\\\/\\\/nzjz-split.hr\\\/#\\\/schema\\\/person\\\/b4b9f14518058e855f0658fe0f6605eb\",\"name\":\"ForgeBIT\",\"image\":{\"@type\":\"ImageObject\",\"inLanguage\":\"en-GB\",\"@id\":\"https:\\\/\\\/nzjz-split.hr\\\/wp-content\\\/litespeed\\\/avatar\\\/807534c1949a29c271544ad2598d14d6.jpg?ver=1777486818\",\"url\":\"https:\\\/\\\/nzjz-split.hr\\\/wp-content\\\/litespeed\\\/avatar\\\/807534c1949a29c271544ad2598d14d6.jpg?ver=1777486818\",\"contentUrl\":\"https:\\\/\\\/nzjz-split.hr\\\/wp-content\\\/litespeed\\\/avatar\\\/807534c1949a29c271544ad2598d14d6.jpg?ver=1777486818\",\"caption\":\"ForgeBIT\"},\"sameAs\":[\"https:\\\/\\\/nzjz-split.hr\\\/wordpress\"]}]}<\/script>\n<!-- \/ Yoast SEO plugin. -->","yoast_head_json":{"title":"NZJZ SD\u017d - Me\u0111unarodni dan starijih osoba 1. listopada 2019.","description":"Slu\u017ebene internet stranice Nastavnog Zavoda za javno zdravstvo Splitsko-dalmatinske \u017eupanije.","robots":{"index":"index","follow":"follow","max-snippet":"max-snippet:-1","max-image-preview":"max-image-preview:large","max-video-preview":"max-video-preview:-1"},"canonical":"https:\/\/nzjz-split.hr\/en\/medunarodni-dan-starijih-osoba-1-listopada-2019\/","og_locale":"en_GB","og_type":"article","og_title":"NZJZ SD\u017d - Me\u0111unarodni dan starijih osoba 1. listopada 2019.","og_description":"Slu\u017ebene internet stranice Nastavnog Zavoda za javno zdravstvo Splitsko-dalmatinske \u017eupanije.","og_url":"https:\/\/nzjz-split.hr\/en\/medunarodni-dan-starijih-osoba-1-listopada-2019\/","og_site_name":"NZJZ SD\u017d","article_publisher":"https:\/\/www.facebook.com\/NzjzSdz","article_published_time":"2019-09-30T06:23:35+00:00","article_modified_time":"2021-05-19T06:31:39+00:00","og_image":[{"width":800,"height":402,"url":"https:\/\/nzjz-split.hr\/wp-content\/uploads\/2021\/05\/60plus2019.jpg","type":"image\/jpeg"}],"author":"ForgeBIT","twitter_card":"summary_large_image","twitter_misc":{"Written by":"ForgeBIT","Estimated reading time":"5 minutes"},"schema":{"@context":"https:\/\/schema.org","@graph":[{"@type":"Article","@id":"https:\/\/nzjz-split.hr\/en\/medunarodni-dan-starijih-osoba-1-listopada-2019\/#article","isPartOf":{"@id":"https:\/\/nzjz-split.hr\/en\/medunarodni-dan-starijih-osoba-1-listopada-2019\/"},"author":{"name":"ForgeBIT","@id":"https:\/\/nzjz-split.hr\/#\/schema\/person\/b4b9f14518058e855f0658fe0f6605eb"},"headline":"Me\u0111unarodni dan starijih osoba 1. listopada 2019.","datePublished":"2019-09-30T06:23:35+00:00","dateModified":"2021-05-19T06:31:39+00:00","mainEntityOfPage":{"@id":"https:\/\/nzjz-split.hr\/en\/medunarodni-dan-starijih-osoba-1-listopada-2019\/"},"wordCount":939,"commentCount":0,"publisher":{"@id":"https:\/\/nzjz-split.hr\/#organization"},"image":{"@id":"https:\/\/nzjz-split.hr\/en\/medunarodni-dan-starijih-osoba-1-listopada-2019\/#primaryimage"},"thumbnailUrl":"https:\/\/nzjz-split.hr\/wp-content\/uploads\/2021\/05\/60plus2019.jpg","articleSection":["Nekategorizirano"],"inLanguage":"en-GB","potentialAction":[{"@type":"CommentAction","name":"Comment","target":["https:\/\/nzjz-split.hr\/en\/medunarodni-dan-starijih-osoba-1-listopada-2019\/#respond"]}]},{"@type":"WebPage","@id":"https:\/\/nzjz-split.hr\/en\/medunarodni-dan-starijih-osoba-1-listopada-2019\/","url":"https:\/\/nzjz-split.hr\/en\/medunarodni-dan-starijih-osoba-1-listopada-2019\/","name":"NZJZ SD\u017d - Me\u0111unarodni dan starijih osoba 1. listopada 2019.","isPartOf":{"@id":"https:\/\/nzjz-split.hr\/#website"},"primaryImageOfPage":{"@id":"https:\/\/nzjz-split.hr\/en\/medunarodni-dan-starijih-osoba-1-listopada-2019\/#primaryimage"},"image":{"@id":"https:\/\/nzjz-split.hr\/en\/medunarodni-dan-starijih-osoba-1-listopada-2019\/#primaryimage"},"thumbnailUrl":"https:\/\/nzjz-split.hr\/wp-content\/uploads\/2021\/05\/60plus2019.jpg","datePublished":"2019-09-30T06:23:35+00:00","dateModified":"2021-05-19T06:31:39+00:00","description":"Slu\u017ebene internet stranice Nastavnog Zavoda za javno zdravstvo Splitsko-dalmatinske \u017eupanije.","breadcrumb":{"@id":"https:\/\/nzjz-split.hr\/en\/medunarodni-dan-starijih-osoba-1-listopada-2019\/#breadcrumb"},"inLanguage":"en-GB","potentialAction":[{"@type":"ReadAction","target":["https:\/\/nzjz-split.hr\/en\/medunarodni-dan-starijih-osoba-1-listopada-2019\/"]}]},{"@type":"ImageObject","inLanguage":"en-GB","@id":"https:\/\/nzjz-split.hr\/en\/medunarodni-dan-starijih-osoba-1-listopada-2019\/#primaryimage","url":"https:\/\/nzjz-split.hr\/wp-content\/uploads\/2021\/05\/60plus2019.jpg","contentUrl":"https:\/\/nzjz-split.hr\/wp-content\/uploads\/2021\/05\/60plus2019.jpg","width":800,"height":402,"caption":"Me\u0111unarodni dan starijih osoba 1. listopada 2019."},{"@type":"BreadcrumbList","@id":"https:\/\/nzjz-split.hr\/en\/medunarodni-dan-starijih-osoba-1-listopada-2019\/#breadcrumb","itemListElement":[{"@type":"ListItem","position":1,"name":"Naslovnica","item":"https:\/\/nzjz-split.hr\/"},{"@type":"ListItem","position":2,"name":"Me\u0111unarodni dan starijih osoba 1. listopada 2019."}]},{"@type":"WebSite","@id":"https:\/\/nzjz-split.hr\/#website","url":"https:\/\/nzjz-split.hr\/","name":"NZJZ SD\u017d","description":"Teaching Institute for Public Health, Split - Dalmatia County","publisher":{"@id":"https:\/\/nzjz-split.hr\/#organization"},"potentialAction":[{"@type":"SearchAction","target":{"@type":"EntryPoint","urlTemplate":"https:\/\/nzjz-split.hr\/?s={search_term_string}"},"query-input":{"@type":"PropertyValueSpecification","valueRequired":true,"valueName":"search_term_string"}}],"inLanguage":"en-GB"},{"@type":"Organization","@id":"https:\/\/nzjz-split.hr\/#organization","name":"Teaching Institute for Public Health, Split - Dalmatia County","url":"https:\/\/nzjz-split.hr\/","logo":{"@type":"ImageObject","inLanguage":"en-GB","@id":"https:\/\/nzjz-split.hr\/#\/schema\/logo\/image\/","url":"https:\/\/nzjz-split.hr\/wp-content\/uploads\/2021\/05\/nzjz-sdz-favicon-bg.png","contentUrl":"https:\/\/nzjz-split.hr\/wp-content\/uploads\/2021\/05\/nzjz-sdz-favicon-bg.png","width":220,"height":220,"caption":"Nastavni zavod za javno zdravstvo Splitsko - dalmatinske \u017eupanije"},"image":{"@id":"https:\/\/nzjz-split.hr\/#\/schema\/logo\/image\/"},"sameAs":["https:\/\/www.facebook.com\/NzjzSdz"]},{"@type":"Person","@id":"https:\/\/nzjz-split.hr\/#\/schema\/person\/b4b9f14518058e855f0658fe0f6605eb","name":"ForgeBIT","image":{"@type":"ImageObject","inLanguage":"en-GB","@id":"https:\/\/nzjz-split.hr\/wp-content\/litespeed\/avatar\/807534c1949a29c271544ad2598d14d6.jpg?ver=1777486818","url":"https:\/\/nzjz-split.hr\/wp-content\/litespeed\/avatar\/807534c1949a29c271544ad2598d14d6.jpg?ver=1777486818","contentUrl":"https:\/\/nzjz-split.hr\/wp-content\/litespeed\/avatar\/807534c1949a29c271544ad2598d14d6.jpg?ver=1777486818","caption":"ForgeBIT"},"sameAs":["https:\/\/nzjz-split.hr\/wordpress"]}]}},"_links":{"self":[{"href":"https:\/\/nzjz-split.hr\/en\/wp-json\/wp\/v2\/posts\/2029","targetHints":{"allow":["GET"]}}],"collection":[{"href":"https:\/\/nzjz-split.hr\/en\/wp-json\/wp\/v2\/posts"}],"about":[{"href":"https:\/\/nzjz-split.hr\/en\/wp-json\/wp\/v2\/types\/post"}],"author":[{"embeddable":true,"href":"https:\/\/nzjz-split.hr\/en\/wp-json\/wp\/v2\/users\/1"}],"replies":[{"embeddable":true,"href":"https:\/\/nzjz-split.hr\/en\/wp-json\/wp\/v2\/comments?post=2029"}],"version-history":[{"count":0,"href":"https:\/\/nzjz-split.hr\/en\/wp-json\/wp\/v2\/posts\/2029\/revisions"}],"wp:featuredmedia":[{"embeddable":true,"href":"https:\/\/nzjz-split.hr\/en\/wp-json\/wp\/v2\/media\/4132"}],"wp:attachment":[{"href":"https:\/\/nzjz-split.hr\/en\/wp-json\/wp\/v2\/media?parent=2029"}],"wp:term":[{"taxonomy":"category","embeddable":true,"href":"https:\/\/nzjz-split.hr\/en\/wp-json\/wp\/v2\/categories?post=2029"},{"taxonomy":"post_tag","embeddable":true,"href":"https:\/\/nzjz-split.hr\/en\/wp-json\/wp\/v2\/tags?post=2029"}],"curies":[{"name":"wp","href":"https:\/\/api.w.org\/{rel}","templated":true}]}}