{"id":2043,"date":"2019-09-30T12:06:57","date_gmt":"2019-09-30T12:06:57","guid":{"rendered":"https:\/\/nzjz.wpengine.com\/2019\/09\/30\/obiljezen-svjetski-dan-srca-2019-godine-u-splitsko-dalmatinskoj-zupaniji\/"},"modified":"2021-05-19T06:31:39","modified_gmt":"2021-05-19T06:31:39","slug":"obiljezen-svjetski-dan-srca-2019-godine-u-splitsko-dalmatinskoj-zupaniji","status":"publish","type":"post","link":"https:\/\/nzjz-split.hr\/en\/obiljezen-svjetski-dan-srca-2019-godine-u-splitsko-dalmatinskoj-zupaniji\/","title":{"rendered":"Obilje\u017een Svjetski dan srca 2019. godine u Splitsko-dalmatinskoj \u017eupaniji"},"content":{"rendered":"<p style=\"text-align: justify;\">Povodom obilje\u017eavanja <strong>Svjetskog dana srca 29. rujna 2019. godine na splitskoj Rivi<\/strong> odr\u017eana je javnozdravstvena akcija, koju je organizirao Nastavni zavod za javno zdravstvo SD\u017d u suradnji s Hrvatskim kardiolo\u0161kim dru\u0161tvom Podru\u017enica Ju\u017ena Hrvatska, Klinikom za bolesti srca i krvnih \u017eila KBC Split, Splitsko-dalmatinskom \u017eupanijom i Gradom Splitom. Tema ovogodi\u0161njeg Svjetskog dana srca je \u201e <strong>BUDI HEROJ SRCA, OBE\u0106AJ!<\/strong> &#8221; \u010dime se \u017eeli potaknuti briga o vlastitom srcu, kao i srcima nama bliskih osoba.<\/p>\n<p>  <!--more-->  <\/p>\n<p style=\"text-align: justify;\">U obilje\u017eavanju Svjetskog dana srca uz djelatnike Nastavnog zavoda za javno zdravstvo SD\u017d sudjelovali su i djelatnici Klinike za bolesti srca i krvnih \u017eila Klini\u010dkog bolni\u010dkog centra Split te\u00a0 studenti Sveu\u010dili\u0161nog odjela zdravstvenih studija. Zainteresiranim gra\u0111anima mjerio se krvni tlak, razina \u0161e\u0107era u krvi, odre\u0111ivao opseg struka i indeks tjelesne mase (ITM), te su se dijelili zdravstveni savjeti i besplatni edukativni materijali. Svoje \u010dimbenike rizika za nastanak\u00a0 bolesti srca i krvnih \u017eila gra\u0111ani su mogli provjeriti i u Ispostavama NZJZ SD\u017d-a diljem \u017dupanije 30. rujna 2019. godine na \u201e<strong>Danu otvorenih vrata<\/strong>\u201c u ispostavi Sinj, Imotski, Trogir, Makarska, Hvar, dok je na otoku Bra\u010du u<strong> Sutivanu na Rivi<\/strong> odr\u017eana javnozdravstvena akcija. Kao i svake godine, ovoj hvale vrijednoj akciji odazvao se veliki broj gra\u0111ana.<\/p>\n<p style=\"text-align: right;\"><strong>Majda Gotovac, dr. med., spec. epidemiologije<\/strong><br \/><strong>Service for Epidemiology and Prevention of Noncommunicable Diseases<\/strong><br \/><strong>Nastavni zavod za javno zdravstvo Splitsko-dalmatinske \u017eupanije<\/strong><\/p>\n<p style=\"text-align: right;\">\u00a0<\/p>\n<p style=\"text-align: justify;\">\u00a0<img fetchpriority=\"high\" decoding=\"async\" class=\"size-full wp-image-2036\" src=\"https:\/\/nzjz-split.hr\/wp-content\/uploads\/2019\/09\/dan_srca_2019_4.jpg\" alt=\"\" width=\"800\" height=\"539\" srcset=\"https:\/\/nzjz-split.hr\/wp-content\/uploads\/2019\/09\/dan_srca_2019_4.jpg 800w, https:\/\/nzjz-split.hr\/wp-content\/uploads\/2019\/09\/dan_srca_2019_4-600x404.jpg 600w\" sizes=\"(max-width: 800px) 100vw, 800px\" \/><\/p>\n<p style=\"text-align: justify;\"><img decoding=\"async\" class=\"pull-center size-full wp-image-2037\" src=\"https:\/\/nzjz-split.hr\/wp-content\/uploads\/2019\/09\/dan_srca_2019_1.jpg\" alt=\"\" width=\"800\" height=\"600\" srcset=\"https:\/\/nzjz-split.hr\/wp-content\/uploads\/2019\/09\/dan_srca_2019_1.jpg 800w, https:\/\/nzjz-split.hr\/wp-content\/uploads\/2019\/09\/dan_srca_2019_1-600x450.jpg 600w\" sizes=\"(max-width: 800px) 100vw, 800px\" \/><\/p>\n<p style=\"text-align: justify;\"><img decoding=\"async\" class=\"pull-center size-full wp-image-2038\" src=\"https:\/\/nzjz-split.hr\/wp-content\/uploads\/2019\/09\/dan_srca_2019_2.jpg\" alt=\"\" width=\"800\" height=\"600\" srcset=\"https:\/\/nzjz-split.hr\/wp-content\/uploads\/2019\/09\/dan_srca_2019_2.jpg 800w, https:\/\/nzjz-split.hr\/wp-content\/uploads\/2019\/09\/dan_srca_2019_2-600x450.jpg 600w\" sizes=\"(max-width: 800px) 100vw, 800px\" \/><\/p>\n<p style=\"text-align: justify;\"><img loading=\"lazy\" decoding=\"async\" class=\"size-full wp-image-2039\" src=\"https:\/\/nzjz-split.hr\/wp-content\/uploads\/2019\/09\/dan_srca_2019_5.jpg\" alt=\"\" width=\"800\" height=\"600\" srcset=\"https:\/\/nzjz-split.hr\/wp-content\/uploads\/2019\/09\/dan_srca_2019_5.jpg 800w, https:\/\/nzjz-split.hr\/wp-content\/uploads\/2019\/09\/dan_srca_2019_5-600x450.jpg 600w\" sizes=\"(max-width: 800px) 100vw, 800px\" \/><\/p>\n<p style=\"text-align: justify;\"><img loading=\"lazy\" decoding=\"async\" class=\"size-full wp-image-2040\" src=\"https:\/\/nzjz-split.hr\/wp-content\/uploads\/2019\/09\/dan_srca_2019_6.jpg\" alt=\"\" width=\"800\" height=\"600\" srcset=\"https:\/\/nzjz-split.hr\/wp-content\/uploads\/2019\/09\/dan_srca_2019_6.jpg 800w, https:\/\/nzjz-split.hr\/wp-content\/uploads\/2019\/09\/dan_srca_2019_6-600x450.jpg 600w\" sizes=\"(max-width: 800px) 100vw, 800px\" \/><\/p>\n<p style=\"text-align: justify;\"><img loading=\"lazy\" decoding=\"async\" class=\"size-full wp-image-2041\" src=\"https:\/\/nzjz-split.hr\/wp-content\/uploads\/2019\/09\/dan_srca_2019_7.jpg\" alt=\"\" width=\"780\" height=\"1076\" srcset=\"https:\/\/nzjz-split.hr\/wp-content\/uploads\/2019\/09\/dan_srca_2019_7.jpg 780w, https:\/\/nzjz-split.hr\/wp-content\/uploads\/2019\/09\/dan_srca_2019_7-600x828.jpg 600w\" sizes=\"(max-width: 780px) 100vw, 780px\" \/>\u00a0<\/p>\n<p style=\"text-align: justify;\"><img loading=\"lazy\" decoding=\"async\" class=\"size-full wp-image-2042\" src=\"https:\/\/nzjz-split.hr\/wp-content\/uploads\/2019\/09\/dan_srca_2019_8.jpg\" alt=\"\" width=\"800\" height=\"600\" srcset=\"https:\/\/nzjz-split.hr\/wp-content\/uploads\/2019\/09\/dan_srca_2019_8.jpg 800w, https:\/\/nzjz-split.hr\/wp-content\/uploads\/2019\/09\/dan_srca_2019_8-600x450.jpg 600w\" sizes=\"(max-width: 800px) 100vw, 800px\" \/><\/p>\n<p style=\"text-align: justify;\">\u00a0<\/p>\n<p style=\"text-align: justify;\">\u00a0<\/p>","protected":false},"excerpt":{"rendered":"<p>Povodom obilje\u017eavanja Svjetskog dana srca 29. rujna 2019. godine na splitskoj Rivi odr\u017eana je javnozdravstvena akcija, koju je organizirao Nastavni zavod za javno zdravstvo SD\u017d u suradnji s Hrvatskim kardiolo\u0161kim dru\u0161tvom Podru\u017enica Ju\u017ena Hrvatska, Klinikom za bolesti srca i krvnih \u017eila KBC Split, Splitsko-dalmatinskom \u017eupanijom i Gradom Splitom. Tema ovogodi\u0161njeg Svjetskog dana srca je \u201e [&hellip;]<\/p>\n","protected":false},"author":1,"featured_media":4128,"comment_status":"open","ping_status":"open","sticky":false,"template":"","format":"standard","meta":{"inline_featured_image":false,"footnotes":""},"categories":[36],"tags":[],"class_list":["post-2043","post","type-post","status-publish","format-standard","has-post-thumbnail","hentry","category-aktivnosti-sluzba-za-epidemiologiju-i-prevenciju-nezaraznih-bolesti"],"yoast_head":"<!-- This site is optimized with the Yoast SEO plugin v27.3 - https:\/\/yoast.com\/product\/yoast-seo-wordpress\/ -->\n<title>NZJZ SD\u017d - Obilje\u017een Svjetski dan srca 2019. godine u Splitsko-dalmatinskoj \u017eupaniji<\/title>\n<meta name=\"description\" content=\"Slu\u017ebene internet stranice Nastavnog Zavoda za javno zdravstvo Splitsko-dalmatinske \u017eupanije.\" \/>\n<meta name=\"robots\" content=\"index, follow, max-snippet:-1, max-image-preview:large, max-video-preview:-1\" \/>\n<link rel=\"canonical\" href=\"https:\/\/nzjz-split.hr\/en\/obiljezen-svjetski-dan-srca-2019-godine-u-splitsko-dalmatinskoj-zupaniji\/\" \/>\n<meta property=\"og:locale\" content=\"en_GB\" \/>\n<meta property=\"og:type\" content=\"article\" \/>\n<meta property=\"og:title\" content=\"NZJZ SD\u017d - Obilje\u017een Svjetski dan srca 2019. godine u Splitsko-dalmatinskoj \u017eupaniji\" \/>\n<meta property=\"og:description\" content=\"Slu\u017ebene internet stranice Nastavnog Zavoda za javno zdravstvo Splitsko-dalmatinske \u017eupanije.\" \/>\n<meta property=\"og:url\" content=\"https:\/\/nzjz-split.hr\/en\/obiljezen-svjetski-dan-srca-2019-godine-u-splitsko-dalmatinskoj-zupaniji\/\" \/>\n<meta property=\"og:site_name\" content=\"NZJZ SD\u017d\" \/>\n<meta property=\"article:publisher\" content=\"https:\/\/www.facebook.com\/NzjzSdz\" \/>\n<meta property=\"article:published_time\" content=\"2019-09-30T12:06:57+00:00\" \/>\n<meta property=\"article:modified_time\" content=\"2021-05-19T06:31:39+00:00\" \/>\n<meta property=\"og:image\" content=\"https:\/\/nzjz-split.hr\/wp-content\/uploads\/2021\/05\/dan_srca_2019_3.jpg\" \/>\n\t<meta property=\"og:image:width\" content=\"800\" \/>\n\t<meta property=\"og:image:height\" content=\"600\" \/>\n\t<meta property=\"og:image:type\" content=\"image\/jpeg\" \/>\n<meta name=\"author\" content=\"ForgeBIT\" \/>\n<meta name=\"twitter:card\" content=\"summary_large_image\" \/>\n<meta name=\"twitter:label1\" content=\"Written by\" \/>\n\t<meta name=\"twitter:data1\" content=\"ForgeBIT\" \/>\n\t<meta name=\"twitter:label2\" content=\"Estimated reading time\" \/>\n\t<meta name=\"twitter:data2\" content=\"1 minute\" \/>\n<script type=\"application\/ld+json\" class=\"yoast-schema-graph\">{\"@context\":\"https:\\\/\\\/schema.org\",\"@graph\":[{\"@type\":\"Article\",\"@id\":\"https:\\\/\\\/nzjz-split.hr\\\/obiljezen-svjetski-dan-srca-2019-godine-u-splitsko-dalmatinskoj-zupaniji\\\/#article\",\"isPartOf\":{\"@id\":\"https:\\\/\\\/nzjz-split.hr\\\/obiljezen-svjetski-dan-srca-2019-godine-u-splitsko-dalmatinskoj-zupaniji\\\/\"},\"author\":{\"name\":\"ForgeBIT\",\"@id\":\"https:\\\/\\\/nzjz-split.hr\\\/#\\\/schema\\\/person\\\/b4b9f14518058e855f0658fe0f6605eb\"},\"headline\":\"Obilje\u017een Svjetski dan srca 2019. godine u Splitsko-dalmatinskoj \u017eupaniji\",\"datePublished\":\"2019-09-30T12:06:57+00:00\",\"dateModified\":\"2021-05-19T06:31:39+00:00\",\"mainEntityOfPage\":{\"@id\":\"https:\\\/\\\/nzjz-split.hr\\\/obiljezen-svjetski-dan-srca-2019-godine-u-splitsko-dalmatinskoj-zupaniji\\\/\"},\"wordCount\":242,\"commentCount\":0,\"publisher\":{\"@id\":\"https:\\\/\\\/nzjz-split.hr\\\/#organization\"},\"image\":{\"@id\":\"https:\\\/\\\/nzjz-split.hr\\\/obiljezen-svjetski-dan-srca-2019-godine-u-splitsko-dalmatinskoj-zupaniji\\\/#primaryimage\"},\"thumbnailUrl\":\"https:\\\/\\\/nzjz-split.hr\\\/wp-content\\\/uploads\\\/2021\\\/05\\\/dan_srca_2019_3.jpg\",\"articleSection\":[\"Aktivnosti: Slu\u017eba za epidemiologiju i prevenciju nezaraznih bolesti\"],\"inLanguage\":\"en-GB\",\"potentialAction\":[{\"@type\":\"CommentAction\",\"name\":\"Comment\",\"target\":[\"https:\\\/\\\/nzjz-split.hr\\\/obiljezen-svjetski-dan-srca-2019-godine-u-splitsko-dalmatinskoj-zupaniji\\\/#respond\"]}]},{\"@type\":\"WebPage\",\"@id\":\"https:\\\/\\\/nzjz-split.hr\\\/obiljezen-svjetski-dan-srca-2019-godine-u-splitsko-dalmatinskoj-zupaniji\\\/\",\"url\":\"https:\\\/\\\/nzjz-split.hr\\\/obiljezen-svjetski-dan-srca-2019-godine-u-splitsko-dalmatinskoj-zupaniji\\\/\",\"name\":\"NZJZ SD\u017d - Obilje\u017een Svjetski dan srca 2019. godine u Splitsko-dalmatinskoj \u017eupaniji\",\"isPartOf\":{\"@id\":\"https:\\\/\\\/nzjz-split.hr\\\/#website\"},\"primaryImageOfPage\":{\"@id\":\"https:\\\/\\\/nzjz-split.hr\\\/obiljezen-svjetski-dan-srca-2019-godine-u-splitsko-dalmatinskoj-zupaniji\\\/#primaryimage\"},\"image\":{\"@id\":\"https:\\\/\\\/nzjz-split.hr\\\/obiljezen-svjetski-dan-srca-2019-godine-u-splitsko-dalmatinskoj-zupaniji\\\/#primaryimage\"},\"thumbnailUrl\":\"https:\\\/\\\/nzjz-split.hr\\\/wp-content\\\/uploads\\\/2021\\\/05\\\/dan_srca_2019_3.jpg\",\"datePublished\":\"2019-09-30T12:06:57+00:00\",\"dateModified\":\"2021-05-19T06:31:39+00:00\",\"description\":\"Slu\u017ebene internet stranice Nastavnog Zavoda za javno zdravstvo Splitsko-dalmatinske \u017eupanije.\",\"breadcrumb\":{\"@id\":\"https:\\\/\\\/nzjz-split.hr\\\/obiljezen-svjetski-dan-srca-2019-godine-u-splitsko-dalmatinskoj-zupaniji\\\/#breadcrumb\"},\"inLanguage\":\"en-GB\",\"potentialAction\":[{\"@type\":\"ReadAction\",\"target\":[\"https:\\\/\\\/nzjz-split.hr\\\/obiljezen-svjetski-dan-srca-2019-godine-u-splitsko-dalmatinskoj-zupaniji\\\/\"]}]},{\"@type\":\"ImageObject\",\"inLanguage\":\"en-GB\",\"@id\":\"https:\\\/\\\/nzjz-split.hr\\\/obiljezen-svjetski-dan-srca-2019-godine-u-splitsko-dalmatinskoj-zupaniji\\\/#primaryimage\",\"url\":\"https:\\\/\\\/nzjz-split.hr\\\/wp-content\\\/uploads\\\/2021\\\/05\\\/dan_srca_2019_3.jpg\",\"contentUrl\":\"https:\\\/\\\/nzjz-split.hr\\\/wp-content\\\/uploads\\\/2021\\\/05\\\/dan_srca_2019_3.jpg\",\"width\":800,\"height\":600,\"caption\":\"Obilje\u017een Svjetski dan srca 2019. godine u Splitsko-dalmatinskoj \u017eupaniji\"},{\"@type\":\"BreadcrumbList\",\"@id\":\"https:\\\/\\\/nzjz-split.hr\\\/obiljezen-svjetski-dan-srca-2019-godine-u-splitsko-dalmatinskoj-zupaniji\\\/#breadcrumb\",\"itemListElement\":[{\"@type\":\"ListItem\",\"position\":1,\"name\":\"Naslovnica\",\"item\":\"https:\\\/\\\/nzjz-split.hr\\\/\"},{\"@type\":\"ListItem\",\"position\":2,\"name\":\"Obilje\u017een Svjetski dan srca 2019. godine u Splitsko-dalmatinskoj \u017eupaniji\"}]},{\"@type\":\"WebSite\",\"@id\":\"https:\\\/\\\/nzjz-split.hr\\\/#website\",\"url\":\"https:\\\/\\\/nzjz-split.hr\\\/\",\"name\":\"NZJZ SD\u017d\",\"description\":\"Nastavni zavod za javno zdravstvo Splitsko - dalmatinske \u017eupanije\",\"publisher\":{\"@id\":\"https:\\\/\\\/nzjz-split.hr\\\/#organization\"},\"potentialAction\":[{\"@type\":\"SearchAction\",\"target\":{\"@type\":\"EntryPoint\",\"urlTemplate\":\"https:\\\/\\\/nzjz-split.hr\\\/?s={search_term_string}\"},\"query-input\":{\"@type\":\"PropertyValueSpecification\",\"valueRequired\":true,\"valueName\":\"search_term_string\"}}],\"inLanguage\":\"en-GB\"},{\"@type\":\"Organization\",\"@id\":\"https:\\\/\\\/nzjz-split.hr\\\/#organization\",\"name\":\"Nastavni zavod za javno zdravstvo Splitsko - dalmatinske \u017eupanije\",\"url\":\"https:\\\/\\\/nzjz-split.hr\\\/\",\"logo\":{\"@type\":\"ImageObject\",\"inLanguage\":\"en-GB\",\"@id\":\"https:\\\/\\\/nzjz-split.hr\\\/#\\\/schema\\\/logo\\\/image\\\/\",\"url\":\"https:\\\/\\\/nzjz-split.hr\\\/wp-content\\\/uploads\\\/2021\\\/05\\\/nzjz-sdz-favicon-bg.png\",\"contentUrl\":\"https:\\\/\\\/nzjz-split.hr\\\/wp-content\\\/uploads\\\/2021\\\/05\\\/nzjz-sdz-favicon-bg.png\",\"width\":220,\"height\":220,\"caption\":\"Nastavni zavod za javno zdravstvo Splitsko - dalmatinske \u017eupanije\"},\"image\":{\"@id\":\"https:\\\/\\\/nzjz-split.hr\\\/#\\\/schema\\\/logo\\\/image\\\/\"},\"sameAs\":[\"https:\\\/\\\/www.facebook.com\\\/NzjzSdz\"]},{\"@type\":\"Person\",\"@id\":\"https:\\\/\\\/nzjz-split.hr\\\/#\\\/schema\\\/person\\\/b4b9f14518058e855f0658fe0f6605eb\",\"name\":\"ForgeBIT\",\"image\":{\"@type\":\"ImageObject\",\"inLanguage\":\"en-GB\",\"@id\":\"https:\\\/\\\/nzjz-split.hr\\\/wp-content\\\/litespeed\\\/avatar\\\/807534c1949a29c271544ad2598d14d6.jpg?ver=1777486818\",\"url\":\"https:\\\/\\\/nzjz-split.hr\\\/wp-content\\\/litespeed\\\/avatar\\\/807534c1949a29c271544ad2598d14d6.jpg?ver=1777486818\",\"contentUrl\":\"https:\\\/\\\/nzjz-split.hr\\\/wp-content\\\/litespeed\\\/avatar\\\/807534c1949a29c271544ad2598d14d6.jpg?ver=1777486818\",\"caption\":\"ForgeBIT\"},\"sameAs\":[\"https:\\\/\\\/nzjz-split.hr\\\/wordpress\"]}]}<\/script>\n<!-- \/ Yoast SEO plugin. -->","yoast_head_json":{"title":"NZJZ SD\u017d - Obilje\u017een Svjetski dan srca 2019. godine u Splitsko-dalmatinskoj \u017eupaniji","description":"Slu\u017ebene internet stranice Nastavnog Zavoda za javno zdravstvo Splitsko-dalmatinske \u017eupanije.","robots":{"index":"index","follow":"follow","max-snippet":"max-snippet:-1","max-image-preview":"max-image-preview:large","max-video-preview":"max-video-preview:-1"},"canonical":"https:\/\/nzjz-split.hr\/en\/obiljezen-svjetski-dan-srca-2019-godine-u-splitsko-dalmatinskoj-zupaniji\/","og_locale":"en_GB","og_type":"article","og_title":"NZJZ SD\u017d - Obilje\u017een Svjetski dan srca 2019. godine u Splitsko-dalmatinskoj \u017eupaniji","og_description":"Slu\u017ebene internet stranice Nastavnog Zavoda za javno zdravstvo Splitsko-dalmatinske \u017eupanije.","og_url":"https:\/\/nzjz-split.hr\/en\/obiljezen-svjetski-dan-srca-2019-godine-u-splitsko-dalmatinskoj-zupaniji\/","og_site_name":"NZJZ SD\u017d","article_publisher":"https:\/\/www.facebook.com\/NzjzSdz","article_published_time":"2019-09-30T12:06:57+00:00","article_modified_time":"2021-05-19T06:31:39+00:00","og_image":[{"width":800,"height":600,"url":"https:\/\/nzjz-split.hr\/wp-content\/uploads\/2021\/05\/dan_srca_2019_3.jpg","type":"image\/jpeg"}],"author":"ForgeBIT","twitter_card":"summary_large_image","twitter_misc":{"Written by":"ForgeBIT","Estimated reading time":"1 minute"},"schema":{"@context":"https:\/\/schema.org","@graph":[{"@type":"Article","@id":"https:\/\/nzjz-split.hr\/obiljezen-svjetski-dan-srca-2019-godine-u-splitsko-dalmatinskoj-zupaniji\/#article","isPartOf":{"@id":"https:\/\/nzjz-split.hr\/obiljezen-svjetski-dan-srca-2019-godine-u-splitsko-dalmatinskoj-zupaniji\/"},"author":{"name":"ForgeBIT","@id":"https:\/\/nzjz-split.hr\/#\/schema\/person\/b4b9f14518058e855f0658fe0f6605eb"},"headline":"Obilje\u017een Svjetski dan srca 2019. godine u Splitsko-dalmatinskoj \u017eupaniji","datePublished":"2019-09-30T12:06:57+00:00","dateModified":"2021-05-19T06:31:39+00:00","mainEntityOfPage":{"@id":"https:\/\/nzjz-split.hr\/obiljezen-svjetski-dan-srca-2019-godine-u-splitsko-dalmatinskoj-zupaniji\/"},"wordCount":242,"commentCount":0,"publisher":{"@id":"https:\/\/nzjz-split.hr\/#organization"},"image":{"@id":"https:\/\/nzjz-split.hr\/obiljezen-svjetski-dan-srca-2019-godine-u-splitsko-dalmatinskoj-zupaniji\/#primaryimage"},"thumbnailUrl":"https:\/\/nzjz-split.hr\/wp-content\/uploads\/2021\/05\/dan_srca_2019_3.jpg","articleSection":["Aktivnosti: Slu\u017eba za epidemiologiju i prevenciju nezaraznih bolesti"],"inLanguage":"en-GB","potentialAction":[{"@type":"CommentAction","name":"Comment","target":["https:\/\/nzjz-split.hr\/obiljezen-svjetski-dan-srca-2019-godine-u-splitsko-dalmatinskoj-zupaniji\/#respond"]}]},{"@type":"WebPage","@id":"https:\/\/nzjz-split.hr\/obiljezen-svjetski-dan-srca-2019-godine-u-splitsko-dalmatinskoj-zupaniji\/","url":"https:\/\/nzjz-split.hr\/obiljezen-svjetski-dan-srca-2019-godine-u-splitsko-dalmatinskoj-zupaniji\/","name":"NZJZ SD\u017d - Obilje\u017een Svjetski dan srca 2019. godine u Splitsko-dalmatinskoj \u017eupaniji","isPartOf":{"@id":"https:\/\/nzjz-split.hr\/#website"},"primaryImageOfPage":{"@id":"https:\/\/nzjz-split.hr\/obiljezen-svjetski-dan-srca-2019-godine-u-splitsko-dalmatinskoj-zupaniji\/#primaryimage"},"image":{"@id":"https:\/\/nzjz-split.hr\/obiljezen-svjetski-dan-srca-2019-godine-u-splitsko-dalmatinskoj-zupaniji\/#primaryimage"},"thumbnailUrl":"https:\/\/nzjz-split.hr\/wp-content\/uploads\/2021\/05\/dan_srca_2019_3.jpg","datePublished":"2019-09-30T12:06:57+00:00","dateModified":"2021-05-19T06:31:39+00:00","description":"Slu\u017ebene internet stranice Nastavnog Zavoda za javno zdravstvo Splitsko-dalmatinske \u017eupanije.","breadcrumb":{"@id":"https:\/\/nzjz-split.hr\/obiljezen-svjetski-dan-srca-2019-godine-u-splitsko-dalmatinskoj-zupaniji\/#breadcrumb"},"inLanguage":"en-GB","potentialAction":[{"@type":"ReadAction","target":["https:\/\/nzjz-split.hr\/obiljezen-svjetski-dan-srca-2019-godine-u-splitsko-dalmatinskoj-zupaniji\/"]}]},{"@type":"ImageObject","inLanguage":"en-GB","@id":"https:\/\/nzjz-split.hr\/obiljezen-svjetski-dan-srca-2019-godine-u-splitsko-dalmatinskoj-zupaniji\/#primaryimage","url":"https:\/\/nzjz-split.hr\/wp-content\/uploads\/2021\/05\/dan_srca_2019_3.jpg","contentUrl":"https:\/\/nzjz-split.hr\/wp-content\/uploads\/2021\/05\/dan_srca_2019_3.jpg","width":800,"height":600,"caption":"Obilje\u017een Svjetski dan srca 2019. godine u Splitsko-dalmatinskoj \u017eupaniji"},{"@type":"BreadcrumbList","@id":"https:\/\/nzjz-split.hr\/obiljezen-svjetski-dan-srca-2019-godine-u-splitsko-dalmatinskoj-zupaniji\/#breadcrumb","itemListElement":[{"@type":"ListItem","position":1,"name":"Naslovnica","item":"https:\/\/nzjz-split.hr\/"},{"@type":"ListItem","position":2,"name":"Obilje\u017een Svjetski dan srca 2019. godine u Splitsko-dalmatinskoj \u017eupaniji"}]},{"@type":"WebSite","@id":"https:\/\/nzjz-split.hr\/#website","url":"https:\/\/nzjz-split.hr\/","name":"NZJZ SD\u017d","description":"Teaching Institute for Public Health, Split - Dalmatia County","publisher":{"@id":"https:\/\/nzjz-split.hr\/#organization"},"potentialAction":[{"@type":"SearchAction","target":{"@type":"EntryPoint","urlTemplate":"https:\/\/nzjz-split.hr\/?s={search_term_string}"},"query-input":{"@type":"PropertyValueSpecification","valueRequired":true,"valueName":"search_term_string"}}],"inLanguage":"en-GB"},{"@type":"Organization","@id":"https:\/\/nzjz-split.hr\/#organization","name":"Teaching Institute for Public Health, Split - Dalmatia County","url":"https:\/\/nzjz-split.hr\/","logo":{"@type":"ImageObject","inLanguage":"en-GB","@id":"https:\/\/nzjz-split.hr\/#\/schema\/logo\/image\/","url":"https:\/\/nzjz-split.hr\/wp-content\/uploads\/2021\/05\/nzjz-sdz-favicon-bg.png","contentUrl":"https:\/\/nzjz-split.hr\/wp-content\/uploads\/2021\/05\/nzjz-sdz-favicon-bg.png","width":220,"height":220,"caption":"Nastavni zavod za javno zdravstvo Splitsko - dalmatinske \u017eupanije"},"image":{"@id":"https:\/\/nzjz-split.hr\/#\/schema\/logo\/image\/"},"sameAs":["https:\/\/www.facebook.com\/NzjzSdz"]},{"@type":"Person","@id":"https:\/\/nzjz-split.hr\/#\/schema\/person\/b4b9f14518058e855f0658fe0f6605eb","name":"ForgeBIT","image":{"@type":"ImageObject","inLanguage":"en-GB","@id":"https:\/\/nzjz-split.hr\/wp-content\/litespeed\/avatar\/807534c1949a29c271544ad2598d14d6.jpg?ver=1777486818","url":"https:\/\/nzjz-split.hr\/wp-content\/litespeed\/avatar\/807534c1949a29c271544ad2598d14d6.jpg?ver=1777486818","contentUrl":"https:\/\/nzjz-split.hr\/wp-content\/litespeed\/avatar\/807534c1949a29c271544ad2598d14d6.jpg?ver=1777486818","caption":"ForgeBIT"},"sameAs":["https:\/\/nzjz-split.hr\/wordpress"]}]}},"_links":{"self":[{"href":"https:\/\/nzjz-split.hr\/en\/wp-json\/wp\/v2\/posts\/2043","targetHints":{"allow":["GET"]}}],"collection":[{"href":"https:\/\/nzjz-split.hr\/en\/wp-json\/wp\/v2\/posts"}],"about":[{"href":"https:\/\/nzjz-split.hr\/en\/wp-json\/wp\/v2\/types\/post"}],"author":[{"embeddable":true,"href":"https:\/\/nzjz-split.hr\/en\/wp-json\/wp\/v2\/users\/1"}],"replies":[{"embeddable":true,"href":"https:\/\/nzjz-split.hr\/en\/wp-json\/wp\/v2\/comments?post=2043"}],"version-history":[{"count":0,"href":"https:\/\/nzjz-split.hr\/en\/wp-json\/wp\/v2\/posts\/2043\/revisions"}],"wp:featuredmedia":[{"embeddable":true,"href":"https:\/\/nzjz-split.hr\/en\/wp-json\/wp\/v2\/media\/4128"}],"wp:attachment":[{"href":"https:\/\/nzjz-split.hr\/en\/wp-json\/wp\/v2\/media?parent=2043"}],"wp:term":[{"taxonomy":"category","embeddable":true,"href":"https:\/\/nzjz-split.hr\/en\/wp-json\/wp\/v2\/categories?post=2043"},{"taxonomy":"post_tag","embeddable":true,"href":"https:\/\/nzjz-split.hr\/en\/wp-json\/wp\/v2\/tags?post=2043"}],"curies":[{"name":"wp","href":"https:\/\/api.w.org\/{rel}","templated":true}]}}