{"id":2056,"date":"2019-10-11T10:33:41","date_gmt":"2019-10-11T10:33:41","guid":{"rendered":"https:\/\/nzjz.wpengine.com\/2019\/10\/11\/svjetski-dan-traume-2019\/"},"modified":"2021-05-19T06:31:32","modified_gmt":"2021-05-19T06:31:32","slug":"svjetski-dan-traume-2019","status":"publish","type":"post","link":"https:\/\/nzjz-split.hr\/en\/svjetski-dan-traume-2019\/","title":{"rendered":"Svjetski dan traume 2019."},"content":{"rendered":"<p style=\"text-align: justify;\">Svjetski dan traume obilje\u017eava se 17. listopada svake godine kako bi se naglasila mogu\u0107nost i nu\u017enost prevencije ozljeda, nesre\u0107a i nasilja na globalnoj razini. Pojam trauma predstavlja svaku ozljedu ili o\u0161te\u0107enje organizma uzrokovano vanjskim \u010dimbenicima. Ozljede su uglavnom posljedica prometnih nesre\u0107a, utapanja, otrovanja, padova ili opeklina, ali isto tako i nasilja nastalog zbog napada, samoranjavanja ili rata. Ozljede uzrokuju smrt vi\u0161e od 5.8 milijuna osoba godi\u0161nje, \u0161to \u010dini vi\u0161e od 10% globalne smrtnosti. Svakoj ozljedi koja zavr\u0161i smr\u0107u pribraja se pribli\u017eno dvanaest hospitalizacija, stotine hitnih intervencija i tisu\u0107e lije\u010dni\u010dkih pregleda\/tretmana. Velik udio osoba koje\u00a0 su pre\u017eivjele te\u0161ko ozlije\u0111ivanje suo\u010dava se s privremenim ili trajnim invaliditetom.<\/p>\n<p>  <!--more-->  <\/p>\n<p style=\"text-align: justify;\"><span style=\"color: #3366ff;\"><strong>\u010cinjenice o ozljedama:<\/strong> <\/span><br \/>&#8211;\u00a0\u00a0 \u00a0<span style=\"color: #3366ff;\">Svaki dan<\/span> na globalnoj razini <span style=\"color: #3366ff;\">vi\u0161e od 2.000 djece umire od ozljeda<\/span> koje su se mogle sprije\u010diti.<br \/>&#8211;\u00a0\u00a0 \u00a0U svim vrstama ozlije\u0111ivanja, osim kod ozljeda uzrokovanih vatrom, <span style=\"color: #3366ff;\">mu\u0161karci<\/span> imaju vi\u0161u stopu smrtnosti od ozlje\u0111ivanja u odnosu na \u017eene.<br \/>&#8211;\u00a0\u00a0 \u00a0Svaki dan u svijetu zbog<span style=\"color: #3366ff;\"> ozljeda u prometu<\/span> gine vi\u0161e od 3.700 osoba, \u0161to na globalnoj razini \u010dini pribli\u017eno 1.3 milijuna osoba godi\u0161nje. Ozljede u prometu odgovorne su i za ozlije\u0111ivanje 20-50 milijuna osoba svake godine, a predstavljaju i glavni vode\u0107i uzrok smrti kod djece i mladih u dobi 5-29 godina. Rizik smrti u prometnoj nesre\u0107i je tri puta ve\u0107i u siroma\u0161nijim zemljama.<br \/>&#8211;\u00a0\u00a0 \u00a0<span style=\"color: #3366ff;\">Utapanje<\/span> je jedan od vode\u0107ih uzroka smrti. Prema podacima Svjetske zdravstvene organizacije (World Health Organization, WHO) za 2016. zbog utapanja je 320.000 osoba izgubilo \u017eivot, od \u010dega ih je 60% bilo u dobi ispod 30 godina. U dobi 5-14 godina utapanje je bilo tre\u0107i vode\u0107i uzrok smrti na globalnoj razini. Vi\u0161e od 90% svih smrti zbog utapanja bilje\u017ei se u zemljama s niskim i srednjim dohotkom.<br \/>&#8211;\u00a0\u00a0 \u00a0Zbog<span style=\"color: #3366ff;\"> ozljeda uzrokovanih vatrom<\/span> na globalnoj razini umire vi\u0161e od 180.000 osoba svake godine, od \u010dega ih se vi\u0161e od 95% bilje\u017ei u zemljama s niskim i srednjim dohotkom. <br \/>&#8211;\u00a0\u00a0 \u00a0Na globalnoj razini zbog <span style=\"color: #3366ff;\">padova<\/span> svake godine umire vi\u0161e od 391.000 osoba \u0161to ih \u010dini drugim vode\u0107im uzrokom smrti zbog ne-namjernog ozlije\u0111ivanja, odmah nakon prometnih nesre\u0107a. Vi\u0161e od 60% smrti zbog padova javlja se u razvijenim zemljama, uglavnom kod \u017eena i u dobnoj skupini iznad 70 godina. Ipak, mu\u0161karci iz slabo i srednje razvijenih zemalja Europe imaju najvi\u0161u stopu smrtnosti od padova u svijetu.<br \/>&#8211;\u00a0\u00a0 \u00a0<span style=\"color: #3366ff;\">Otrovanja<\/span> nastaju prilikom konzumiranja (pi\u0107e, hrana), inhaliranja ili izlo\u017eenosti razli\u010ditim otrovima\/toksi\u010dnim tvarima. Otrovanja tako\u0111er mogu biti indirektna posljedica prirodnih, ali i ekolo\u0161kih katastrofa. Prema podatcima WHO-a iz 2012. za svijet od ne-namjernog otrovanja umrlo je 193.460 osoba, od \u010dega ih je 84% bilo iz zemalja s niskim i srednjim dohotkom.<\/p>\n<p style=\"text-align: justify;\"><span style=\"color: #3366ff;\"><strong>\u010cinjenice o nasilju:<\/strong><\/span><br \/>&#8211;\u00a0\u00a0 \u00a0Svake godine u svijetu zbog <span style=\"color: #3366ff;\">nasilja<\/span> umire vi\u0161e od 1.4 milijuna osoba.<br \/>&#8211;\u00a0\u00a0 \u00a0Svake se godine u svijetu bilje\u017ei 470.000 <span style=\"color: #3366ff;\">ubojstava<\/span>.<br \/>&#8211;\u00a0\u00a0 \u00a0Me\u0111u umrlima zbog nasilja \u010dak 56% umire zbog <span style=\"color: #3366ff;\">samoubojstva<\/span>, 33% zbog <span style=\"color: #3366ff;\">ubojstva<\/span>, a 11% umire zbog <span style=\"color: #3366ff;\">rata<\/span> ili drugih oblika <span style=\"color: #3366ff;\">kolektivnog nasilja<\/span>.<br \/>&#8211;\u00a0\u00a0 \u00a0Vi\u0161e od 90% smrti zbog nasilja javlja se u zemljama s niskom ili srednjom razinom dohotka. Unutar dr\u017eava najvi\u0161a stopa smrtnosti od nasilja javlja se kod osoba koje \u017eive u<span style=\"color: #3366ff;\"> najsiroma\u0161nijim zajednicama<\/span>.<br \/>&#8211;\u00a0\u00a0 \u00a0Stopa samoubojstava i ubojstva na globalnoj razini najvi\u0161a je kod <span style=\"color: #3366ff;\">mu\u0161karaca<\/span> u dobnoj skupini 15-44 godine.<br \/>&#8211;\u00a0\u00a0 \u00a0Izlo\u017eenost nasilju, osim smrti i ozlje\u0111ivanja, pove\u0107ava rizik pu\u0161enja i zlouporabe alkohola i droga, mentalnih bolesti i suicidalnost; kao i rizik kroni\u010dnih bolesti poput sr\u010danih bolesti, dijabetesa i raka; zaraznih bolesti poput HIV-a, ali i rizik nastanka socijalnih problema kao \u0161to su kriminal i eskalacija nasilje.<\/p>\n<p style=\"text-align: justify;\">Ozljede i nasilje mogu se dokumentirati i istra\u017eivati, a tako\u0111er je mogu\u0107e otkriti i prevenirati njihove uzroke. Dosad provedena istra\u017eivanja dokazuju kako se odre\u0111enim intervencijama mogu prevenirati i ozljede i nasilje, a navedene intrevencije uklju\u010duju:<br \/>\u2022\u00a0\u00a0 \u00a0uporabu sigurnosnih pojaseva, kaciga i stroga ograni\u010denja razine alkohola u krvi kod prevencije prometnih nesre\u0107a;<br \/>\u2022\u00a0\u00a0 \u00a0uporabu ambala\u017ee koju djeca ne mogu otvoriti kod prevencije otrovanja;<br \/>\u2022\u00a0\u00a0 \u00a0modifikaciju ku\u0107e\/stana u cilju prevencije padova kod starijih osoba;<br \/>\u2022\u00a0\u00a0 \u00a0ogra\u0111ivanje bazena i drugih vodenih povr\u0161ina u prevenciji rizika utapanja;<br \/>\u2022\u00a0\u00a0 \u00a0lije\u010denje depresije u prevenciji samoubojstava;<br \/>\u2022\u00a0\u00a0 \u00a0provo\u0111enje edukacijskih programa u \u0161kolama o prevenciji nasilja me\u0111u intimnim partnerima; te <br \/>\u2022\u00a0\u00a0 \u00a0provo\u0111enje programa ku\u0107nih posjeta od strane socijalnih slu\u017ebi u cilju smanjivanja zlostavljanja djece.<\/p>\n<p style=\"text-align: justify;\">Svako dru\u0161tvo mo\u017ee prevenirati nasilje reduciranjem rizika poput alkohola i no\u0161enja oru\u017eja te smanjivanjem ekonomskih i rodnih nejednakosti.<\/p>\n<p style=\"text-align: right;\"><strong>Mr. Ivana Bo\u010dina, dr. med., spec. javnog zdravstva<\/strong><\/p>\n<p style=\"text-align: right;\"><strong>Odjel za epidemiologiju i prevenciju ozljeda<\/strong><\/p>\n<p style=\"text-align: right;\"><strong> Service for Epidemiology and Prevention of Noncommunicable Diseases<\/strong><\/p>\n<p style=\"text-align: justify;\"><strong>Literatura:<\/strong><br \/>1.\u00a0\u00a0 \u00a0Dostupno na: <a href=\"https:\/\/www.who.int\/health-topics\/\">https:\/\/www.who.int\/health-topics\/<\/a> <br \/>2.\u00a0\u00a0 \u00a0Dostupno na: <a href=\"https:\/\/www.who.int\/topics\/injuries\/en\/\">https:\/\/www.who.int\/topics\/injuries\/en\/<\/a> <br \/>3.\u00a0\u00a0 \u00a0Dostupno\u00a0 na: <a href=\"https:\/\/www.who.int\/violence_injury_prevention\/key_facts\/VIP_key_fact_1.pdf?ua=1\">https:\/\/www.who.int\/violence_injury_prevention\/key_facts\/VIP_key_fact_1.pdf?ua=1<\/a> <br \/>4.\u00a0\u00a0 \u00a0Dostupno\u00a0 na: <a href=\"https:\/\/www.who.int\/violence_injury_prevention\/key_facts\/VIP_key_fact_3.pdf?ua=1\">https:\/\/www.who.int\/violence_injury_prevention\/key_facts\/VIP_key_fact_3.pdf?ua=1<\/a> <br \/>5.\u00a0\u00a0 \u00a0Dostupno\u00a0 na: <a href=\"https:\/\/www.who.int\/features\/factfiles\/violence\/en\/\">https:\/\/www.who.int\/features\/factfiles\/violence\/en\/<\/a> <br \/>6.\u00a0\u00a0 \u00a0Dostupno\u00a0 na: <a href=\"https:\/\/www.who.int\/violence_injury_prevention\/drowning\/en\/\">https:\/\/www.who.int\/violence_injury_prevention\/drowning\/en\/<\/a> <br \/>7.\u00a0\u00a0 \u00a0Dostupno\u00a0 na: <a href=\"https:\/\/www.who.int\/violence_injury_prevention\/burns\/en\/\">https:\/\/www.who.int\/violence_injury_prevention\/burns\/en\/<\/a> <br \/>8.\u00a0\u00a0 \u00a0Dostupno\u00a0 na: <a href=\"https:\/\/www.who.int\/violence_injury_prevention\/other_injury\/falls\/en\/\">https:\/\/www.who.int\/violence_injury_prevention\/other_injury\/falls\/en\/<\/a><\/p>\n<p style=\"text-align: justify;\"><img fetchpriority=\"high\" decoding=\"async\" class=\"size-full wp-image-2055\" src=\"https:\/\/nzjz-split.hr\/wp-content\/uploads\/2019\/10\/campaign_poster_en.jpg\" alt=\"\" width=\"800\" height=\"1120\" srcset=\"https:\/\/nzjz-split.hr\/wp-content\/uploads\/2019\/10\/campaign_poster_en.jpg 800w, https:\/\/nzjz-split.hr\/wp-content\/uploads\/2019\/10\/campaign_poster_en-600x840.jpg 600w\" sizes=\"(max-width: 800px) 100vw, 800px\" \/><\/p>","protected":false},"excerpt":{"rendered":"<p>Svjetski dan traume obilje\u017eava se 17. listopada svake godine kako bi se naglasila mogu\u0107nost i nu\u017enost prevencije ozljeda, nesre\u0107a i nasilja na globalnoj razini. Pojam trauma predstavlja svaku ozljedu ili o\u0161te\u0107enje organizma uzrokovano vanjskim \u010dimbenicima. Ozljede su uglavnom posljedica prometnih nesre\u0107a, utapanja, otrovanja, padova ili opeklina, ali isto tako i nasilja nastalog zbog napada, samoranjavanja [&hellip;]<\/p>\n","protected":false},"author":1,"featured_media":4119,"comment_status":"open","ping_status":"open","sticky":false,"template":"","format":"standard","meta":{"inline_featured_image":false,"footnotes":""},"categories":[16],"tags":[],"class_list":["post-2056","post","type-post","status-publish","format-standard","has-post-thumbnail","hentry","category-nekategorizirano"],"yoast_head":"<!-- This site is optimized with the Yoast SEO plugin v27.3 - https:\/\/yoast.com\/product\/yoast-seo-wordpress\/ -->\n<title>NZJZ SD\u017d - Svjetski dan traume 2019.<\/title>\n<meta name=\"description\" content=\"Slu\u017ebene internet stranice Nastavnog Zavoda za javno zdravstvo Splitsko-dalmatinske \u017eupanije.\" \/>\n<meta name=\"robots\" content=\"index, follow, max-snippet:-1, max-image-preview:large, max-video-preview:-1\" \/>\n<link rel=\"canonical\" href=\"https:\/\/nzjz-split.hr\/en\/svjetski-dan-traume-2019\/\" \/>\n<meta property=\"og:locale\" content=\"en_GB\" \/>\n<meta property=\"og:type\" content=\"article\" \/>\n<meta property=\"og:title\" content=\"NZJZ SD\u017d - Svjetski dan traume 2019.\" \/>\n<meta property=\"og:description\" content=\"Slu\u017ebene internet stranice Nastavnog Zavoda za javno zdravstvo Splitsko-dalmatinske \u017eupanije.\" \/>\n<meta property=\"og:url\" content=\"https:\/\/nzjz-split.hr\/en\/svjetski-dan-traume-2019\/\" \/>\n<meta property=\"og:site_name\" content=\"NZJZ SD\u017d\" \/>\n<meta property=\"article:publisher\" content=\"https:\/\/www.facebook.com\/NzjzSdz\" \/>\n<meta property=\"article:published_time\" content=\"2019-10-11T10:33:41+00:00\" \/>\n<meta property=\"article:modified_time\" content=\"2021-05-19T06:31:32+00:00\" \/>\n<meta property=\"og:image\" content=\"https:\/\/nzjz-split.hr\/wp-content\/uploads\/2021\/05\/VIP_key_fact_1.jpg\" \/>\n\t<meta property=\"og:image:width\" content=\"793\" \/>\n\t<meta property=\"og:image:height\" content=\"1122\" \/>\n\t<meta property=\"og:image:type\" content=\"image\/jpeg\" \/>\n<meta name=\"author\" content=\"ForgeBIT\" \/>\n<meta name=\"twitter:card\" content=\"summary_large_image\" \/>\n<meta name=\"twitter:label1\" content=\"Written by\" \/>\n\t<meta name=\"twitter:data1\" content=\"ForgeBIT\" \/>\n\t<meta name=\"twitter:label2\" content=\"Estimated reading time\" \/>\n\t<meta name=\"twitter:data2\" content=\"4 minutes\" \/>\n<script type=\"application\/ld+json\" class=\"yoast-schema-graph\">{\"@context\":\"https:\\\/\\\/schema.org\",\"@graph\":[{\"@type\":\"Article\",\"@id\":\"https:\\\/\\\/nzjz-split.hr\\\/en\\\/svjetski-dan-traume-2019\\\/#article\",\"isPartOf\":{\"@id\":\"https:\\\/\\\/nzjz-split.hr\\\/en\\\/svjetski-dan-traume-2019\\\/\"},\"author\":{\"name\":\"ForgeBIT\",\"@id\":\"https:\\\/\\\/nzjz-split.hr\\\/#\\\/schema\\\/person\\\/b4b9f14518058e855f0658fe0f6605eb\"},\"headline\":\"Svjetski dan traume 2019.\",\"datePublished\":\"2019-10-11T10:33:41+00:00\",\"dateModified\":\"2021-05-19T06:31:32+00:00\",\"mainEntityOfPage\":{\"@id\":\"https:\\\/\\\/nzjz-split.hr\\\/en\\\/svjetski-dan-traume-2019\\\/\"},\"wordCount\":886,\"commentCount\":0,\"publisher\":{\"@id\":\"https:\\\/\\\/nzjz-split.hr\\\/#organization\"},\"image\":{\"@id\":\"https:\\\/\\\/nzjz-split.hr\\\/en\\\/svjetski-dan-traume-2019\\\/#primaryimage\"},\"thumbnailUrl\":\"https:\\\/\\\/nzjz-split.hr\\\/wp-content\\\/uploads\\\/2021\\\/05\\\/VIP_key_fact_1.jpg\",\"articleSection\":[\"Nekategorizirano\"],\"inLanguage\":\"en-GB\",\"potentialAction\":[{\"@type\":\"CommentAction\",\"name\":\"Comment\",\"target\":[\"https:\\\/\\\/nzjz-split.hr\\\/en\\\/svjetski-dan-traume-2019\\\/#respond\"]}]},{\"@type\":\"WebPage\",\"@id\":\"https:\\\/\\\/nzjz-split.hr\\\/en\\\/svjetski-dan-traume-2019\\\/\",\"url\":\"https:\\\/\\\/nzjz-split.hr\\\/en\\\/svjetski-dan-traume-2019\\\/\",\"name\":\"NZJZ SD\u017d - Svjetski dan traume 2019.\",\"isPartOf\":{\"@id\":\"https:\\\/\\\/nzjz-split.hr\\\/#website\"},\"primaryImageOfPage\":{\"@id\":\"https:\\\/\\\/nzjz-split.hr\\\/en\\\/svjetski-dan-traume-2019\\\/#primaryimage\"},\"image\":{\"@id\":\"https:\\\/\\\/nzjz-split.hr\\\/en\\\/svjetski-dan-traume-2019\\\/#primaryimage\"},\"thumbnailUrl\":\"https:\\\/\\\/nzjz-split.hr\\\/wp-content\\\/uploads\\\/2021\\\/05\\\/VIP_key_fact_1.jpg\",\"datePublished\":\"2019-10-11T10:33:41+00:00\",\"dateModified\":\"2021-05-19T06:31:32+00:00\",\"description\":\"Slu\u017ebene internet stranice Nastavnog Zavoda za javno zdravstvo Splitsko-dalmatinske \u017eupanije.\",\"breadcrumb\":{\"@id\":\"https:\\\/\\\/nzjz-split.hr\\\/en\\\/svjetski-dan-traume-2019\\\/#breadcrumb\"},\"inLanguage\":\"en-GB\",\"potentialAction\":[{\"@type\":\"ReadAction\",\"target\":[\"https:\\\/\\\/nzjz-split.hr\\\/en\\\/svjetski-dan-traume-2019\\\/\"]}]},{\"@type\":\"ImageObject\",\"inLanguage\":\"en-GB\",\"@id\":\"https:\\\/\\\/nzjz-split.hr\\\/en\\\/svjetski-dan-traume-2019\\\/#primaryimage\",\"url\":\"https:\\\/\\\/nzjz-split.hr\\\/wp-content\\\/uploads\\\/2021\\\/05\\\/VIP_key_fact_1.jpg\",\"contentUrl\":\"https:\\\/\\\/nzjz-split.hr\\\/wp-content\\\/uploads\\\/2021\\\/05\\\/VIP_key_fact_1.jpg\",\"width\":793,\"height\":1122,\"caption\":\"Svjetski dan traume 2019.\"},{\"@type\":\"BreadcrumbList\",\"@id\":\"https:\\\/\\\/nzjz-split.hr\\\/en\\\/svjetski-dan-traume-2019\\\/#breadcrumb\",\"itemListElement\":[{\"@type\":\"ListItem\",\"position\":1,\"name\":\"Naslovnica\",\"item\":\"https:\\\/\\\/nzjz-split.hr\\\/\"},{\"@type\":\"ListItem\",\"position\":2,\"name\":\"Svjetski dan traume 2019.\"}]},{\"@type\":\"WebSite\",\"@id\":\"https:\\\/\\\/nzjz-split.hr\\\/#website\",\"url\":\"https:\\\/\\\/nzjz-split.hr\\\/\",\"name\":\"NZJZ SD\u017d\",\"description\":\"Nastavni zavod za javno zdravstvo Splitsko - dalmatinske \u017eupanije\",\"publisher\":{\"@id\":\"https:\\\/\\\/nzjz-split.hr\\\/#organization\"},\"potentialAction\":[{\"@type\":\"SearchAction\",\"target\":{\"@type\":\"EntryPoint\",\"urlTemplate\":\"https:\\\/\\\/nzjz-split.hr\\\/?s={search_term_string}\"},\"query-input\":{\"@type\":\"PropertyValueSpecification\",\"valueRequired\":true,\"valueName\":\"search_term_string\"}}],\"inLanguage\":\"en-GB\"},{\"@type\":\"Organization\",\"@id\":\"https:\\\/\\\/nzjz-split.hr\\\/#organization\",\"name\":\"Nastavni zavod za javno zdravstvo Splitsko - dalmatinske \u017eupanije\",\"url\":\"https:\\\/\\\/nzjz-split.hr\\\/\",\"logo\":{\"@type\":\"ImageObject\",\"inLanguage\":\"en-GB\",\"@id\":\"https:\\\/\\\/nzjz-split.hr\\\/#\\\/schema\\\/logo\\\/image\\\/\",\"url\":\"https:\\\/\\\/nzjz-split.hr\\\/wp-content\\\/uploads\\\/2021\\\/05\\\/nzjz-sdz-favicon-bg.png\",\"contentUrl\":\"https:\\\/\\\/nzjz-split.hr\\\/wp-content\\\/uploads\\\/2021\\\/05\\\/nzjz-sdz-favicon-bg.png\",\"width\":220,\"height\":220,\"caption\":\"Nastavni zavod za javno zdravstvo Splitsko - dalmatinske \u017eupanije\"},\"image\":{\"@id\":\"https:\\\/\\\/nzjz-split.hr\\\/#\\\/schema\\\/logo\\\/image\\\/\"},\"sameAs\":[\"https:\\\/\\\/www.facebook.com\\\/NzjzSdz\"]},{\"@type\":\"Person\",\"@id\":\"https:\\\/\\\/nzjz-split.hr\\\/#\\\/schema\\\/person\\\/b4b9f14518058e855f0658fe0f6605eb\",\"name\":\"ForgeBIT\",\"image\":{\"@type\":\"ImageObject\",\"inLanguage\":\"en-GB\",\"@id\":\"https:\\\/\\\/nzjz-split.hr\\\/wp-content\\\/litespeed\\\/avatar\\\/807534c1949a29c271544ad2598d14d6.jpg?ver=1777486818\",\"url\":\"https:\\\/\\\/nzjz-split.hr\\\/wp-content\\\/litespeed\\\/avatar\\\/807534c1949a29c271544ad2598d14d6.jpg?ver=1777486818\",\"contentUrl\":\"https:\\\/\\\/nzjz-split.hr\\\/wp-content\\\/litespeed\\\/avatar\\\/807534c1949a29c271544ad2598d14d6.jpg?ver=1777486818\",\"caption\":\"ForgeBIT\"},\"sameAs\":[\"https:\\\/\\\/nzjz-split.hr\\\/wordpress\"]}]}<\/script>\n<!-- \/ Yoast SEO plugin. -->","yoast_head_json":{"title":"NZJZ SD\u017d - Svjetski dan traume 2019.","description":"Slu\u017ebene internet stranice Nastavnog Zavoda za javno zdravstvo Splitsko-dalmatinske \u017eupanije.","robots":{"index":"index","follow":"follow","max-snippet":"max-snippet:-1","max-image-preview":"max-image-preview:large","max-video-preview":"max-video-preview:-1"},"canonical":"https:\/\/nzjz-split.hr\/en\/svjetski-dan-traume-2019\/","og_locale":"en_GB","og_type":"article","og_title":"NZJZ SD\u017d - Svjetski dan traume 2019.","og_description":"Slu\u017ebene internet stranice Nastavnog Zavoda za javno zdravstvo Splitsko-dalmatinske \u017eupanije.","og_url":"https:\/\/nzjz-split.hr\/en\/svjetski-dan-traume-2019\/","og_site_name":"NZJZ SD\u017d","article_publisher":"https:\/\/www.facebook.com\/NzjzSdz","article_published_time":"2019-10-11T10:33:41+00:00","article_modified_time":"2021-05-19T06:31:32+00:00","og_image":[{"width":793,"height":1122,"url":"https:\/\/nzjz-split.hr\/wp-content\/uploads\/2021\/05\/VIP_key_fact_1.jpg","type":"image\/jpeg"}],"author":"ForgeBIT","twitter_card":"summary_large_image","twitter_misc":{"Written by":"ForgeBIT","Estimated reading time":"4 minutes"},"schema":{"@context":"https:\/\/schema.org","@graph":[{"@type":"Article","@id":"https:\/\/nzjz-split.hr\/en\/svjetski-dan-traume-2019\/#article","isPartOf":{"@id":"https:\/\/nzjz-split.hr\/en\/svjetski-dan-traume-2019\/"},"author":{"name":"ForgeBIT","@id":"https:\/\/nzjz-split.hr\/#\/schema\/person\/b4b9f14518058e855f0658fe0f6605eb"},"headline":"Svjetski dan traume 2019.","datePublished":"2019-10-11T10:33:41+00:00","dateModified":"2021-05-19T06:31:32+00:00","mainEntityOfPage":{"@id":"https:\/\/nzjz-split.hr\/en\/svjetski-dan-traume-2019\/"},"wordCount":886,"commentCount":0,"publisher":{"@id":"https:\/\/nzjz-split.hr\/#organization"},"image":{"@id":"https:\/\/nzjz-split.hr\/en\/svjetski-dan-traume-2019\/#primaryimage"},"thumbnailUrl":"https:\/\/nzjz-split.hr\/wp-content\/uploads\/2021\/05\/VIP_key_fact_1.jpg","articleSection":["Nekategorizirano"],"inLanguage":"en-GB","potentialAction":[{"@type":"CommentAction","name":"Comment","target":["https:\/\/nzjz-split.hr\/en\/svjetski-dan-traume-2019\/#respond"]}]},{"@type":"WebPage","@id":"https:\/\/nzjz-split.hr\/en\/svjetski-dan-traume-2019\/","url":"https:\/\/nzjz-split.hr\/en\/svjetski-dan-traume-2019\/","name":"NZJZ SD\u017d - Svjetski dan traume 2019.","isPartOf":{"@id":"https:\/\/nzjz-split.hr\/#website"},"primaryImageOfPage":{"@id":"https:\/\/nzjz-split.hr\/en\/svjetski-dan-traume-2019\/#primaryimage"},"image":{"@id":"https:\/\/nzjz-split.hr\/en\/svjetski-dan-traume-2019\/#primaryimage"},"thumbnailUrl":"https:\/\/nzjz-split.hr\/wp-content\/uploads\/2021\/05\/VIP_key_fact_1.jpg","datePublished":"2019-10-11T10:33:41+00:00","dateModified":"2021-05-19T06:31:32+00:00","description":"Slu\u017ebene internet stranice Nastavnog Zavoda za javno zdravstvo Splitsko-dalmatinske \u017eupanije.","breadcrumb":{"@id":"https:\/\/nzjz-split.hr\/en\/svjetski-dan-traume-2019\/#breadcrumb"},"inLanguage":"en-GB","potentialAction":[{"@type":"ReadAction","target":["https:\/\/nzjz-split.hr\/en\/svjetski-dan-traume-2019\/"]}]},{"@type":"ImageObject","inLanguage":"en-GB","@id":"https:\/\/nzjz-split.hr\/en\/svjetski-dan-traume-2019\/#primaryimage","url":"https:\/\/nzjz-split.hr\/wp-content\/uploads\/2021\/05\/VIP_key_fact_1.jpg","contentUrl":"https:\/\/nzjz-split.hr\/wp-content\/uploads\/2021\/05\/VIP_key_fact_1.jpg","width":793,"height":1122,"caption":"Svjetski dan traume 2019."},{"@type":"BreadcrumbList","@id":"https:\/\/nzjz-split.hr\/en\/svjetski-dan-traume-2019\/#breadcrumb","itemListElement":[{"@type":"ListItem","position":1,"name":"Naslovnica","item":"https:\/\/nzjz-split.hr\/"},{"@type":"ListItem","position":2,"name":"Svjetski dan traume 2019."}]},{"@type":"WebSite","@id":"https:\/\/nzjz-split.hr\/#website","url":"https:\/\/nzjz-split.hr\/","name":"NZJZ SD\u017d","description":"Teaching Institute for Public Health, Split - Dalmatia County","publisher":{"@id":"https:\/\/nzjz-split.hr\/#organization"},"potentialAction":[{"@type":"SearchAction","target":{"@type":"EntryPoint","urlTemplate":"https:\/\/nzjz-split.hr\/?s={search_term_string}"},"query-input":{"@type":"PropertyValueSpecification","valueRequired":true,"valueName":"search_term_string"}}],"inLanguage":"en-GB"},{"@type":"Organization","@id":"https:\/\/nzjz-split.hr\/#organization","name":"Teaching Institute for Public Health, Split - Dalmatia County","url":"https:\/\/nzjz-split.hr\/","logo":{"@type":"ImageObject","inLanguage":"en-GB","@id":"https:\/\/nzjz-split.hr\/#\/schema\/logo\/image\/","url":"https:\/\/nzjz-split.hr\/wp-content\/uploads\/2021\/05\/nzjz-sdz-favicon-bg.png","contentUrl":"https:\/\/nzjz-split.hr\/wp-content\/uploads\/2021\/05\/nzjz-sdz-favicon-bg.png","width":220,"height":220,"caption":"Nastavni zavod za javno zdravstvo Splitsko - dalmatinske \u017eupanije"},"image":{"@id":"https:\/\/nzjz-split.hr\/#\/schema\/logo\/image\/"},"sameAs":["https:\/\/www.facebook.com\/NzjzSdz"]},{"@type":"Person","@id":"https:\/\/nzjz-split.hr\/#\/schema\/person\/b4b9f14518058e855f0658fe0f6605eb","name":"ForgeBIT","image":{"@type":"ImageObject","inLanguage":"en-GB","@id":"https:\/\/nzjz-split.hr\/wp-content\/litespeed\/avatar\/807534c1949a29c271544ad2598d14d6.jpg?ver=1777486818","url":"https:\/\/nzjz-split.hr\/wp-content\/litespeed\/avatar\/807534c1949a29c271544ad2598d14d6.jpg?ver=1777486818","contentUrl":"https:\/\/nzjz-split.hr\/wp-content\/litespeed\/avatar\/807534c1949a29c271544ad2598d14d6.jpg?ver=1777486818","caption":"ForgeBIT"},"sameAs":["https:\/\/nzjz-split.hr\/wordpress"]}]}},"_links":{"self":[{"href":"https:\/\/nzjz-split.hr\/en\/wp-json\/wp\/v2\/posts\/2056","targetHints":{"allow":["GET"]}}],"collection":[{"href":"https:\/\/nzjz-split.hr\/en\/wp-json\/wp\/v2\/posts"}],"about":[{"href":"https:\/\/nzjz-split.hr\/en\/wp-json\/wp\/v2\/types\/post"}],"author":[{"embeddable":true,"href":"https:\/\/nzjz-split.hr\/en\/wp-json\/wp\/v2\/users\/1"}],"replies":[{"embeddable":true,"href":"https:\/\/nzjz-split.hr\/en\/wp-json\/wp\/v2\/comments?post=2056"}],"version-history":[{"count":0,"href":"https:\/\/nzjz-split.hr\/en\/wp-json\/wp\/v2\/posts\/2056\/revisions"}],"wp:featuredmedia":[{"embeddable":true,"href":"https:\/\/nzjz-split.hr\/en\/wp-json\/wp\/v2\/media\/4119"}],"wp:attachment":[{"href":"https:\/\/nzjz-split.hr\/en\/wp-json\/wp\/v2\/media?parent=2056"}],"wp:term":[{"taxonomy":"category","embeddable":true,"href":"https:\/\/nzjz-split.hr\/en\/wp-json\/wp\/v2\/categories?post=2056"},{"taxonomy":"post_tag","embeddable":true,"href":"https:\/\/nzjz-split.hr\/en\/wp-json\/wp\/v2\/tags?post=2056"}],"curies":[{"name":"wp","href":"https:\/\/api.w.org\/{rel}","templated":true}]}}