{"id":2093,"date":"2019-11-27T12:53:33","date_gmt":"2019-11-27T12:53:33","guid":{"rendered":"https:\/\/nzjz.wpengine.com\/2019\/11\/27\/12-europska-konferencija-iz-javnog-zdravstva\/"},"modified":"2021-05-19T06:31:17","modified_gmt":"2021-05-19T06:31:17","slug":"12-europska-konferencija-iz-javnog-zdravstva","status":"publish","type":"post","link":"https:\/\/nzjz-split.hr\/en\/12-europska-konferencija-iz-javnog-zdravstva\/","title":{"rendered":"12. Europska konferencija iz javnog zdravstva"},"content":{"rendered":"<p style=\"text-align: justify;\">U organizaciji Europskog dru\u0161tva za javno zdravstvo (<em>the European Public Health Association &#8211; <\/em>EUPHA) i Francuskog dru\u0161tva za javno zdravstvo (<em>the Soci\u00e9t\u00e9 Fran\u00e7aise de Sant\u00e9 Publique<\/em> &#8211; sfsp) u Marseju (Francuska) od 20. do 23. studenog je odr\u017eana 12. Europska konferencija iz javnog zdravstva. Tema konferencije je bila Izgradnja mostova solidarnosti u javnom zdravstvu (<em>Building bridges for solidarity and public health<\/em>). Konferenciji je prisustvovalo 2.400 delegata iz vi\u0161e od 75 zemalja svijeta. Iz Hrvatske je bilo 18 delegata. Nastavni zavod za javno zdravstvo Splitsko-dalmatinske \u017eupanije predstavljala je dr.sc. Ivana Marasovi\u0107 \u0160u\u0161njara poster prezentacijom.<\/p>\n<p>  <!--more-->  <\/p>\n<p style=\"text-align: justify;\"><img decoding=\"async\" class=\"size-full wp-image-2090\" src=\"https:\/\/nzjz-split.hr\/wp-content\/uploads\/2019\/11\/logo_EPH_large.png\" alt=\"\" width=\"175\" height=\"58\" \/><\/p>\n<p style=\"text-align: justify;\">Program konferencije je bio organiziran u okviru 16 tema: solidarnost u zdravlju; migracije i zdravlje; digitalne aplikacije u zdravstvu; Europsko i globalno zdravlje; javnozdravstvene politike; zdravlje majki, djece i mladih; kroni\u010dne bolesti; istra\u017eivanje zdravstvenih usluga, sustava i ekonomija; kontrola zaraznih bolesti; mentalno zdravlje, zdravlje LGBT zajednica i manjina; zdravstvene procjene \/ njega starijih osoba \/ maligna oboljenja; zdrav \u017eivot, hrana i prehrana; zdravstvene informacije i zdravstvena pismenost; globalno zdravlje i promjene okoli\u0161a; podaci, dokazi i praksa; zdravstvena radna snaga \/ zdravlje na radu.<\/p>\n<p style=\"text-align: justify;\">Na konferenciji je istaknut nastavak aktivnosti u ostvarivanju programa za zdravlje zemalja Europske unije do 2020. koji obuhva\u0107aju:<\/p>\n<ol style=\"text-align: justify;\">\n<li>upravljanje: unapre\u0111enje upravljanja i vodstva za zdravlje i dobrobit;<\/li>\n<li>pravi\u010dnost i socijalna pravednost;<\/li>\n<li>partnerstva za zdravlje: spre\u010davanje bolesti i rje\u0161avanje problema odrednica zdravlja promicanjem multi- i me\u0111usektorskog djelovanja;<\/li>\n<li>lokalno djelovanje: uspostavljanje zdravih mjesta, okru\u017eenja i fleksibilnih zajednica; i<\/li>\n<li>univerzalna zdravstvena pokrivenost: ja\u010danje zdravstvenih sustava za univerzalnu zdravstvenu za\u0161titu.<\/li>\n<\/ol>\n<p style=\"text-align: justify;\">Tako\u0111er su navedeni strate\u0161ki ciljevi u narednom petogodi\u0161njem razdoblju koji se odnose na dostupnost zdravstvene za\u0161tite, razvoj i uporabu novih tehnologija, unapre\u0111enje zdravstvenih podataka, prevenciju malignih bolesti te pove\u0107anje za\u0161tite stanovni\u0161tva Europe od bolesti koje se mogu sprije\u010diti cjepljenjem.<\/p>\n<p style=\"text-align: justify;\">Osim toga istaknuti su izazovi javnog zdravstva u narednim desetlje\u0107ima:<\/p>\n<ol style=\"text-align: justify;\">\n<li>Demografske promjene (klimatske promjene, urbanizacija, migracije i starenje stanovni\u0161tva);<\/li>\n<li>Tehnolo\u0161ka i digitalna revolucija (korisni u\u010dinci kao \u0161to je razvoj medicinske opreme, bolje i br\u017ee dijagnostike naspram \u0161tetnih, npr. pojava novih bolesti \u201eovisnosti o igrama\u201c);<\/li>\n<li>Politi\u010dki utjecaj na javno zdravstvo (javno zdravstvo se mo\u017ee posti\u0107i samo uskla\u0111enim djelovanjem na svim razinama, a da bismo to postigli, potrebna nam je politi\u010dka podr\u0161ka);<\/li>\n<li>Utjecaj ste\u010denih interesa. U doba globalizacije velike tvrtke imaju mo\u0107 utjecati na politiku i istra\u017eivanja. Primjerice, \u201eZaklada za svijet bez dima\u201c opisuje sebe kao neovisnu, privatnu zakladu, ali financira je Philip Morris International. Stoga, treba prona\u0107i na\u010dine kako suradnju s industrijom u\u010diniti transparentnom i korisnom za javno zdravlje.<\/li>\n<li>Nova eti\u010dka pitanja 21. stolje\u0107a (npr. eutanazija)<\/li>\n<\/ol>\n<p style=\"text-align: justify;\">\u010cini se jasnim da se javna zdravstvena mre\u017ea mora prilagoditi izazovima 21. stolje\u0107a. Javno- zdravstveni radnik 21. stolje\u0107a mora biti pametan, uporan i kreativan, biti u isto vrijeme diplomat i pregovara\u010d. Pristup zdravlju u svim politikama je bitan, a nedavno objavljeni manifest: \u201eSve politike za zdravu Europu\u201c korak je u pravom smjeru.<\/p>\n<p>\u00a0<\/p>\n<p>\u00a0<\/p>\n<p style=\"text-align: right;\"><strong>Dr.sc. Ivana Marasovi\u0107 \u0160u\u0161njara, dr.med.<\/strong><\/p>\n<p style=\"text-align: right;\"><strong>spec. javnog zdravstva<\/strong><\/p>\n<p style=\"text-align: right;\"><strong>Public Health and Health Promotion Service<\/strong><\/p>\n<p style=\"text-align: left;\"><strong><img fetchpriority=\"high\" decoding=\"async\" class=\"size-full wp-image-2091\" src=\"https:\/\/nzjz-split.hr\/wp-content\/uploads\/2019\/11\/imagesEPH.jpg\" alt=\"\" width=\"252\" height=\"363\" \/><\/strong><\/p>\n<p style=\"text-align: left;\"><strong><img decoding=\"async\" class=\"size-full wp-image-2092\" src=\"https:\/\/nzjz-split.hr\/wp-content\/uploads\/2019\/11\/Marse2019_1.jpg\" alt=\"\" width=\"800\" height=\"600\" srcset=\"https:\/\/nzjz-split.hr\/wp-content\/uploads\/2019\/11\/Marse2019_1.jpg 800w, https:\/\/nzjz-split.hr\/wp-content\/uploads\/2019\/11\/Marse2019_1-600x450.jpg 600w\" sizes=\"(max-width: 800px) 100vw, 800px\" \/><\/strong><\/p>\n<p style=\"text-align: right;\">\u00a0<\/p>","protected":false},"excerpt":{"rendered":"<p>U organizaciji Europskog dru\u0161tva za javno zdravstvo (the European Public Health Association &#8211; EUPHA) i Francuskog dru\u0161tva za javno zdravstvo (the Soci\u00e9t\u00e9 Fran\u00e7aise de Sant\u00e9 Publique &#8211; sfsp) u Marseju (Francuska) od 20. do 23. studenog je odr\u017eana 12. Europska konferencija iz javnog zdravstva. Tema konferencije je bila Izgradnja mostova solidarnosti u javnom zdravstvu (Building [&hellip;]<\/p>\n","protected":false},"author":1,"featured_media":4099,"comment_status":"open","ping_status":"open","sticky":false,"template":"","format":"standard","meta":{"inline_featured_image":false,"footnotes":""},"categories":[16],"tags":[],"class_list":["post-2093","post","type-post","status-publish","format-standard","has-post-thumbnail","hentry","category-nekategorizirano"],"yoast_head":"<!-- This site is optimized with the Yoast SEO plugin v27.3 - https:\/\/yoast.com\/product\/yoast-seo-wordpress\/ -->\n<title>NZJZ SD\u017d - 12. Europska konferencija iz javnog zdravstva<\/title>\n<meta name=\"description\" content=\"Slu\u017ebene internet stranice Nastavnog Zavoda za javno zdravstvo Splitsko-dalmatinske \u017eupanije.\" \/>\n<meta name=\"robots\" content=\"index, follow, max-snippet:-1, max-image-preview:large, max-video-preview:-1\" \/>\n<link rel=\"canonical\" href=\"https:\/\/nzjz-split.hr\/en\/12-europska-konferencija-iz-javnog-zdravstva\/\" \/>\n<meta property=\"og:locale\" content=\"en_GB\" \/>\n<meta property=\"og:type\" content=\"article\" \/>\n<meta property=\"og:title\" content=\"NZJZ SD\u017d - 12. Europska konferencija iz javnog zdravstva\" \/>\n<meta property=\"og:description\" content=\"Slu\u017ebene internet stranice Nastavnog Zavoda za javno zdravstvo Splitsko-dalmatinske \u017eupanije.\" \/>\n<meta property=\"og:url\" content=\"https:\/\/nzjz-split.hr\/en\/12-europska-konferencija-iz-javnog-zdravstva\/\" \/>\n<meta property=\"og:site_name\" content=\"NZJZ SD\u017d\" \/>\n<meta property=\"article:publisher\" content=\"https:\/\/www.facebook.com\/NzjzSdz\" \/>\n<meta property=\"article:published_time\" content=\"2019-11-27T12:53:33+00:00\" \/>\n<meta property=\"article:modified_time\" content=\"2021-05-19T06:31:17+00:00\" \/>\n<meta property=\"og:image\" content=\"https:\/\/nzjz-split.hr\/wp-content\/uploads\/2021\/05\/Marse2019_2.jpg\" \/>\n\t<meta property=\"og:image:width\" content=\"900\" \/>\n\t<meta property=\"og:image:height\" content=\"506\" \/>\n\t<meta property=\"og:image:type\" content=\"image\/jpeg\" \/>\n<meta name=\"author\" content=\"ForgeBIT\" \/>\n<meta name=\"twitter:card\" content=\"summary_large_image\" \/>\n<meta name=\"twitter:label1\" content=\"Written by\" \/>\n\t<meta name=\"twitter:data1\" content=\"ForgeBIT\" \/>\n\t<meta name=\"twitter:label2\" content=\"Estimated reading time\" \/>\n\t<meta name=\"twitter:data2\" content=\"3 minutes\" \/>\n<script type=\"application\/ld+json\" class=\"yoast-schema-graph\">{\"@context\":\"https:\\\/\\\/schema.org\",\"@graph\":[{\"@type\":\"Article\",\"@id\":\"https:\\\/\\\/nzjz-split.hr\\\/12-europska-konferencija-iz-javnog-zdravstva\\\/#article\",\"isPartOf\":{\"@id\":\"https:\\\/\\\/nzjz-split.hr\\\/12-europska-konferencija-iz-javnog-zdravstva\\\/\"},\"author\":{\"name\":\"ForgeBIT\",\"@id\":\"https:\\\/\\\/nzjz-split.hr\\\/#\\\/schema\\\/person\\\/b4b9f14518058e855f0658fe0f6605eb\"},\"headline\":\"12. Europska konferencija iz javnog zdravstva\",\"datePublished\":\"2019-11-27T12:53:33+00:00\",\"dateModified\":\"2021-05-19T06:31:17+00:00\",\"mainEntityOfPage\":{\"@id\":\"https:\\\/\\\/nzjz-split.hr\\\/12-europska-konferencija-iz-javnog-zdravstva\\\/\"},\"wordCount\":518,\"commentCount\":0,\"publisher\":{\"@id\":\"https:\\\/\\\/nzjz-split.hr\\\/#organization\"},\"image\":{\"@id\":\"https:\\\/\\\/nzjz-split.hr\\\/12-europska-konferencija-iz-javnog-zdravstva\\\/#primaryimage\"},\"thumbnailUrl\":\"https:\\\/\\\/nzjz-split.hr\\\/wp-content\\\/uploads\\\/2021\\\/05\\\/Marse2019_2.jpg\",\"articleSection\":[\"Nekategorizirano\"],\"inLanguage\":\"en-GB\",\"potentialAction\":[{\"@type\":\"CommentAction\",\"name\":\"Comment\",\"target\":[\"https:\\\/\\\/nzjz-split.hr\\\/12-europska-konferencija-iz-javnog-zdravstva\\\/#respond\"]}]},{\"@type\":\"WebPage\",\"@id\":\"https:\\\/\\\/nzjz-split.hr\\\/12-europska-konferencija-iz-javnog-zdravstva\\\/\",\"url\":\"https:\\\/\\\/nzjz-split.hr\\\/12-europska-konferencija-iz-javnog-zdravstva\\\/\",\"name\":\"NZJZ SD\u017d - 12. Europska konferencija iz javnog zdravstva\",\"isPartOf\":{\"@id\":\"https:\\\/\\\/nzjz-split.hr\\\/#website\"},\"primaryImageOfPage\":{\"@id\":\"https:\\\/\\\/nzjz-split.hr\\\/12-europska-konferencija-iz-javnog-zdravstva\\\/#primaryimage\"},\"image\":{\"@id\":\"https:\\\/\\\/nzjz-split.hr\\\/12-europska-konferencija-iz-javnog-zdravstva\\\/#primaryimage\"},\"thumbnailUrl\":\"https:\\\/\\\/nzjz-split.hr\\\/wp-content\\\/uploads\\\/2021\\\/05\\\/Marse2019_2.jpg\",\"datePublished\":\"2019-11-27T12:53:33+00:00\",\"dateModified\":\"2021-05-19T06:31:17+00:00\",\"description\":\"Slu\u017ebene internet stranice Nastavnog Zavoda za javno zdravstvo Splitsko-dalmatinske \u017eupanije.\",\"breadcrumb\":{\"@id\":\"https:\\\/\\\/nzjz-split.hr\\\/12-europska-konferencija-iz-javnog-zdravstva\\\/#breadcrumb\"},\"inLanguage\":\"en-GB\",\"potentialAction\":[{\"@type\":\"ReadAction\",\"target\":[\"https:\\\/\\\/nzjz-split.hr\\\/12-europska-konferencija-iz-javnog-zdravstva\\\/\"]}]},{\"@type\":\"ImageObject\",\"inLanguage\":\"en-GB\",\"@id\":\"https:\\\/\\\/nzjz-split.hr\\\/12-europska-konferencija-iz-javnog-zdravstva\\\/#primaryimage\",\"url\":\"https:\\\/\\\/nzjz-split.hr\\\/wp-content\\\/uploads\\\/2021\\\/05\\\/Marse2019_2.jpg\",\"contentUrl\":\"https:\\\/\\\/nzjz-split.hr\\\/wp-content\\\/uploads\\\/2021\\\/05\\\/Marse2019_2.jpg\",\"width\":900,\"height\":506,\"caption\":\"12. Europska konferencija iz javnog zdravstva\"},{\"@type\":\"BreadcrumbList\",\"@id\":\"https:\\\/\\\/nzjz-split.hr\\\/12-europska-konferencija-iz-javnog-zdravstva\\\/#breadcrumb\",\"itemListElement\":[{\"@type\":\"ListItem\",\"position\":1,\"name\":\"Naslovnica\",\"item\":\"https:\\\/\\\/nzjz-split.hr\\\/\"},{\"@type\":\"ListItem\",\"position\":2,\"name\":\"12. Europska konferencija iz javnog zdravstva\"}]},{\"@type\":\"WebSite\",\"@id\":\"https:\\\/\\\/nzjz-split.hr\\\/#website\",\"url\":\"https:\\\/\\\/nzjz-split.hr\\\/\",\"name\":\"NZJZ SD\u017d\",\"description\":\"Nastavni zavod za javno zdravstvo Splitsko - dalmatinske \u017eupanije\",\"publisher\":{\"@id\":\"https:\\\/\\\/nzjz-split.hr\\\/#organization\"},\"potentialAction\":[{\"@type\":\"SearchAction\",\"target\":{\"@type\":\"EntryPoint\",\"urlTemplate\":\"https:\\\/\\\/nzjz-split.hr\\\/?s={search_term_string}\"},\"query-input\":{\"@type\":\"PropertyValueSpecification\",\"valueRequired\":true,\"valueName\":\"search_term_string\"}}],\"inLanguage\":\"en-GB\"},{\"@type\":\"Organization\",\"@id\":\"https:\\\/\\\/nzjz-split.hr\\\/#organization\",\"name\":\"Nastavni zavod za javno zdravstvo Splitsko - dalmatinske \u017eupanije\",\"url\":\"https:\\\/\\\/nzjz-split.hr\\\/\",\"logo\":{\"@type\":\"ImageObject\",\"inLanguage\":\"en-GB\",\"@id\":\"https:\\\/\\\/nzjz-split.hr\\\/#\\\/schema\\\/logo\\\/image\\\/\",\"url\":\"https:\\\/\\\/nzjz-split.hr\\\/wp-content\\\/uploads\\\/2021\\\/05\\\/nzjz-sdz-favicon-bg.png\",\"contentUrl\":\"https:\\\/\\\/nzjz-split.hr\\\/wp-content\\\/uploads\\\/2021\\\/05\\\/nzjz-sdz-favicon-bg.png\",\"width\":220,\"height\":220,\"caption\":\"Nastavni zavod za javno zdravstvo Splitsko - dalmatinske \u017eupanije\"},\"image\":{\"@id\":\"https:\\\/\\\/nzjz-split.hr\\\/#\\\/schema\\\/logo\\\/image\\\/\"},\"sameAs\":[\"https:\\\/\\\/www.facebook.com\\\/NzjzSdz\"]},{\"@type\":\"Person\",\"@id\":\"https:\\\/\\\/nzjz-split.hr\\\/#\\\/schema\\\/person\\\/b4b9f14518058e855f0658fe0f6605eb\",\"name\":\"ForgeBIT\",\"image\":{\"@type\":\"ImageObject\",\"inLanguage\":\"en-GB\",\"@id\":\"https:\\\/\\\/nzjz-split.hr\\\/wp-content\\\/litespeed\\\/avatar\\\/807534c1949a29c271544ad2598d14d6.jpg?ver=1777486818\",\"url\":\"https:\\\/\\\/nzjz-split.hr\\\/wp-content\\\/litespeed\\\/avatar\\\/807534c1949a29c271544ad2598d14d6.jpg?ver=1777486818\",\"contentUrl\":\"https:\\\/\\\/nzjz-split.hr\\\/wp-content\\\/litespeed\\\/avatar\\\/807534c1949a29c271544ad2598d14d6.jpg?ver=1777486818\",\"caption\":\"ForgeBIT\"},\"sameAs\":[\"https:\\\/\\\/nzjz-split.hr\\\/wordpress\"]}]}<\/script>\n<!-- \/ Yoast SEO plugin. -->","yoast_head_json":{"title":"NZJZ SD\u017d - 12. Europska konferencija iz javnog zdravstva","description":"Slu\u017ebene internet stranice Nastavnog Zavoda za javno zdravstvo Splitsko-dalmatinske \u017eupanije.","robots":{"index":"index","follow":"follow","max-snippet":"max-snippet:-1","max-image-preview":"max-image-preview:large","max-video-preview":"max-video-preview:-1"},"canonical":"https:\/\/nzjz-split.hr\/en\/12-europska-konferencija-iz-javnog-zdravstva\/","og_locale":"en_GB","og_type":"article","og_title":"NZJZ SD\u017d - 12. Europska konferencija iz javnog zdravstva","og_description":"Slu\u017ebene internet stranice Nastavnog Zavoda za javno zdravstvo Splitsko-dalmatinske \u017eupanije.","og_url":"https:\/\/nzjz-split.hr\/en\/12-europska-konferencija-iz-javnog-zdravstva\/","og_site_name":"NZJZ SD\u017d","article_publisher":"https:\/\/www.facebook.com\/NzjzSdz","article_published_time":"2019-11-27T12:53:33+00:00","article_modified_time":"2021-05-19T06:31:17+00:00","og_image":[{"width":900,"height":506,"url":"https:\/\/nzjz-split.hr\/wp-content\/uploads\/2021\/05\/Marse2019_2.jpg","type":"image\/jpeg"}],"author":"ForgeBIT","twitter_card":"summary_large_image","twitter_misc":{"Written by":"ForgeBIT","Estimated reading time":"3 minutes"},"schema":{"@context":"https:\/\/schema.org","@graph":[{"@type":"Article","@id":"https:\/\/nzjz-split.hr\/12-europska-konferencija-iz-javnog-zdravstva\/#article","isPartOf":{"@id":"https:\/\/nzjz-split.hr\/12-europska-konferencija-iz-javnog-zdravstva\/"},"author":{"name":"ForgeBIT","@id":"https:\/\/nzjz-split.hr\/#\/schema\/person\/b4b9f14518058e855f0658fe0f6605eb"},"headline":"12. Europska konferencija iz javnog zdravstva","datePublished":"2019-11-27T12:53:33+00:00","dateModified":"2021-05-19T06:31:17+00:00","mainEntityOfPage":{"@id":"https:\/\/nzjz-split.hr\/12-europska-konferencija-iz-javnog-zdravstva\/"},"wordCount":518,"commentCount":0,"publisher":{"@id":"https:\/\/nzjz-split.hr\/#organization"},"image":{"@id":"https:\/\/nzjz-split.hr\/12-europska-konferencija-iz-javnog-zdravstva\/#primaryimage"},"thumbnailUrl":"https:\/\/nzjz-split.hr\/wp-content\/uploads\/2021\/05\/Marse2019_2.jpg","articleSection":["Nekategorizirano"],"inLanguage":"en-GB","potentialAction":[{"@type":"CommentAction","name":"Comment","target":["https:\/\/nzjz-split.hr\/12-europska-konferencija-iz-javnog-zdravstva\/#respond"]}]},{"@type":"WebPage","@id":"https:\/\/nzjz-split.hr\/12-europska-konferencija-iz-javnog-zdravstva\/","url":"https:\/\/nzjz-split.hr\/12-europska-konferencija-iz-javnog-zdravstva\/","name":"NZJZ SD\u017d - 12. Europska konferencija iz javnog zdravstva","isPartOf":{"@id":"https:\/\/nzjz-split.hr\/#website"},"primaryImageOfPage":{"@id":"https:\/\/nzjz-split.hr\/12-europska-konferencija-iz-javnog-zdravstva\/#primaryimage"},"image":{"@id":"https:\/\/nzjz-split.hr\/12-europska-konferencija-iz-javnog-zdravstva\/#primaryimage"},"thumbnailUrl":"https:\/\/nzjz-split.hr\/wp-content\/uploads\/2021\/05\/Marse2019_2.jpg","datePublished":"2019-11-27T12:53:33+00:00","dateModified":"2021-05-19T06:31:17+00:00","description":"Slu\u017ebene internet stranice Nastavnog Zavoda za javno zdravstvo Splitsko-dalmatinske \u017eupanije.","breadcrumb":{"@id":"https:\/\/nzjz-split.hr\/12-europska-konferencija-iz-javnog-zdravstva\/#breadcrumb"},"inLanguage":"en-GB","potentialAction":[{"@type":"ReadAction","target":["https:\/\/nzjz-split.hr\/12-europska-konferencija-iz-javnog-zdravstva\/"]}]},{"@type":"ImageObject","inLanguage":"en-GB","@id":"https:\/\/nzjz-split.hr\/12-europska-konferencija-iz-javnog-zdravstva\/#primaryimage","url":"https:\/\/nzjz-split.hr\/wp-content\/uploads\/2021\/05\/Marse2019_2.jpg","contentUrl":"https:\/\/nzjz-split.hr\/wp-content\/uploads\/2021\/05\/Marse2019_2.jpg","width":900,"height":506,"caption":"12. Europska konferencija iz javnog zdravstva"},{"@type":"BreadcrumbList","@id":"https:\/\/nzjz-split.hr\/12-europska-konferencija-iz-javnog-zdravstva\/#breadcrumb","itemListElement":[{"@type":"ListItem","position":1,"name":"Naslovnica","item":"https:\/\/nzjz-split.hr\/"},{"@type":"ListItem","position":2,"name":"12. Europska konferencija iz javnog zdravstva"}]},{"@type":"WebSite","@id":"https:\/\/nzjz-split.hr\/#website","url":"https:\/\/nzjz-split.hr\/","name":"NZJZ SD\u017d","description":"Teaching Institute for Public Health, Split - Dalmatia County","publisher":{"@id":"https:\/\/nzjz-split.hr\/#organization"},"potentialAction":[{"@type":"SearchAction","target":{"@type":"EntryPoint","urlTemplate":"https:\/\/nzjz-split.hr\/?s={search_term_string}"},"query-input":{"@type":"PropertyValueSpecification","valueRequired":true,"valueName":"search_term_string"}}],"inLanguage":"en-GB"},{"@type":"Organization","@id":"https:\/\/nzjz-split.hr\/#organization","name":"Teaching Institute for Public Health, Split - Dalmatia County","url":"https:\/\/nzjz-split.hr\/","logo":{"@type":"ImageObject","inLanguage":"en-GB","@id":"https:\/\/nzjz-split.hr\/#\/schema\/logo\/image\/","url":"https:\/\/nzjz-split.hr\/wp-content\/uploads\/2021\/05\/nzjz-sdz-favicon-bg.png","contentUrl":"https:\/\/nzjz-split.hr\/wp-content\/uploads\/2021\/05\/nzjz-sdz-favicon-bg.png","width":220,"height":220,"caption":"Nastavni zavod za javno zdravstvo Splitsko - dalmatinske \u017eupanije"},"image":{"@id":"https:\/\/nzjz-split.hr\/#\/schema\/logo\/image\/"},"sameAs":["https:\/\/www.facebook.com\/NzjzSdz"]},{"@type":"Person","@id":"https:\/\/nzjz-split.hr\/#\/schema\/person\/b4b9f14518058e855f0658fe0f6605eb","name":"ForgeBIT","image":{"@type":"ImageObject","inLanguage":"en-GB","@id":"https:\/\/nzjz-split.hr\/wp-content\/litespeed\/avatar\/807534c1949a29c271544ad2598d14d6.jpg?ver=1777486818","url":"https:\/\/nzjz-split.hr\/wp-content\/litespeed\/avatar\/807534c1949a29c271544ad2598d14d6.jpg?ver=1777486818","contentUrl":"https:\/\/nzjz-split.hr\/wp-content\/litespeed\/avatar\/807534c1949a29c271544ad2598d14d6.jpg?ver=1777486818","caption":"ForgeBIT"},"sameAs":["https:\/\/nzjz-split.hr\/wordpress"]}]}},"_links":{"self":[{"href":"https:\/\/nzjz-split.hr\/en\/wp-json\/wp\/v2\/posts\/2093","targetHints":{"allow":["GET"]}}],"collection":[{"href":"https:\/\/nzjz-split.hr\/en\/wp-json\/wp\/v2\/posts"}],"about":[{"href":"https:\/\/nzjz-split.hr\/en\/wp-json\/wp\/v2\/types\/post"}],"author":[{"embeddable":true,"href":"https:\/\/nzjz-split.hr\/en\/wp-json\/wp\/v2\/users\/1"}],"replies":[{"embeddable":true,"href":"https:\/\/nzjz-split.hr\/en\/wp-json\/wp\/v2\/comments?post=2093"}],"version-history":[{"count":0,"href":"https:\/\/nzjz-split.hr\/en\/wp-json\/wp\/v2\/posts\/2093\/revisions"}],"wp:featuredmedia":[{"embeddable":true,"href":"https:\/\/nzjz-split.hr\/en\/wp-json\/wp\/v2\/media\/4099"}],"wp:attachment":[{"href":"https:\/\/nzjz-split.hr\/en\/wp-json\/wp\/v2\/media?parent=2093"}],"wp:term":[{"taxonomy":"category","embeddable":true,"href":"https:\/\/nzjz-split.hr\/en\/wp-json\/wp\/v2\/categories?post=2093"},{"taxonomy":"post_tag","embeddable":true,"href":"https:\/\/nzjz-split.hr\/en\/wp-json\/wp\/v2\/tags?post=2093"}],"curies":[{"name":"wp","href":"https:\/\/api.w.org\/{rel}","templated":true}]}}