{"id":2154,"date":"2020-04-08T04:36:57","date_gmt":"2020-04-08T04:36:57","guid":{"rendered":"https:\/\/nzjz.wpengine.com\/2020\/04\/08\/korona-virus-zajednistvo-usamljenost-2\/"},"modified":"2020-04-08T04:36:57","modified_gmt":"2020-04-08T04:36:57","slug":"korona-virus-zajednistvo-usamljenost-2","status":"publish","type":"post","link":"https:\/\/nzjz-split.hr\/en\/korona-virus-zajednistvo-usamljenost-2\/","title":{"rendered":"Korona virus: zajedni\u0161tvo i\/ili usamljenost?"},"content":{"rendered":"<p><strong>2. dio<\/strong><\/p>\n<p><strong>Mo\u017eemo li se \u201ezaraziti\u201c mislima, osje\u0107ajima i pona\u0161anjem?<\/strong><\/p>\n<p style=\"text-align: justify;\">Kada javnost ali i odre\u0111ena struka govori o \u201enekoj zarazi\u201c, tada se obi\u010dno misli na bakterije i viruse ili nametnike. Infekcija nikad ne ovisi samo o vrsti uzro\u010dnika ve\u0107 i o imunolo\u0161kom sustavu zara\u017eenog pojedinca jer svako preno\u0161enje uzro\u010dnika ne vodi do manifestacije bolesti. Na prvi pogled usamljenost\u00a0 nikako ne bi trebala biti zarazna, jer to je proturje\u010dna \u010dinjenica. Usamljenost zaista mo\u017ee biti zarazna iako to zvu\u010di gotovo nemogu\u0107e! Na\u017ealost sam do\u017eivljaj dru\u0161tvene izolacije kod mnogih ljudi je ve\u0107 neko vrijeme i te kako prisutan.\u00a0 Predmet je istra\u017eivanja i zanimanja ve\u0107 poznat razli\u010ditim podru\u010djima stru\u010dnjaka: sociologije, psihologije , medicine, ekonomije, psihijatrije pa \u010dak i IT- sektora.<\/p>\n<p>  <!--more-->  <\/p>\n<p style=\"text-align: justify;\">Do\u017eivljaj dru\u0161tvene izolacije i te kako mo\u017ee sprije\u010diti socijalne interakcije i prenijeti ih na druge. Ponekad\u00a0 i do razine da mo\u017ee razviti \u201eepidemiju dru\u0161tvenih pona\u0161anja\u201c.<\/p>\n<p style=\"text-align: justify;\">Svi smo \u010duli za zarazu smijeha kao i zijevanja. Ne\u010dija zarazna veselost ili \u010desto ne raspolo\u017eenje dovode do emocionalne zaraze cijele grupe ljudi. Tako i na\u0161 strah ne rijetko postaje strah drugih. Individualni strah se uvijek poja\u010dava u situacijama masovnog straha. Kada zavlada strah nitko se ne mo\u017ee ni\u010dega vi\u0161e sjetiti,\u00a0 jer smo emocionalno ugro\u017eeni. Pove\u0107ani strah dovodi do pove\u0107ane ne kriti\u010dnosti i emocionalne blokade te u tom za\u010daranom krugu sam strah postaje dru\u0161tveno zarazan i te kako poznat kao pojava u psihologiji mase! Nitko se tada ne\u00a0 uspijeva dosjetiti ni\u010dega \u0161to je ugodno niti i\u010dega \u0161to je kreativno! \u201eMoje pona\u0161anje postaje pona\u0161anje drugih\u201c i na neki na\u010din opravdano jer je postalo\u00a0 zarazno i sve prisutno u zajednici bez obzira \u0161to nije u skladu sa realitetom.. <\/p>\n<p>Svima je poznata trenutno vi\u0111ena\u00a0 pojava kupovanja svega i sva\u010dega, gomilanje toaletnog papira ili npr. kvasca te drugih namirnica za ku\u0107anstvo\u00a0 i to zbog aktualne epidemije korona virusom. Da li nam je nam je ba\u0161 sve to potrebno ili smo se zarazili tu\u0111im pona\u0161anjem? Odgovor na ovo pitanje nije vam sigurno nepoznat!<\/p>\n<p>\u00a0<\/p>\n<p style=\"text-align: right;\"><strong>Voditelj Slu\u017ebe za mentalno zdravlje<\/strong><\/p>\n<p style=\"text-align: right;\"><strong>dr.sc. \u017deljko Klju\u010devi\u0107, dr. med., specijalist psihijatrije<\/strong><\/p>","protected":false},"excerpt":{"rendered":"<p>2. dio Mo\u017eemo li se \u201ezaraziti\u201c mislima, osje\u0107ajima i pona\u0161anjem? Kada javnost ali i odre\u0111ena struka govori o \u201enekoj zarazi\u201c, tada se obi\u010dno misli na bakterije i viruse ili nametnike. Infekcija nikad ne ovisi samo o vrsti uzro\u010dnika ve\u0107 i o imunolo\u0161kom sustavu zara\u017eenog pojedinca jer svako preno\u0161enje uzro\u010dnika ne vodi do manifestacije bolesti. Na [&hellip;]<\/p>\n","protected":false},"author":1,"featured_media":0,"comment_status":"open","ping_status":"open","sticky":false,"template":"","format":"standard","meta":{"inline_featured_image":false,"footnotes":""},"categories":[16],"tags":[],"class_list":["post-2154","post","type-post","status-publish","format-standard","hentry","category-nekategorizirano"],"yoast_head":"<!-- This site is optimized with the Yoast SEO plugin v27.3 - https:\/\/yoast.com\/product\/yoast-seo-wordpress\/ -->\n<title>NZJZ SD\u017d - Korona virus: zajedni\u0161tvo i\/ili usamljenost?<\/title>\n<meta name=\"description\" content=\"Slu\u017ebene internet stranice Nastavnog Zavoda za javno zdravstvo Splitsko-dalmatinske \u017eupanije.\" \/>\n<meta name=\"robots\" content=\"index, follow, max-snippet:-1, max-image-preview:large, max-video-preview:-1\" \/>\n<link rel=\"canonical\" href=\"https:\/\/nzjz-split.hr\/en\/korona-virus-zajednistvo-usamljenost-2\/\" \/>\n<meta property=\"og:locale\" content=\"en_GB\" \/>\n<meta property=\"og:type\" content=\"article\" \/>\n<meta property=\"og:title\" content=\"NZJZ SD\u017d - Korona virus: zajedni\u0161tvo i\/ili usamljenost?\" \/>\n<meta property=\"og:description\" content=\"Slu\u017ebene internet stranice Nastavnog Zavoda za javno zdravstvo Splitsko-dalmatinske \u017eupanije.\" \/>\n<meta property=\"og:url\" content=\"https:\/\/nzjz-split.hr\/en\/korona-virus-zajednistvo-usamljenost-2\/\" \/>\n<meta property=\"og:site_name\" content=\"NZJZ SD\u017d\" \/>\n<meta property=\"article:publisher\" content=\"https:\/\/www.facebook.com\/NzjzSdz\" \/>\n<meta property=\"article:published_time\" content=\"2020-04-08T04:36:57+00:00\" \/>\n<meta property=\"og:image\" content=\"https:\/\/nzjz-split.hr\/wp-content\/uploads\/2021\/05\/nzjz-sdz-favicon-bg.png\" \/>\n\t<meta property=\"og:image:width\" content=\"220\" \/>\n\t<meta property=\"og:image:height\" content=\"220\" \/>\n\t<meta property=\"og:image:type\" content=\"image\/png\" \/>\n<meta name=\"author\" content=\"ForgeBIT\" \/>\n<meta name=\"twitter:card\" content=\"summary_large_image\" \/>\n<meta name=\"twitter:label1\" content=\"Written by\" \/>\n\t<meta name=\"twitter:data1\" content=\"ForgeBIT\" \/>\n\t<meta name=\"twitter:label2\" content=\"Estimated reading time\" \/>\n\t<meta name=\"twitter:data2\" content=\"2 minutes\" \/>\n<script type=\"application\/ld+json\" class=\"yoast-schema-graph\">{\"@context\":\"https:\\\/\\\/schema.org\",\"@graph\":[{\"@type\":\"Article\",\"@id\":\"https:\\\/\\\/nzjz-split.hr\\\/korona-virus-zajednistvo-usamljenost-2\\\/#article\",\"isPartOf\":{\"@id\":\"https:\\\/\\\/nzjz-split.hr\\\/korona-virus-zajednistvo-usamljenost-2\\\/\"},\"author\":{\"name\":\"ForgeBIT\",\"@id\":\"https:\\\/\\\/nzjz-split.hr\\\/#\\\/schema\\\/person\\\/b4b9f14518058e855f0658fe0f6605eb\"},\"headline\":\"Korona virus: zajedni\u0161tvo i\\\/ili usamljenost?\",\"datePublished\":\"2020-04-08T04:36:57+00:00\",\"mainEntityOfPage\":{\"@id\":\"https:\\\/\\\/nzjz-split.hr\\\/korona-virus-zajednistvo-usamljenost-2\\\/\"},\"wordCount\":389,\"commentCount\":0,\"publisher\":{\"@id\":\"https:\\\/\\\/nzjz-split.hr\\\/#organization\"},\"articleSection\":[\"Nekategorizirano\"],\"inLanguage\":\"en-GB\",\"potentialAction\":[{\"@type\":\"CommentAction\",\"name\":\"Comment\",\"target\":[\"https:\\\/\\\/nzjz-split.hr\\\/korona-virus-zajednistvo-usamljenost-2\\\/#respond\"]}]},{\"@type\":\"WebPage\",\"@id\":\"https:\\\/\\\/nzjz-split.hr\\\/korona-virus-zajednistvo-usamljenost-2\\\/\",\"url\":\"https:\\\/\\\/nzjz-split.hr\\\/korona-virus-zajednistvo-usamljenost-2\\\/\",\"name\":\"NZJZ SD\u017d - Korona virus: zajedni\u0161tvo i\\\/ili usamljenost?\",\"isPartOf\":{\"@id\":\"https:\\\/\\\/nzjz-split.hr\\\/#website\"},\"datePublished\":\"2020-04-08T04:36:57+00:00\",\"description\":\"Slu\u017ebene internet stranice Nastavnog Zavoda za javno zdravstvo Splitsko-dalmatinske \u017eupanije.\",\"breadcrumb\":{\"@id\":\"https:\\\/\\\/nzjz-split.hr\\\/korona-virus-zajednistvo-usamljenost-2\\\/#breadcrumb\"},\"inLanguage\":\"en-GB\",\"potentialAction\":[{\"@type\":\"ReadAction\",\"target\":[\"https:\\\/\\\/nzjz-split.hr\\\/korona-virus-zajednistvo-usamljenost-2\\\/\"]}]},{\"@type\":\"BreadcrumbList\",\"@id\":\"https:\\\/\\\/nzjz-split.hr\\\/korona-virus-zajednistvo-usamljenost-2\\\/#breadcrumb\",\"itemListElement\":[{\"@type\":\"ListItem\",\"position\":1,\"name\":\"Naslovnica\",\"item\":\"https:\\\/\\\/nzjz-split.hr\\\/\"},{\"@type\":\"ListItem\",\"position\":2,\"name\":\"Korona virus: zajedni\u0161tvo i\\\/ili usamljenost?\"}]},{\"@type\":\"WebSite\",\"@id\":\"https:\\\/\\\/nzjz-split.hr\\\/#website\",\"url\":\"https:\\\/\\\/nzjz-split.hr\\\/\",\"name\":\"NZJZ SD\u017d\",\"description\":\"Nastavni zavod za javno zdravstvo Splitsko - dalmatinske \u017eupanije\",\"publisher\":{\"@id\":\"https:\\\/\\\/nzjz-split.hr\\\/#organization\"},\"potentialAction\":[{\"@type\":\"SearchAction\",\"target\":{\"@type\":\"EntryPoint\",\"urlTemplate\":\"https:\\\/\\\/nzjz-split.hr\\\/?s={search_term_string}\"},\"query-input\":{\"@type\":\"PropertyValueSpecification\",\"valueRequired\":true,\"valueName\":\"search_term_string\"}}],\"inLanguage\":\"en-GB\"},{\"@type\":\"Organization\",\"@id\":\"https:\\\/\\\/nzjz-split.hr\\\/#organization\",\"name\":\"Nastavni zavod za javno zdravstvo Splitsko - dalmatinske \u017eupanije\",\"url\":\"https:\\\/\\\/nzjz-split.hr\\\/\",\"logo\":{\"@type\":\"ImageObject\",\"inLanguage\":\"en-GB\",\"@id\":\"https:\\\/\\\/nzjz-split.hr\\\/#\\\/schema\\\/logo\\\/image\\\/\",\"url\":\"https:\\\/\\\/nzjz-split.hr\\\/wp-content\\\/uploads\\\/2021\\\/05\\\/nzjz-sdz-favicon-bg.png\",\"contentUrl\":\"https:\\\/\\\/nzjz-split.hr\\\/wp-content\\\/uploads\\\/2021\\\/05\\\/nzjz-sdz-favicon-bg.png\",\"width\":220,\"height\":220,\"caption\":\"Nastavni zavod za javno zdravstvo Splitsko - dalmatinske \u017eupanije\"},\"image\":{\"@id\":\"https:\\\/\\\/nzjz-split.hr\\\/#\\\/schema\\\/logo\\\/image\\\/\"},\"sameAs\":[\"https:\\\/\\\/www.facebook.com\\\/NzjzSdz\"]},{\"@type\":\"Person\",\"@id\":\"https:\\\/\\\/nzjz-split.hr\\\/#\\\/schema\\\/person\\\/b4b9f14518058e855f0658fe0f6605eb\",\"name\":\"ForgeBIT\",\"image\":{\"@type\":\"ImageObject\",\"inLanguage\":\"en-GB\",\"@id\":\"https:\\\/\\\/nzjz-split.hr\\\/wp-content\\\/litespeed\\\/avatar\\\/807534c1949a29c271544ad2598d14d6.jpg?ver=1777486818\",\"url\":\"https:\\\/\\\/nzjz-split.hr\\\/wp-content\\\/litespeed\\\/avatar\\\/807534c1949a29c271544ad2598d14d6.jpg?ver=1777486818\",\"contentUrl\":\"https:\\\/\\\/nzjz-split.hr\\\/wp-content\\\/litespeed\\\/avatar\\\/807534c1949a29c271544ad2598d14d6.jpg?ver=1777486818\",\"caption\":\"ForgeBIT\"},\"sameAs\":[\"https:\\\/\\\/nzjz-split.hr\\\/wordpress\"]}]}<\/script>\n<!-- \/ Yoast SEO plugin. -->","yoast_head_json":{"title":"NZJZ SD\u017d - Korona virus: zajedni\u0161tvo i\/ili usamljenost?","description":"Slu\u017ebene internet stranice Nastavnog Zavoda za javno zdravstvo Splitsko-dalmatinske \u017eupanije.","robots":{"index":"index","follow":"follow","max-snippet":"max-snippet:-1","max-image-preview":"max-image-preview:large","max-video-preview":"max-video-preview:-1"},"canonical":"https:\/\/nzjz-split.hr\/en\/korona-virus-zajednistvo-usamljenost-2\/","og_locale":"en_GB","og_type":"article","og_title":"NZJZ SD\u017d - Korona virus: zajedni\u0161tvo i\/ili usamljenost?","og_description":"Slu\u017ebene internet stranice Nastavnog Zavoda za javno zdravstvo Splitsko-dalmatinske \u017eupanije.","og_url":"https:\/\/nzjz-split.hr\/en\/korona-virus-zajednistvo-usamljenost-2\/","og_site_name":"NZJZ SD\u017d","article_publisher":"https:\/\/www.facebook.com\/NzjzSdz","article_published_time":"2020-04-08T04:36:57+00:00","og_image":[{"width":220,"height":220,"url":"https:\/\/nzjz-split.hr\/wp-content\/uploads\/2021\/05\/nzjz-sdz-favicon-bg.png","type":"image\/png"}],"author":"ForgeBIT","twitter_card":"summary_large_image","twitter_misc":{"Written by":"ForgeBIT","Estimated reading time":"2 minutes"},"schema":{"@context":"https:\/\/schema.org","@graph":[{"@type":"Article","@id":"https:\/\/nzjz-split.hr\/korona-virus-zajednistvo-usamljenost-2\/#article","isPartOf":{"@id":"https:\/\/nzjz-split.hr\/korona-virus-zajednistvo-usamljenost-2\/"},"author":{"name":"ForgeBIT","@id":"https:\/\/nzjz-split.hr\/#\/schema\/person\/b4b9f14518058e855f0658fe0f6605eb"},"headline":"Korona virus: zajedni\u0161tvo i\/ili usamljenost?","datePublished":"2020-04-08T04:36:57+00:00","mainEntityOfPage":{"@id":"https:\/\/nzjz-split.hr\/korona-virus-zajednistvo-usamljenost-2\/"},"wordCount":389,"commentCount":0,"publisher":{"@id":"https:\/\/nzjz-split.hr\/#organization"},"articleSection":["Nekategorizirano"],"inLanguage":"en-GB","potentialAction":[{"@type":"CommentAction","name":"Comment","target":["https:\/\/nzjz-split.hr\/korona-virus-zajednistvo-usamljenost-2\/#respond"]}]},{"@type":"WebPage","@id":"https:\/\/nzjz-split.hr\/korona-virus-zajednistvo-usamljenost-2\/","url":"https:\/\/nzjz-split.hr\/korona-virus-zajednistvo-usamljenost-2\/","name":"NZJZ SD\u017d - Korona virus: zajedni\u0161tvo i\/ili usamljenost?","isPartOf":{"@id":"https:\/\/nzjz-split.hr\/#website"},"datePublished":"2020-04-08T04:36:57+00:00","description":"Slu\u017ebene internet stranice Nastavnog Zavoda za javno zdravstvo Splitsko-dalmatinske \u017eupanije.","breadcrumb":{"@id":"https:\/\/nzjz-split.hr\/korona-virus-zajednistvo-usamljenost-2\/#breadcrumb"},"inLanguage":"en-GB","potentialAction":[{"@type":"ReadAction","target":["https:\/\/nzjz-split.hr\/korona-virus-zajednistvo-usamljenost-2\/"]}]},{"@type":"BreadcrumbList","@id":"https:\/\/nzjz-split.hr\/korona-virus-zajednistvo-usamljenost-2\/#breadcrumb","itemListElement":[{"@type":"ListItem","position":1,"name":"Naslovnica","item":"https:\/\/nzjz-split.hr\/"},{"@type":"ListItem","position":2,"name":"Korona virus: zajedni\u0161tvo i\/ili usamljenost?"}]},{"@type":"WebSite","@id":"https:\/\/nzjz-split.hr\/#website","url":"https:\/\/nzjz-split.hr\/","name":"NZJZ SD\u017d","description":"Teaching Institute for Public Health, Split - Dalmatia County","publisher":{"@id":"https:\/\/nzjz-split.hr\/#organization"},"potentialAction":[{"@type":"SearchAction","target":{"@type":"EntryPoint","urlTemplate":"https:\/\/nzjz-split.hr\/?s={search_term_string}"},"query-input":{"@type":"PropertyValueSpecification","valueRequired":true,"valueName":"search_term_string"}}],"inLanguage":"en-GB"},{"@type":"Organization","@id":"https:\/\/nzjz-split.hr\/#organization","name":"Teaching Institute for Public Health, Split - Dalmatia County","url":"https:\/\/nzjz-split.hr\/","logo":{"@type":"ImageObject","inLanguage":"en-GB","@id":"https:\/\/nzjz-split.hr\/#\/schema\/logo\/image\/","url":"https:\/\/nzjz-split.hr\/wp-content\/uploads\/2021\/05\/nzjz-sdz-favicon-bg.png","contentUrl":"https:\/\/nzjz-split.hr\/wp-content\/uploads\/2021\/05\/nzjz-sdz-favicon-bg.png","width":220,"height":220,"caption":"Nastavni zavod za javno zdravstvo Splitsko - dalmatinske \u017eupanije"},"image":{"@id":"https:\/\/nzjz-split.hr\/#\/schema\/logo\/image\/"},"sameAs":["https:\/\/www.facebook.com\/NzjzSdz"]},{"@type":"Person","@id":"https:\/\/nzjz-split.hr\/#\/schema\/person\/b4b9f14518058e855f0658fe0f6605eb","name":"ForgeBIT","image":{"@type":"ImageObject","inLanguage":"en-GB","@id":"https:\/\/nzjz-split.hr\/wp-content\/litespeed\/avatar\/807534c1949a29c271544ad2598d14d6.jpg?ver=1777486818","url":"https:\/\/nzjz-split.hr\/wp-content\/litespeed\/avatar\/807534c1949a29c271544ad2598d14d6.jpg?ver=1777486818","contentUrl":"https:\/\/nzjz-split.hr\/wp-content\/litespeed\/avatar\/807534c1949a29c271544ad2598d14d6.jpg?ver=1777486818","caption":"ForgeBIT"},"sameAs":["https:\/\/nzjz-split.hr\/wordpress"]}]}},"_links":{"self":[{"href":"https:\/\/nzjz-split.hr\/en\/wp-json\/wp\/v2\/posts\/2154","targetHints":{"allow":["GET"]}}],"collection":[{"href":"https:\/\/nzjz-split.hr\/en\/wp-json\/wp\/v2\/posts"}],"about":[{"href":"https:\/\/nzjz-split.hr\/en\/wp-json\/wp\/v2\/types\/post"}],"author":[{"embeddable":true,"href":"https:\/\/nzjz-split.hr\/en\/wp-json\/wp\/v2\/users\/1"}],"replies":[{"embeddable":true,"href":"https:\/\/nzjz-split.hr\/en\/wp-json\/wp\/v2\/comments?post=2154"}],"version-history":[{"count":0,"href":"https:\/\/nzjz-split.hr\/en\/wp-json\/wp\/v2\/posts\/2154\/revisions"}],"wp:attachment":[{"href":"https:\/\/nzjz-split.hr\/en\/wp-json\/wp\/v2\/media?parent=2154"}],"wp:term":[{"taxonomy":"category","embeddable":true,"href":"https:\/\/nzjz-split.hr\/en\/wp-json\/wp\/v2\/categories?post=2154"},{"taxonomy":"post_tag","embeddable":true,"href":"https:\/\/nzjz-split.hr\/en\/wp-json\/wp\/v2\/tags?post=2154"}],"curies":[{"name":"wp","href":"https:\/\/api.w.org\/{rel}","templated":true}]}}