{"id":2224,"date":"2020-09-18T11:34:25","date_gmt":"2020-09-18T11:34:25","guid":{"rendered":"https:\/\/nzjz.wpengine.com\/2020\/09\/18\/svjetski-dan-alzheimerove-bolesti-21-rujna-2020\/"},"modified":"2021-05-19T06:30:13","modified_gmt":"2021-05-19T06:30:13","slug":"svjetski-dan-alzheimerove-bolesti-21-rujna-2020","status":"publish","type":"post","link":"https:\/\/nzjz-split.hr\/en\/svjetski-dan-alzheimerove-bolesti-21-rujna-2020\/","title":{"rendered":"Svjetski dan Alzheimerove bolesti 21. rujna 2020."},"content":{"rendered":"<p><strong>COVID-19 i demencija<\/strong><br \/>Od prvih prijavljenih pacijenata u Kini (Wuhan) Svjetskoj zdravstvenoj organizaciji u 12. mjesecu 2019. godine, svjedo\u010dimo brzom \u0161irenju COVID-19 infekcije na brojne zemlje i kontinente, velikom porastu broja oboljelih i umrlih, te je u o\u017eujku 2020. progla\u0161ena globalna pandemija. Ve\u0107 u samim po\u010decima \u0161irenja COVID-19 epidemije starija populacija je prepoznata kao rizi\u010dna za razvoj te\u017eeg oblika bolesti s mogu\u0107im smrtnim ishodom.<\/p>\n<p>  <!--more-->  <\/p>\n<p>Oboljeli od demencije su osobe starije \u017eivotne dobi, dakle vrlo vulnerabilna skupina, posebno oni s multiplim komorbiditetima. Prema dosada\u0161njim spoznajama demencija sama po sebi ne pove\u0107ava rizik obolijevanja od COVID-19. Me\u0111utim, opasnost od zaraze pove\u0107avaju promijenjeno pona\u0161anje dementnog bolesnika, starija \u017eivotna dob, pothranjenost i komorbiditeti.<\/p>\n<p><strong><img fetchpriority=\"high\" decoding=\"async\" class=\"size-full wp-image-2222\" src=\"https:\/\/nzjz-split.hr\/wp-content\/uploads\/2020\/09\/alzh_2020_1.jpg\" alt=\"\" width=\"900\" height=\"506\" srcset=\"https:\/\/nzjz-split.hr\/wp-content\/uploads\/2020\/09\/alzh_2020_1.jpg 900w, https:\/\/nzjz-split.hr\/wp-content\/uploads\/2020\/09\/alzh_2020_1-600x337.jpg 600w\" sizes=\"(max-width: 900px) 100vw, 900px\" \/><\/strong><\/p>\n<p><strong>Svjetski dan Alzheimerove bolesti<\/strong><br \/>Mjesec rujan posve\u0107en je podizanju svijesti o Alzheimerovoj bolesti, a 21. rujna svake godine se obilje\u017eava Svjetski dan Alzheimerove bolesti. Tema ovogodi\u0161njeg Svjetskog mjeseca \u201eRazgovarajmo o demenciji&#8221; ima za cilj\u00a0 poticanje ja\u010danja javne svijesti o demenciji i smanjenja utjecaja stigme koja ju prati. <br \/>Svjetska zdravstvena organizacija je 2012. godine proglasila Alzheimerovu bolest svjetskim javnozdravstvenim prioritetom. U Hrvatskoj te iste godine po\u010dinje djelovati Hrvatsko dru\u0161tvo za Alzheimerovu bolest i psihijatriju starije \u017eivotne dobi kao stru\u010dno dru\u0161tvo Hrvatskoga lije\u010dni\u010dkog zbora. Jo\u0161 od 1999. godine kao udruga gra\u0111ana djeluje i Hrvatska udruga za Alzheimerovu bolest, koja upozorava na rastu\u0107i problem demencije, zagovara prava oboljelih i njihovih njegovatelja te isti\u010de potrebu pobolj\u0161anja skrbi za osobe s Alzheimerovom bole\u0161\u0107u odnosno demencijom.<br \/>Najnovije znanstvene procjene govore da nam u skoroj budu\u0107nosti, prvenstveno zbog produljenja ljudskog vijeka, slijedi neminovna epidemija demencije, pa se tako slikovito govori o pojavi jednog novog slu\u010daja demencije svakih sedam sekundi. Prema podacima SZO 47,5 milijuna ljudi u svijetu ima neki oblik demencije, a procjenjuje se da je u Europskoj uniji 6,4 milijuna osoba s takvim bolestima te da bi do 2050. godine broj u svijetu mogao narasti i na vi\u0161e od 115 milijuna oboljelih. Procjenjuje se da trenutno u Hrvatskoj ima oko 86 000 osoba oboljelih od demencije i da \u0107e ta brojka, kao i drugdje, i dalje rasti.<\/p>\n<p><strong>Kada posumnjati na razvoj demencije?<\/strong><br \/>Demencija je klini\u010dki sindrom obilje\u017een ste\u010denim gubitkom kognitivnih i emotivnih sposobnosti koji je prisutan u tolikoj mjeri da dovodi do gubitka pam\u0107enja, poreme\u0107aja mi\u0161ljenja, i promjena u pona\u0161anju i osobnosti bolesnika, te ometa svakodnevnu aktivnost oboljelog i zna\u010dajno smanjuje njegovu kvalitetu \u017eivota. Ve\u0107inom se javljaju kod starijih ljudi, a obzirom da se radi o ljudima koji nisu radno (a \u010desto niti intelektualno) aktivni, po\u010detni simptomi mogu biti i nezamije\u0107eni. Oboljela osoba rijetko primje\u0107uje svoja sve ve\u0107a ograni\u010denja ili ih pak negira. S druge strane, okolina ih zamjenjuje s dobro\u0107udnom stara\u010dkom zaboravljivosti, a postoji uvrije\u017eeno i pogre\u0161no mi\u0161ljenje da su intelektualno propadanje i sve ve\u0107a ovisnost o okolini normalne posljedice starenja. <br \/>Danas je poznato vi\u0161e od 50 bolesti koje mogu uzrokovati demenciju, od kojih je naj\u010de\u0161\u0107a Alzheimerova, na koju otpada oko 2\/3 svih demencija. Iako se AB mo\u017ee (rijetko) javiti i kod mladih ljudi, ona je tipi\u010dna bolest starijih i njena pojavnost bitno raste s porastom \u017eivotne dobi pojedinca. Tako se navodi da vi\u0161e od 5% op\u0107e populacije u dobi od 65 godina boluje od AB, dok u dobi od 90 godina ta brojka prelazi i 50%. <br \/>Iako je pro\u0161lo vi\u0161e od sto godina otkako je njema\u010dki psihijatar i neurolog dr. Alois Alzheimer po prvi puta opisao bolesnicu \u010dija je bolest kasnije nazvana njegovim imenom, Alzheimerova bolest (AB) i dan danas predstavlja enigmu suvremene medicine. Ova progresivna neurodegenerativna bolest ima postupan i nezaustavljiv tijek kao posljedica napreduju\u0107ih o\u0161te\u0107enja mozga. Iako to\u010dan mehanizam nastanka o\u0161te\u0107enja mo\u017edanih stanica kod Alzheimerove bolesti nije sasvim razja\u0161njen, ve\u0107ina znanstvenika se sla\u017ee da je posredovan nakupljanjem patolo\u0161kih proteina (beta-amiloidni plakovi i tau-\u010dvorovi) u i izme\u0111u \u017eiv\u010danih stanica. <br \/>Simptomi bolesti po\u010dinju postupno. Prvi i najizrazitiji simptom Alzheimerove bolesti je gubitak pam\u0107enja, a nastavlja se psihi\u010dko i fizi\u010dko propadanje te potpuna funkcionalna onesposobljenost osobe i njena ovisnost o tu\u0111oj njezi i pomo\u0107i. Unato\u010d brojnim novim spoznajama o AB jo\u0161 uvijek nije rasvijetljen uzrok nastanka AB, a postoje\u0107e lije\u010denje antidementivima jo\u0161 uvijek je samo simptomatsko, tj. djeluje na usporavanje simptoma bolesti i odgodu te\u017eih faza bolesti, te ih je potrebno po\u010deti primjenjivati u ranoj fazi bolesti da bi razvili adekvatan u\u010dinak.<br \/>Rano prepoznavanje simptoma koji mogu upu\u0107ivati na po\u010detak Alzheimerove bolesti, rano upu\u0107ivanje lije\u010dniku, odgovaraju\u0107a zdravstvena skrb i skrb okoline i dru\u0161tva nu\u017ene su u pobolj\u0161anju kvalitete \u017eivota oboljele osobe, ali i kvalitete \u017eivota obitelji i skrbnika oboljelih.<\/p>\n<p><strong>Kako se COVID-19 infekcija mo\u017ee odraziti na bolesnike s demencijom?<\/strong><br \/>\u0160irenje COVID-19 epidemije pred cijelo je stanovni\u0161tvo postavilo nove izazove koji predstavljaju dodatno optere\u0107enje za dementne bolesnike i njihove njegovatelje. Demencija ve\u0107 u uobi\u010dajenim okolnostima bolesnika \u010dini ranjivijim u odnosu na ostatak starije populacije, a izvanredne situacije poput COVID-19 epidemije \u010dine ih jo\u0161 vulnerabilnijima jer se te\u0161ko snalaze u novim i iznenadnim situacijama.<br \/>Ve\u0107inu novih zadataka oni sami, bez pomo\u0107i, nisu u mogu\u0107nosti ispuniti. To se prvenstveno odnosi na pridr\u017eavanje mjera izolacije, odr\u017eavanje socijalne distance, no\u0161enje za\u0161titnih maski, te poja\u010danu higijenu ruku. Privremena zabrana posje\u0107ivanja starijih osoba u domovima i bolnicama nepovoljno utje\u010de na dementnog pacijenta koji uslijed toga mo\u017ee postati zabrinut, razdra\u017eljiv, apati\u010dan, nesuradljiv, osjetiti se napu\u0161tenim od obitelji, a mo\u017ee dovesti i do br\u017ee progresije demencije. Zato je va\u017eno redovito odr\u017eavanje socijalnih kontakata bolesnika s \u010dlanovima obitelji i prijateljima putem dostupnih suvremenih sredstava komunikacije, ukoliko se bolesnici njima znaju slu\u017eiti.<br \/>Oboljeli od demencije su osobe starije \u017eivotne dobi s o\u010dekivanim komorbiditetom i imaju ve\u0107u mogu\u0107nost razvoja te\u017ee klini\u010dke slike uslijed bilo kojeg akutnog respiratornog infektivnog stanja, pa tako i infekcije uzrokovane koronavirusom, posebno oni koji su nepokretni, ne shva\u0107aju upute i imaju prate\u0107e psihi\u010dke simptome.<\/p>\n<p><strong>Prevencija demencije<\/strong><br \/>Iako, na \u017ealost, ne postoje specifi\u010dne mjere prevencije Alzheimerove bolesti, postoje op\u0107e preventivne mjere kojima se mo\u017ee unaprijediti kako tjelesno tako i mentalno zdravlje. Brojna znanstvena istra\u017eivanja povezuju tjelesno aktivan i mentalno stimulativan na\u010din \u017eivota uz kontrolu kardiovaskularnih rizi\u010dnih \u010dimbenika s kvalitetnijom kognitivnom funkcijom i ni\u017eim rizikom od pojave demencije. \u010cesto se nailazi na uzre\u010dicu &#8220;ono \u0161to je zdravo za srce, zdravo je i za mozak&#8221;.<br \/>Prototip zdrave prehrane je mediteranska hrana. Sve je vi\u0161e dokaza koji upu\u0107uju na to da je zdrav na\u010din \u017eivota &#8211; mediteranska prehrana, umjerena fizi\u010dka aktivnost (npr. hodanje), socijalna interakcija i vje\u017ebanje mozga, uz nepu\u0161enje, izbjegavanje ozljeda, visokog \u0161e\u0107era i kolesterola, presudno va\u017ena za smanjenje rizika od nastanka demencije, odnosno Alzheimerove bolesti. <br \/>U smanjenju razvoja demencije kad je rije\u010d o osobama starije dobi izuzetno je va\u017ean nastavak njihove mentalne aktivnosti (tzv. mentalni fitnes). Vrlo je korisno kada se (stariji) ljudi redovito bave nekim dru\u0161tvenim igrama, razli\u010ditim mozgalicama, kri\u017ealjkama, rebusima i sli\u010dno, jer sve to slu\u017ei i kao kognitivni trening. Neke su studije tako\u0111er pokazale da se ljudi koji su dru\u0161tveno aktivni rje\u0111e razbolijevaju od Alzheimerove bolesti. <br \/>\u010cekaju\u0107i pronala\u017eenje lijeka, usvajanjem zdravih \u017eivotnih navika, uravnote\u017eenom prehranom, fizi\u010dkom i mentalnom aktivnosti, bogatim dru\u0161tvenim \u017eivotom uz stimulativni okoli\u0161, te zdravim snom\u00a0 svakako \u0107emo pridonijeti o\u010duvanju i unapre\u0111enju zdravlja, kao i prevenciji demencije.<br \/>Hrvatska udruga za Alzheimerovu bolest je 2018. godine u sklopu europskog prekograni\u010dnog projekta Demenca aCROsSLO izradilo <strong>Upute za prepoznavanje znakova demencije<\/strong>:<\/p>\n<p><img decoding=\"async\" class=\"size-full wp-image-2223\" src=\"https:\/\/nzjz-split.hr\/wp-content\/uploads\/2020\/09\/dem2020.jpg\" alt=\"\" width=\"800\" height=\"1007\" srcset=\"https:\/\/nzjz-split.hr\/wp-content\/uploads\/2020\/09\/dem2020.jpg 800w, https:\/\/nzjz-split.hr\/wp-content\/uploads\/2020\/09\/dem2020-600x755.jpg 600w\" sizes=\"(max-width: 800px) 100vw, 800px\" \/><\/p>\n<p><strong>Inga Vu\u010dica, dr. med., univ. mag. sanit. publ., spec. javnog zdravstva<\/strong><br \/><strong>Odjel \/ Centar za gerontologiju<\/strong><br \/><strong>Public Health and Health Promotion Service<\/strong><\/p>\n<p>Literatura:<br \/>1.\u00a0\u00a0 \u00a0<a href=\"https:\/\/www.worldalzmonth.org\/\">https:\/\/www.worldalzmonth.org\/<\/a> <br \/>2.\u00a0\u00a0 \u00a0<a href=\"http:\/\/bolnica-vrapce.hr\/web\/wp-content\/uploads\/2020\/04\/2020_04_10-Preporuke-HDABPS%C5%BDD.pdf\">http:\/\/bolnica-vrapce.hr\/web\/wp-content\/uploads\/2020\/04\/2020_04_10-Preporuke-HDABPS%C5%BDD.pdf<\/a> <br \/>3.\u00a0\u00a0 \u00a0<a href=\"https:\/\/alzheimer.hr\/ucionica\/publikacije\/\">https:\/\/alzheimer.hr\/ucionica\/publikacije\/<\/a> <br \/>4.\u00a0\u00a0 \u00a0Mimica N. Je li mogu\u0107a prevencija demencije? Hrvatska udruga za Alzheimerovu bolest. Zagreb 2016<\/p>\n<p>\u00a0<\/p>","protected":false},"excerpt":{"rendered":"<p>COVID-19 i demencijaOd prvih prijavljenih pacijenata u Kini (Wuhan) Svjetskoj zdravstvenoj organizaciji u 12. mjesecu 2019. godine, svjedo\u010dimo brzom \u0161irenju COVID-19 infekcije na brojne zemlje i kontinente, velikom porastu broja oboljelih i umrlih, te je u o\u017eujku 2020. progla\u0161ena globalna pandemija. Ve\u0107 u samim po\u010decima \u0161irenja COVID-19 epidemije starija populacija je prepoznata kao rizi\u010dna za [&hellip;]<\/p>\n","protected":false},"author":1,"featured_media":0,"comment_status":"open","ping_status":"open","sticky":false,"template":"","format":"standard","meta":{"inline_featured_image":false,"footnotes":""},"categories":[16],"tags":[],"class_list":["post-2224","post","type-post","status-publish","format-standard","hentry","category-nekategorizirano"],"yoast_head":"<!-- This site is optimized with the Yoast SEO plugin v27.3 - https:\/\/yoast.com\/product\/yoast-seo-wordpress\/ -->\n<title>NZJZ SD\u017d - Svjetski dan Alzheimerove bolesti 21. rujna 2020.<\/title>\n<meta name=\"description\" content=\"Slu\u017ebene internet stranice Nastavnog Zavoda za javno zdravstvo Splitsko-dalmatinske \u017eupanije.\" \/>\n<meta name=\"robots\" content=\"index, follow, max-snippet:-1, max-image-preview:large, max-video-preview:-1\" \/>\n<link rel=\"canonical\" href=\"https:\/\/nzjz-split.hr\/en\/svjetski-dan-alzheimerove-bolesti-21-rujna-2020\/\" \/>\n<meta property=\"og:locale\" content=\"en_GB\" \/>\n<meta property=\"og:type\" content=\"article\" \/>\n<meta property=\"og:title\" content=\"NZJZ SD\u017d - Svjetski dan Alzheimerove bolesti 21. rujna 2020.\" \/>\n<meta property=\"og:description\" content=\"Slu\u017ebene internet stranice Nastavnog Zavoda za javno zdravstvo Splitsko-dalmatinske \u017eupanije.\" \/>\n<meta property=\"og:url\" content=\"https:\/\/nzjz-split.hr\/en\/svjetski-dan-alzheimerove-bolesti-21-rujna-2020\/\" \/>\n<meta property=\"og:site_name\" content=\"NZJZ SD\u017d\" \/>\n<meta property=\"article:publisher\" content=\"https:\/\/www.facebook.com\/NzjzSdz\" \/>\n<meta property=\"article:published_time\" content=\"2020-09-18T11:34:25+00:00\" \/>\n<meta property=\"article:modified_time\" content=\"2021-05-19T06:30:13+00:00\" \/>\n<meta property=\"og:image\" content=\"https:\/\/nzjz-split.hr\/wp-content\/uploads\/2020\/09\/alzh_2020_1.jpg\" \/>\n<meta name=\"author\" content=\"ForgeBIT\" \/>\n<meta name=\"twitter:card\" content=\"summary_large_image\" \/>\n<meta name=\"twitter:label1\" content=\"Written by\" \/>\n\t<meta name=\"twitter:data1\" content=\"ForgeBIT\" \/>\n\t<meta name=\"twitter:label2\" content=\"Estimated reading time\" \/>\n\t<meta name=\"twitter:data2\" content=\"7 minutes\" \/>\n<script type=\"application\/ld+json\" class=\"yoast-schema-graph\">{\"@context\":\"https:\\\/\\\/schema.org\",\"@graph\":[{\"@type\":\"Article\",\"@id\":\"https:\\\/\\\/nzjz-split.hr\\\/svjetski-dan-alzheimerove-bolesti-21-rujna-2020\\\/#article\",\"isPartOf\":{\"@id\":\"https:\\\/\\\/nzjz-split.hr\\\/svjetski-dan-alzheimerove-bolesti-21-rujna-2020\\\/\"},\"author\":{\"name\":\"ForgeBIT\",\"@id\":\"https:\\\/\\\/nzjz-split.hr\\\/#\\\/schema\\\/person\\\/b4b9f14518058e855f0658fe0f6605eb\"},\"headline\":\"Svjetski dan Alzheimerove bolesti 21. rujna 2020.\",\"datePublished\":\"2020-09-18T11:34:25+00:00\",\"dateModified\":\"2021-05-19T06:30:13+00:00\",\"mainEntityOfPage\":{\"@id\":\"https:\\\/\\\/nzjz-split.hr\\\/svjetski-dan-alzheimerove-bolesti-21-rujna-2020\\\/\"},\"wordCount\":1359,\"commentCount\":0,\"publisher\":{\"@id\":\"https:\\\/\\\/nzjz-split.hr\\\/#organization\"},\"image\":{\"@id\":\"https:\\\/\\\/nzjz-split.hr\\\/svjetski-dan-alzheimerove-bolesti-21-rujna-2020\\\/#primaryimage\"},\"thumbnailUrl\":\"https:\\\/\\\/nzjz-split.hr\\\/wp-content\\\/uploads\\\/2020\\\/09\\\/alzh_2020_1.jpg\",\"articleSection\":[\"Nekategorizirano\"],\"inLanguage\":\"en-GB\",\"potentialAction\":[{\"@type\":\"CommentAction\",\"name\":\"Comment\",\"target\":[\"https:\\\/\\\/nzjz-split.hr\\\/svjetski-dan-alzheimerove-bolesti-21-rujna-2020\\\/#respond\"]}]},{\"@type\":\"WebPage\",\"@id\":\"https:\\\/\\\/nzjz-split.hr\\\/svjetski-dan-alzheimerove-bolesti-21-rujna-2020\\\/\",\"url\":\"https:\\\/\\\/nzjz-split.hr\\\/svjetski-dan-alzheimerove-bolesti-21-rujna-2020\\\/\",\"name\":\"NZJZ SD\u017d - Svjetski dan Alzheimerove bolesti 21. rujna 2020.\",\"isPartOf\":{\"@id\":\"https:\\\/\\\/nzjz-split.hr\\\/#website\"},\"primaryImageOfPage\":{\"@id\":\"https:\\\/\\\/nzjz-split.hr\\\/svjetski-dan-alzheimerove-bolesti-21-rujna-2020\\\/#primaryimage\"},\"image\":{\"@id\":\"https:\\\/\\\/nzjz-split.hr\\\/svjetski-dan-alzheimerove-bolesti-21-rujna-2020\\\/#primaryimage\"},\"thumbnailUrl\":\"https:\\\/\\\/nzjz-split.hr\\\/wp-content\\\/uploads\\\/2020\\\/09\\\/alzh_2020_1.jpg\",\"datePublished\":\"2020-09-18T11:34:25+00:00\",\"dateModified\":\"2021-05-19T06:30:13+00:00\",\"description\":\"Slu\u017ebene internet stranice Nastavnog Zavoda za javno zdravstvo Splitsko-dalmatinske \u017eupanije.\",\"breadcrumb\":{\"@id\":\"https:\\\/\\\/nzjz-split.hr\\\/svjetski-dan-alzheimerove-bolesti-21-rujna-2020\\\/#breadcrumb\"},\"inLanguage\":\"en-GB\",\"potentialAction\":[{\"@type\":\"ReadAction\",\"target\":[\"https:\\\/\\\/nzjz-split.hr\\\/svjetski-dan-alzheimerove-bolesti-21-rujna-2020\\\/\"]}]},{\"@type\":\"ImageObject\",\"inLanguage\":\"en-GB\",\"@id\":\"https:\\\/\\\/nzjz-split.hr\\\/svjetski-dan-alzheimerove-bolesti-21-rujna-2020\\\/#primaryimage\",\"url\":\"https:\\\/\\\/nzjz-split.hr\\\/wp-content\\\/uploads\\\/2020\\\/09\\\/alzh_2020_1.jpg\",\"contentUrl\":\"https:\\\/\\\/nzjz-split.hr\\\/wp-content\\\/uploads\\\/2020\\\/09\\\/alzh_2020_1.jpg\"},{\"@type\":\"BreadcrumbList\",\"@id\":\"https:\\\/\\\/nzjz-split.hr\\\/svjetski-dan-alzheimerove-bolesti-21-rujna-2020\\\/#breadcrumb\",\"itemListElement\":[{\"@type\":\"ListItem\",\"position\":1,\"name\":\"Naslovnica\",\"item\":\"https:\\\/\\\/nzjz-split.hr\\\/\"},{\"@type\":\"ListItem\",\"position\":2,\"name\":\"Svjetski dan Alzheimerove bolesti 21. rujna 2020.\"}]},{\"@type\":\"WebSite\",\"@id\":\"https:\\\/\\\/nzjz-split.hr\\\/#website\",\"url\":\"https:\\\/\\\/nzjz-split.hr\\\/\",\"name\":\"NZJZ SD\u017d\",\"description\":\"Nastavni zavod za javno zdravstvo Splitsko - dalmatinske \u017eupanije\",\"publisher\":{\"@id\":\"https:\\\/\\\/nzjz-split.hr\\\/#organization\"},\"potentialAction\":[{\"@type\":\"SearchAction\",\"target\":{\"@type\":\"EntryPoint\",\"urlTemplate\":\"https:\\\/\\\/nzjz-split.hr\\\/?s={search_term_string}\"},\"query-input\":{\"@type\":\"PropertyValueSpecification\",\"valueRequired\":true,\"valueName\":\"search_term_string\"}}],\"inLanguage\":\"en-GB\"},{\"@type\":\"Organization\",\"@id\":\"https:\\\/\\\/nzjz-split.hr\\\/#organization\",\"name\":\"Nastavni zavod za javno zdravstvo Splitsko - dalmatinske \u017eupanije\",\"url\":\"https:\\\/\\\/nzjz-split.hr\\\/\",\"logo\":{\"@type\":\"ImageObject\",\"inLanguage\":\"en-GB\",\"@id\":\"https:\\\/\\\/nzjz-split.hr\\\/#\\\/schema\\\/logo\\\/image\\\/\",\"url\":\"https:\\\/\\\/nzjz-split.hr\\\/wp-content\\\/uploads\\\/2021\\\/05\\\/nzjz-sdz-favicon-bg.png\",\"contentUrl\":\"https:\\\/\\\/nzjz-split.hr\\\/wp-content\\\/uploads\\\/2021\\\/05\\\/nzjz-sdz-favicon-bg.png\",\"width\":220,\"height\":220,\"caption\":\"Nastavni zavod za javno zdravstvo Splitsko - dalmatinske \u017eupanije\"},\"image\":{\"@id\":\"https:\\\/\\\/nzjz-split.hr\\\/#\\\/schema\\\/logo\\\/image\\\/\"},\"sameAs\":[\"https:\\\/\\\/www.facebook.com\\\/NzjzSdz\"]},{\"@type\":\"Person\",\"@id\":\"https:\\\/\\\/nzjz-split.hr\\\/#\\\/schema\\\/person\\\/b4b9f14518058e855f0658fe0f6605eb\",\"name\":\"ForgeBIT\",\"image\":{\"@type\":\"ImageObject\",\"inLanguage\":\"en-GB\",\"@id\":\"https:\\\/\\\/nzjz-split.hr\\\/wp-content\\\/litespeed\\\/avatar\\\/807534c1949a29c271544ad2598d14d6.jpg?ver=1777486818\",\"url\":\"https:\\\/\\\/nzjz-split.hr\\\/wp-content\\\/litespeed\\\/avatar\\\/807534c1949a29c271544ad2598d14d6.jpg?ver=1777486818\",\"contentUrl\":\"https:\\\/\\\/nzjz-split.hr\\\/wp-content\\\/litespeed\\\/avatar\\\/807534c1949a29c271544ad2598d14d6.jpg?ver=1777486818\",\"caption\":\"ForgeBIT\"},\"sameAs\":[\"https:\\\/\\\/nzjz-split.hr\\\/wordpress\"]}]}<\/script>\n<!-- \/ Yoast SEO plugin. -->","yoast_head_json":{"title":"NZJZ SD\u017d - Svjetski dan Alzheimerove bolesti 21. rujna 2020.","description":"Slu\u017ebene internet stranice Nastavnog Zavoda za javno zdravstvo Splitsko-dalmatinske \u017eupanije.","robots":{"index":"index","follow":"follow","max-snippet":"max-snippet:-1","max-image-preview":"max-image-preview:large","max-video-preview":"max-video-preview:-1"},"canonical":"https:\/\/nzjz-split.hr\/en\/svjetski-dan-alzheimerove-bolesti-21-rujna-2020\/","og_locale":"en_GB","og_type":"article","og_title":"NZJZ SD\u017d - Svjetski dan Alzheimerove bolesti 21. rujna 2020.","og_description":"Slu\u017ebene internet stranice Nastavnog Zavoda za javno zdravstvo Splitsko-dalmatinske \u017eupanije.","og_url":"https:\/\/nzjz-split.hr\/en\/svjetski-dan-alzheimerove-bolesti-21-rujna-2020\/","og_site_name":"NZJZ SD\u017d","article_publisher":"https:\/\/www.facebook.com\/NzjzSdz","article_published_time":"2020-09-18T11:34:25+00:00","article_modified_time":"2021-05-19T06:30:13+00:00","og_image":[{"url":"https:\/\/nzjz-split.hr\/wp-content\/uploads\/2020\/09\/alzh_2020_1.jpg","type":"","width":"","height":""}],"author":"ForgeBIT","twitter_card":"summary_large_image","twitter_misc":{"Written by":"ForgeBIT","Estimated reading time":"7 minutes"},"schema":{"@context":"https:\/\/schema.org","@graph":[{"@type":"Article","@id":"https:\/\/nzjz-split.hr\/svjetski-dan-alzheimerove-bolesti-21-rujna-2020\/#article","isPartOf":{"@id":"https:\/\/nzjz-split.hr\/svjetski-dan-alzheimerove-bolesti-21-rujna-2020\/"},"author":{"name":"ForgeBIT","@id":"https:\/\/nzjz-split.hr\/#\/schema\/person\/b4b9f14518058e855f0658fe0f6605eb"},"headline":"Svjetski dan Alzheimerove bolesti 21. rujna 2020.","datePublished":"2020-09-18T11:34:25+00:00","dateModified":"2021-05-19T06:30:13+00:00","mainEntityOfPage":{"@id":"https:\/\/nzjz-split.hr\/svjetski-dan-alzheimerove-bolesti-21-rujna-2020\/"},"wordCount":1359,"commentCount":0,"publisher":{"@id":"https:\/\/nzjz-split.hr\/#organization"},"image":{"@id":"https:\/\/nzjz-split.hr\/svjetski-dan-alzheimerove-bolesti-21-rujna-2020\/#primaryimage"},"thumbnailUrl":"https:\/\/nzjz-split.hr\/wp-content\/uploads\/2020\/09\/alzh_2020_1.jpg","articleSection":["Nekategorizirano"],"inLanguage":"en-GB","potentialAction":[{"@type":"CommentAction","name":"Comment","target":["https:\/\/nzjz-split.hr\/svjetski-dan-alzheimerove-bolesti-21-rujna-2020\/#respond"]}]},{"@type":"WebPage","@id":"https:\/\/nzjz-split.hr\/svjetski-dan-alzheimerove-bolesti-21-rujna-2020\/","url":"https:\/\/nzjz-split.hr\/svjetski-dan-alzheimerove-bolesti-21-rujna-2020\/","name":"NZJZ SD\u017d - Svjetski dan Alzheimerove bolesti 21. rujna 2020.","isPartOf":{"@id":"https:\/\/nzjz-split.hr\/#website"},"primaryImageOfPage":{"@id":"https:\/\/nzjz-split.hr\/svjetski-dan-alzheimerove-bolesti-21-rujna-2020\/#primaryimage"},"image":{"@id":"https:\/\/nzjz-split.hr\/svjetski-dan-alzheimerove-bolesti-21-rujna-2020\/#primaryimage"},"thumbnailUrl":"https:\/\/nzjz-split.hr\/wp-content\/uploads\/2020\/09\/alzh_2020_1.jpg","datePublished":"2020-09-18T11:34:25+00:00","dateModified":"2021-05-19T06:30:13+00:00","description":"Slu\u017ebene internet stranice Nastavnog Zavoda za javno zdravstvo Splitsko-dalmatinske \u017eupanije.","breadcrumb":{"@id":"https:\/\/nzjz-split.hr\/svjetski-dan-alzheimerove-bolesti-21-rujna-2020\/#breadcrumb"},"inLanguage":"en-GB","potentialAction":[{"@type":"ReadAction","target":["https:\/\/nzjz-split.hr\/svjetski-dan-alzheimerove-bolesti-21-rujna-2020\/"]}]},{"@type":"ImageObject","inLanguage":"en-GB","@id":"https:\/\/nzjz-split.hr\/svjetski-dan-alzheimerove-bolesti-21-rujna-2020\/#primaryimage","url":"https:\/\/nzjz-split.hr\/wp-content\/uploads\/2020\/09\/alzh_2020_1.jpg","contentUrl":"https:\/\/nzjz-split.hr\/wp-content\/uploads\/2020\/09\/alzh_2020_1.jpg"},{"@type":"BreadcrumbList","@id":"https:\/\/nzjz-split.hr\/svjetski-dan-alzheimerove-bolesti-21-rujna-2020\/#breadcrumb","itemListElement":[{"@type":"ListItem","position":1,"name":"Naslovnica","item":"https:\/\/nzjz-split.hr\/"},{"@type":"ListItem","position":2,"name":"Svjetski dan Alzheimerove bolesti 21. rujna 2020."}]},{"@type":"WebSite","@id":"https:\/\/nzjz-split.hr\/#website","url":"https:\/\/nzjz-split.hr\/","name":"NZJZ SD\u017d","description":"Teaching Institute for Public Health, Split - Dalmatia County","publisher":{"@id":"https:\/\/nzjz-split.hr\/#organization"},"potentialAction":[{"@type":"SearchAction","target":{"@type":"EntryPoint","urlTemplate":"https:\/\/nzjz-split.hr\/?s={search_term_string}"},"query-input":{"@type":"PropertyValueSpecification","valueRequired":true,"valueName":"search_term_string"}}],"inLanguage":"en-GB"},{"@type":"Organization","@id":"https:\/\/nzjz-split.hr\/#organization","name":"Teaching Institute for Public Health, Split - Dalmatia County","url":"https:\/\/nzjz-split.hr\/","logo":{"@type":"ImageObject","inLanguage":"en-GB","@id":"https:\/\/nzjz-split.hr\/#\/schema\/logo\/image\/","url":"https:\/\/nzjz-split.hr\/wp-content\/uploads\/2021\/05\/nzjz-sdz-favicon-bg.png","contentUrl":"https:\/\/nzjz-split.hr\/wp-content\/uploads\/2021\/05\/nzjz-sdz-favicon-bg.png","width":220,"height":220,"caption":"Nastavni zavod za javno zdravstvo Splitsko - dalmatinske \u017eupanije"},"image":{"@id":"https:\/\/nzjz-split.hr\/#\/schema\/logo\/image\/"},"sameAs":["https:\/\/www.facebook.com\/NzjzSdz"]},{"@type":"Person","@id":"https:\/\/nzjz-split.hr\/#\/schema\/person\/b4b9f14518058e855f0658fe0f6605eb","name":"ForgeBIT","image":{"@type":"ImageObject","inLanguage":"en-GB","@id":"https:\/\/nzjz-split.hr\/wp-content\/litespeed\/avatar\/807534c1949a29c271544ad2598d14d6.jpg?ver=1777486818","url":"https:\/\/nzjz-split.hr\/wp-content\/litespeed\/avatar\/807534c1949a29c271544ad2598d14d6.jpg?ver=1777486818","contentUrl":"https:\/\/nzjz-split.hr\/wp-content\/litespeed\/avatar\/807534c1949a29c271544ad2598d14d6.jpg?ver=1777486818","caption":"ForgeBIT"},"sameAs":["https:\/\/nzjz-split.hr\/wordpress"]}]}},"_links":{"self":[{"href":"https:\/\/nzjz-split.hr\/en\/wp-json\/wp\/v2\/posts\/2224","targetHints":{"allow":["GET"]}}],"collection":[{"href":"https:\/\/nzjz-split.hr\/en\/wp-json\/wp\/v2\/posts"}],"about":[{"href":"https:\/\/nzjz-split.hr\/en\/wp-json\/wp\/v2\/types\/post"}],"author":[{"embeddable":true,"href":"https:\/\/nzjz-split.hr\/en\/wp-json\/wp\/v2\/users\/1"}],"replies":[{"embeddable":true,"href":"https:\/\/nzjz-split.hr\/en\/wp-json\/wp\/v2\/comments?post=2224"}],"version-history":[{"count":0,"href":"https:\/\/nzjz-split.hr\/en\/wp-json\/wp\/v2\/posts\/2224\/revisions"}],"wp:attachment":[{"href":"https:\/\/nzjz-split.hr\/en\/wp-json\/wp\/v2\/media?parent=2224"}],"wp:term":[{"taxonomy":"category","embeddable":true,"href":"https:\/\/nzjz-split.hr\/en\/wp-json\/wp\/v2\/categories?post=2224"},{"taxonomy":"post_tag","embeddable":true,"href":"https:\/\/nzjz-split.hr\/en\/wp-json\/wp\/v2\/tags?post=2224"}],"curies":[{"name":"wp","href":"https:\/\/api.w.org\/{rel}","templated":true}]}}