{"id":2226,"date":"2020-09-30T11:18:33","date_gmt":"2020-09-30T11:18:33","guid":{"rendered":"https:\/\/nzjz.wpengine.com\/2020\/09\/30\/medunarodni-dan-starijih-osoba-1-listopada-2020\/"},"modified":"2021-05-19T06:30:13","modified_gmt":"2021-05-19T06:30:13","slug":"medunarodni-dan-starijih-osoba-1-listopada-2020","status":"publish","type":"post","link":"https:\/\/nzjz-split.hr\/en\/medunarodni-dan-starijih-osoba-1-listopada-2020\/","title":{"rendered":"Me\u0111unarodni dan starijih osoba 1. listopada 2020."},"content":{"rendered":"<p>Glavna Skup\u0161tina Ujedinjenih naroda 14. prosinca 1990. proglasila je 1. listopada Me\u0111unarodnim danom starijih osoba, isti\u010du\u0107i zna\u010denje iskoristivog potencijala izrazito rastu\u0107eg svjetskog starijeg stanovni\u0161tva. <br \/>Ove 2020. godine obilje\u017eava se 75. godi\u0161njica Ujedinjenih naroda i 30. obljetnica Me\u0111unarodnog dana starijih osoba (UNIDOP). Ova godina obilje\u017eena je i pojavom novog koronavirusa, odnosno bolesti COVID-19, koji je izazvao preokret u cijelom svijetu. Ve\u0107 u samim po\u010decima \u0161irenja COVID-19 epidemije starija populacija je prepoznata kao rizi\u010dna za razvoj te\u017eeg oblika bolesti s mogu\u0107im smrtnim ishodom. S obzirom na ve\u0107e rizike s kojima se suo\u010davaju starije osobe va\u017eno je intervencije usmjeriti na podizanje svijesti o njihovim posebnim potrebama.<\/p>\n<p>  <!--more-->  <\/p>\n<p>Svjetska zdravstvena organizacija je tako\u0111er ovu godinu proglasila Godinom medicinskih sestara. UNIDOP 2020. isti\u010de ulogu medicinskih sestara i medicinskih tehni\u010dara u zdravstvenoj skrbi i njezi u doprinosu zdravlju starijih osoba.<br \/>Povodom Me\u0111unarodnog dana starijih osoba navodimo odabrana na\u010dela Ujedinjenih naroda o skrbi za starije ljude kako bi se osiguralo unapre\u0111enje za\u0161tite zdravlja starijih i pobolj\u0161anje kvalitete njihovog \u017eivljenja. <br \/>Starijim ljudima trebalo bi omogu\u0107iti:<br \/>\u2022\u00a0\u00a0 \u00a0dostupnost primjerene zdravstvene i socijalne skrbi, gerontolo\u0161ke i gerijatrijske za\u0161tite zdravlja starijih, sigurnog okoli\u0161a i kroz osiguranje dohotka, obiteljske podr\u0161ke i potpore zajednice, te kroz samopomo\u0107;<br \/>\u2022\u00a0\u00a0 \u00a0pravo na rad ili pristup drugim aktivnostima kojima bi se osigurao dohodak;<br \/>\u2022\u00a0\u00a0 \u00a0mogu\u0107nost sudjelovanja u odlu\u010divanju kada i prema kojem rasporedu \u0107e i\u0107i u mirovinu ovisno o funkcionalnoj sposobnosti i osiguranjem produljenja radnog vijeka;<br \/>\u2022\u00a0\u00a0 \u00a0pristup odgovaraju\u0107im obrazovnim programima i programima obuke za stjecanje razli\u010ditih novih vje\u0161tina i znanja;<br \/>\u2022\u00a0\u00a0 \u00a0\u017eivot u sigurnoj sredini koja se mo\u017ee prilagoditi osobnim potrebama, zdravstvenim i socijalnim u odnosu na funkcionalnu sposobnost starije osobe;<br \/>\u2022\u00a0\u00a0 \u00a0\u017eivot u vlastitom domu \u0161to je du\u017ee mogu\u0107e, \u0161to diktira razvoj izvaninstitucijske skrbi za starije, a kada nastupi bolesno starenje nu\u017eno je osigurati gerijatrijsku zdravstvenu njegu;<br \/>\u2022\u00a0\u00a0 \u00a0osiguranje aktivnog zdravog starenja i unapre\u0111enja kvalitete \u017eivljenja te osiguranje prava starijih;<br \/>\u2022\u00a0\u00a0 \u00a0imati neometan pristup zdravstvenoj skrbi koja \u0107e im omogu\u0107iti odr\u017eavanje i postizanje najbolje mogu\u0107e razine tjelesnoga, dru\u0161tvenog i emotivnog blagostanja, te sprije\u010diti ili odgoditi po\u010detak bolesti;<br \/>\u2022\u00a0\u00a0 \u00a0imati pristup socijalnim i zakonodavnim slu\u017ebama zbog pobolj\u0161anja samostalnosti, za\u0161tite i skrbi;<br \/>\u2022\u00a0\u00a0 \u00a0mo\u0107i koristiti odgovaraju\u0107e razine institucionalizirane skrbi kojom bi im se osigurala za\u0161tita, rehabilitacija te socijalni i dru\u0161tveni poticaji u humanoj i sigurnoj sredini;<br \/>\u2022\u00a0\u00a0 \u00a0mo\u0107i ostvariti ljudska prava i temeljne slobode tijekom boravka u bilo kakvoj ustanovi za skrb, lije\u010denje ili prihvat starijih ljudi, uklju\u010duju\u0107i cjelovito po\u0161tivanje njihovih vjerovanja, dostojanstva, potreba i privatnosti, kao i prava na odlu\u010divanje o vlastitoj skrbi i kvaliteti \u017eivljenja;<br \/>\u2022\u00a0\u00a0 \u00a0imati mogu\u0107nost ostvarenja cjelovita razvitka vlastitih potencijala;<br \/>\u2022\u00a0\u00a0 \u00a0imati pristup obrazovnim, kulturnim, duhovnim i rekreacijskim sredstvima dru\u0161tva u kojem \u017eive;<br \/>\u2022\u00a0\u00a0 \u00a0mo\u0107i dostojanstveno i sigurno \u017eivjeti te biti za\u0161ti\u0107eni od izrabljivanja i tjelesnog i du\u0161evnog zlostavljanja;<br \/>\u2022\u00a0\u00a0 \u00a0biti sigurni da \u0107e se s njima postupati po\u0161teno bez obzira na dob, rasnu ili etni\u010dku pripadnost, invaliditet ili drugi status.<br \/>Me\u0111unarodni dan starijih osoba ima za cilj podizanje svijesti o utjecaju starenja stanovni\u0161tva i potrebi da se osigura dostojanstveno starenje pojedincima, kako bi i dalje mogli sudjelovati u dru\u0161tvu kao gra\u0111ani s punim pravima. Stariji su integralni dio zajednice u kojoj aktivnim uklju\u010divanjem \u017eive, rade i stvaraju. <\/p>\n<p>Inga Vu\u010dica, dr. med., univ. mag. sanit. publ., spec. javnog zdravstva<br \/>Odjel \/ Centar za gerontologiju<br \/>Public Health and Health Promotion Service<\/p>","protected":false},"excerpt":{"rendered":"<p>Glavna Skup\u0161tina Ujedinjenih naroda 14. prosinca 1990. proglasila je 1. listopada Me\u0111unarodnim danom starijih osoba, isti\u010du\u0107i zna\u010denje iskoristivog potencijala izrazito rastu\u0107eg svjetskog starijeg stanovni\u0161tva. Ove 2020. godine obilje\u017eava se 75. godi\u0161njica Ujedinjenih naroda i 30. obljetnica Me\u0111unarodnog dana starijih osoba (UNIDOP). Ova godina obilje\u017eena je i pojavom novog koronavirusa, odnosno bolesti COVID-19, koji je izazvao [&hellip;]<\/p>\n","protected":false},"author":1,"featured_media":3973,"comment_status":"open","ping_status":"open","sticky":false,"template":"","format":"standard","meta":{"inline_featured_image":false,"footnotes":""},"categories":[16],"tags":[],"class_list":["post-2226","post","type-post","status-publish","format-standard","has-post-thumbnail","hentry","category-nekategorizirano"],"yoast_head":"<!-- This site is optimized with the Yoast SEO plugin v27.3 - https:\/\/yoast.com\/product\/yoast-seo-wordpress\/ -->\n<title>NZJZ SD\u017d - Me\u0111unarodni dan starijih osoba 1. listopada 2020.<\/title>\n<meta name=\"description\" content=\"Slu\u017ebene internet stranice Nastavnog Zavoda za javno zdravstvo Splitsko-dalmatinske \u017eupanije.\" \/>\n<meta name=\"robots\" content=\"index, follow, max-snippet:-1, max-image-preview:large, max-video-preview:-1\" \/>\n<link rel=\"canonical\" href=\"https:\/\/nzjz-split.hr\/en\/medunarodni-dan-starijih-osoba-1-listopada-2020\/\" \/>\n<meta property=\"og:locale\" content=\"en_GB\" \/>\n<meta property=\"og:type\" content=\"article\" \/>\n<meta property=\"og:title\" content=\"NZJZ SD\u017d - Me\u0111unarodni dan starijih osoba 1. listopada 2020.\" \/>\n<meta property=\"og:description\" content=\"Slu\u017ebene internet stranice Nastavnog Zavoda za javno zdravstvo Splitsko-dalmatinske \u017eupanije.\" \/>\n<meta property=\"og:url\" content=\"https:\/\/nzjz-split.hr\/en\/medunarodni-dan-starijih-osoba-1-listopada-2020\/\" \/>\n<meta property=\"og:site_name\" content=\"NZJZ SD\u017d\" \/>\n<meta property=\"article:publisher\" content=\"https:\/\/www.facebook.com\/NzjzSdz\" \/>\n<meta property=\"article:published_time\" content=\"2020-09-30T11:18:33+00:00\" \/>\n<meta property=\"article:modified_time\" content=\"2021-05-19T06:30:13+00:00\" \/>\n<meta property=\"og:image\" content=\"https:\/\/nzjz-split.hr\/wp-content\/uploads\/2021\/05\/2020_dan_starijih_osoba.jpg\" \/>\n\t<meta property=\"og:image:width\" content=\"700\" \/>\n\t<meta property=\"og:image:height\" content=\"525\" \/>\n\t<meta property=\"og:image:type\" content=\"image\/jpeg\" \/>\n<meta name=\"author\" content=\"ForgeBIT\" \/>\n<meta name=\"twitter:card\" content=\"summary_large_image\" \/>\n<meta name=\"twitter:label1\" content=\"Written by\" \/>\n\t<meta name=\"twitter:data1\" content=\"ForgeBIT\" \/>\n\t<meta name=\"twitter:label2\" content=\"Estimated reading time\" \/>\n\t<meta name=\"twitter:data2\" content=\"3 minutes\" \/>\n<script type=\"application\/ld+json\" class=\"yoast-schema-graph\">{\"@context\":\"https:\\\/\\\/schema.org\",\"@graph\":[{\"@type\":\"Article\",\"@id\":\"https:\\\/\\\/nzjz-split.hr\\\/en\\\/medunarodni-dan-starijih-osoba-1-listopada-2020\\\/#article\",\"isPartOf\":{\"@id\":\"https:\\\/\\\/nzjz-split.hr\\\/en\\\/medunarodni-dan-starijih-osoba-1-listopada-2020\\\/\"},\"author\":{\"name\":\"ForgeBIT\",\"@id\":\"https:\\\/\\\/nzjz-split.hr\\\/#\\\/schema\\\/person\\\/b4b9f14518058e855f0658fe0f6605eb\"},\"headline\":\"Me\u0111unarodni dan starijih osoba 1. listopada 2020.\",\"datePublished\":\"2020-09-30T11:18:33+00:00\",\"dateModified\":\"2021-05-19T06:30:13+00:00\",\"mainEntityOfPage\":{\"@id\":\"https:\\\/\\\/nzjz-split.hr\\\/en\\\/medunarodni-dan-starijih-osoba-1-listopada-2020\\\/\"},\"wordCount\":596,\"commentCount\":0,\"publisher\":{\"@id\":\"https:\\\/\\\/nzjz-split.hr\\\/#organization\"},\"image\":{\"@id\":\"https:\\\/\\\/nzjz-split.hr\\\/en\\\/medunarodni-dan-starijih-osoba-1-listopada-2020\\\/#primaryimage\"},\"thumbnailUrl\":\"https:\\\/\\\/nzjz-split.hr\\\/wp-content\\\/uploads\\\/2021\\\/05\\\/2020_dan_starijih_osoba.jpg\",\"articleSection\":[\"Nekategorizirano\"],\"inLanguage\":\"en-GB\",\"potentialAction\":[{\"@type\":\"CommentAction\",\"name\":\"Comment\",\"target\":[\"https:\\\/\\\/nzjz-split.hr\\\/en\\\/medunarodni-dan-starijih-osoba-1-listopada-2020\\\/#respond\"]}]},{\"@type\":\"WebPage\",\"@id\":\"https:\\\/\\\/nzjz-split.hr\\\/en\\\/medunarodni-dan-starijih-osoba-1-listopada-2020\\\/\",\"url\":\"https:\\\/\\\/nzjz-split.hr\\\/en\\\/medunarodni-dan-starijih-osoba-1-listopada-2020\\\/\",\"name\":\"NZJZ SD\u017d - Me\u0111unarodni dan starijih osoba 1. listopada 2020.\",\"isPartOf\":{\"@id\":\"https:\\\/\\\/nzjz-split.hr\\\/#website\"},\"primaryImageOfPage\":{\"@id\":\"https:\\\/\\\/nzjz-split.hr\\\/en\\\/medunarodni-dan-starijih-osoba-1-listopada-2020\\\/#primaryimage\"},\"image\":{\"@id\":\"https:\\\/\\\/nzjz-split.hr\\\/en\\\/medunarodni-dan-starijih-osoba-1-listopada-2020\\\/#primaryimage\"},\"thumbnailUrl\":\"https:\\\/\\\/nzjz-split.hr\\\/wp-content\\\/uploads\\\/2021\\\/05\\\/2020_dan_starijih_osoba.jpg\",\"datePublished\":\"2020-09-30T11:18:33+00:00\",\"dateModified\":\"2021-05-19T06:30:13+00:00\",\"description\":\"Slu\u017ebene internet stranice Nastavnog Zavoda za javno zdravstvo Splitsko-dalmatinske \u017eupanije.\",\"breadcrumb\":{\"@id\":\"https:\\\/\\\/nzjz-split.hr\\\/en\\\/medunarodni-dan-starijih-osoba-1-listopada-2020\\\/#breadcrumb\"},\"inLanguage\":\"en-GB\",\"potentialAction\":[{\"@type\":\"ReadAction\",\"target\":[\"https:\\\/\\\/nzjz-split.hr\\\/en\\\/medunarodni-dan-starijih-osoba-1-listopada-2020\\\/\"]}]},{\"@type\":\"ImageObject\",\"inLanguage\":\"en-GB\",\"@id\":\"https:\\\/\\\/nzjz-split.hr\\\/en\\\/medunarodni-dan-starijih-osoba-1-listopada-2020\\\/#primaryimage\",\"url\":\"https:\\\/\\\/nzjz-split.hr\\\/wp-content\\\/uploads\\\/2021\\\/05\\\/2020_dan_starijih_osoba.jpg\",\"contentUrl\":\"https:\\\/\\\/nzjz-split.hr\\\/wp-content\\\/uploads\\\/2021\\\/05\\\/2020_dan_starijih_osoba.jpg\",\"width\":700,\"height\":525,\"caption\":\"Me\u0111unarodni dan starijih osoba 1. listopada 2020.\"},{\"@type\":\"BreadcrumbList\",\"@id\":\"https:\\\/\\\/nzjz-split.hr\\\/en\\\/medunarodni-dan-starijih-osoba-1-listopada-2020\\\/#breadcrumb\",\"itemListElement\":[{\"@type\":\"ListItem\",\"position\":1,\"name\":\"Naslovnica\",\"item\":\"https:\\\/\\\/nzjz-split.hr\\\/\"},{\"@type\":\"ListItem\",\"position\":2,\"name\":\"Me\u0111unarodni dan starijih osoba 1. listopada 2020.\"}]},{\"@type\":\"WebSite\",\"@id\":\"https:\\\/\\\/nzjz-split.hr\\\/#website\",\"url\":\"https:\\\/\\\/nzjz-split.hr\\\/\",\"name\":\"NZJZ SD\u017d\",\"description\":\"Nastavni zavod za javno zdravstvo Splitsko - dalmatinske \u017eupanije\",\"publisher\":{\"@id\":\"https:\\\/\\\/nzjz-split.hr\\\/#organization\"},\"potentialAction\":[{\"@type\":\"SearchAction\",\"target\":{\"@type\":\"EntryPoint\",\"urlTemplate\":\"https:\\\/\\\/nzjz-split.hr\\\/?s={search_term_string}\"},\"query-input\":{\"@type\":\"PropertyValueSpecification\",\"valueRequired\":true,\"valueName\":\"search_term_string\"}}],\"inLanguage\":\"en-GB\"},{\"@type\":\"Organization\",\"@id\":\"https:\\\/\\\/nzjz-split.hr\\\/#organization\",\"name\":\"Nastavni zavod za javno zdravstvo Splitsko - dalmatinske \u017eupanije\",\"url\":\"https:\\\/\\\/nzjz-split.hr\\\/\",\"logo\":{\"@type\":\"ImageObject\",\"inLanguage\":\"en-GB\",\"@id\":\"https:\\\/\\\/nzjz-split.hr\\\/#\\\/schema\\\/logo\\\/image\\\/\",\"url\":\"https:\\\/\\\/nzjz-split.hr\\\/wp-content\\\/uploads\\\/2021\\\/05\\\/nzjz-sdz-favicon-bg.png\",\"contentUrl\":\"https:\\\/\\\/nzjz-split.hr\\\/wp-content\\\/uploads\\\/2021\\\/05\\\/nzjz-sdz-favicon-bg.png\",\"width\":220,\"height\":220,\"caption\":\"Nastavni zavod za javno zdravstvo Splitsko - dalmatinske \u017eupanije\"},\"image\":{\"@id\":\"https:\\\/\\\/nzjz-split.hr\\\/#\\\/schema\\\/logo\\\/image\\\/\"},\"sameAs\":[\"https:\\\/\\\/www.facebook.com\\\/NzjzSdz\"]},{\"@type\":\"Person\",\"@id\":\"https:\\\/\\\/nzjz-split.hr\\\/#\\\/schema\\\/person\\\/b4b9f14518058e855f0658fe0f6605eb\",\"name\":\"ForgeBIT\",\"image\":{\"@type\":\"ImageObject\",\"inLanguage\":\"en-GB\",\"@id\":\"https:\\\/\\\/nzjz-split.hr\\\/wp-content\\\/litespeed\\\/avatar\\\/807534c1949a29c271544ad2598d14d6.jpg?ver=1777486818\",\"url\":\"https:\\\/\\\/nzjz-split.hr\\\/wp-content\\\/litespeed\\\/avatar\\\/807534c1949a29c271544ad2598d14d6.jpg?ver=1777486818\",\"contentUrl\":\"https:\\\/\\\/nzjz-split.hr\\\/wp-content\\\/litespeed\\\/avatar\\\/807534c1949a29c271544ad2598d14d6.jpg?ver=1777486818\",\"caption\":\"ForgeBIT\"},\"sameAs\":[\"https:\\\/\\\/nzjz-split.hr\\\/wordpress\"]}]}<\/script>\n<!-- \/ Yoast SEO plugin. -->","yoast_head_json":{"title":"NZJZ SD\u017d - Me\u0111unarodni dan starijih osoba 1. listopada 2020.","description":"Slu\u017ebene internet stranice Nastavnog Zavoda za javno zdravstvo Splitsko-dalmatinske \u017eupanije.","robots":{"index":"index","follow":"follow","max-snippet":"max-snippet:-1","max-image-preview":"max-image-preview:large","max-video-preview":"max-video-preview:-1"},"canonical":"https:\/\/nzjz-split.hr\/en\/medunarodni-dan-starijih-osoba-1-listopada-2020\/","og_locale":"en_GB","og_type":"article","og_title":"NZJZ SD\u017d - Me\u0111unarodni dan starijih osoba 1. listopada 2020.","og_description":"Slu\u017ebene internet stranice Nastavnog Zavoda za javno zdravstvo Splitsko-dalmatinske \u017eupanije.","og_url":"https:\/\/nzjz-split.hr\/en\/medunarodni-dan-starijih-osoba-1-listopada-2020\/","og_site_name":"NZJZ SD\u017d","article_publisher":"https:\/\/www.facebook.com\/NzjzSdz","article_published_time":"2020-09-30T11:18:33+00:00","article_modified_time":"2021-05-19T06:30:13+00:00","og_image":[{"width":700,"height":525,"url":"https:\/\/nzjz-split.hr\/wp-content\/uploads\/2021\/05\/2020_dan_starijih_osoba.jpg","type":"image\/jpeg"}],"author":"ForgeBIT","twitter_card":"summary_large_image","twitter_misc":{"Written by":"ForgeBIT","Estimated reading time":"3 minutes"},"schema":{"@context":"https:\/\/schema.org","@graph":[{"@type":"Article","@id":"https:\/\/nzjz-split.hr\/en\/medunarodni-dan-starijih-osoba-1-listopada-2020\/#article","isPartOf":{"@id":"https:\/\/nzjz-split.hr\/en\/medunarodni-dan-starijih-osoba-1-listopada-2020\/"},"author":{"name":"ForgeBIT","@id":"https:\/\/nzjz-split.hr\/#\/schema\/person\/b4b9f14518058e855f0658fe0f6605eb"},"headline":"Me\u0111unarodni dan starijih osoba 1. listopada 2020.","datePublished":"2020-09-30T11:18:33+00:00","dateModified":"2021-05-19T06:30:13+00:00","mainEntityOfPage":{"@id":"https:\/\/nzjz-split.hr\/en\/medunarodni-dan-starijih-osoba-1-listopada-2020\/"},"wordCount":596,"commentCount":0,"publisher":{"@id":"https:\/\/nzjz-split.hr\/#organization"},"image":{"@id":"https:\/\/nzjz-split.hr\/en\/medunarodni-dan-starijih-osoba-1-listopada-2020\/#primaryimage"},"thumbnailUrl":"https:\/\/nzjz-split.hr\/wp-content\/uploads\/2021\/05\/2020_dan_starijih_osoba.jpg","articleSection":["Nekategorizirano"],"inLanguage":"en-GB","potentialAction":[{"@type":"CommentAction","name":"Comment","target":["https:\/\/nzjz-split.hr\/en\/medunarodni-dan-starijih-osoba-1-listopada-2020\/#respond"]}]},{"@type":"WebPage","@id":"https:\/\/nzjz-split.hr\/en\/medunarodni-dan-starijih-osoba-1-listopada-2020\/","url":"https:\/\/nzjz-split.hr\/en\/medunarodni-dan-starijih-osoba-1-listopada-2020\/","name":"NZJZ SD\u017d - Me\u0111unarodni dan starijih osoba 1. listopada 2020.","isPartOf":{"@id":"https:\/\/nzjz-split.hr\/#website"},"primaryImageOfPage":{"@id":"https:\/\/nzjz-split.hr\/en\/medunarodni-dan-starijih-osoba-1-listopada-2020\/#primaryimage"},"image":{"@id":"https:\/\/nzjz-split.hr\/en\/medunarodni-dan-starijih-osoba-1-listopada-2020\/#primaryimage"},"thumbnailUrl":"https:\/\/nzjz-split.hr\/wp-content\/uploads\/2021\/05\/2020_dan_starijih_osoba.jpg","datePublished":"2020-09-30T11:18:33+00:00","dateModified":"2021-05-19T06:30:13+00:00","description":"Slu\u017ebene internet stranice Nastavnog Zavoda za javno zdravstvo Splitsko-dalmatinske \u017eupanije.","breadcrumb":{"@id":"https:\/\/nzjz-split.hr\/en\/medunarodni-dan-starijih-osoba-1-listopada-2020\/#breadcrumb"},"inLanguage":"en-GB","potentialAction":[{"@type":"ReadAction","target":["https:\/\/nzjz-split.hr\/en\/medunarodni-dan-starijih-osoba-1-listopada-2020\/"]}]},{"@type":"ImageObject","inLanguage":"en-GB","@id":"https:\/\/nzjz-split.hr\/en\/medunarodni-dan-starijih-osoba-1-listopada-2020\/#primaryimage","url":"https:\/\/nzjz-split.hr\/wp-content\/uploads\/2021\/05\/2020_dan_starijih_osoba.jpg","contentUrl":"https:\/\/nzjz-split.hr\/wp-content\/uploads\/2021\/05\/2020_dan_starijih_osoba.jpg","width":700,"height":525,"caption":"Me\u0111unarodni dan starijih osoba 1. listopada 2020."},{"@type":"BreadcrumbList","@id":"https:\/\/nzjz-split.hr\/en\/medunarodni-dan-starijih-osoba-1-listopada-2020\/#breadcrumb","itemListElement":[{"@type":"ListItem","position":1,"name":"Naslovnica","item":"https:\/\/nzjz-split.hr\/"},{"@type":"ListItem","position":2,"name":"Me\u0111unarodni dan starijih osoba 1. listopada 2020."}]},{"@type":"WebSite","@id":"https:\/\/nzjz-split.hr\/#website","url":"https:\/\/nzjz-split.hr\/","name":"NZJZ SD\u017d","description":"Teaching Institute for Public Health, Split - Dalmatia County","publisher":{"@id":"https:\/\/nzjz-split.hr\/#organization"},"potentialAction":[{"@type":"SearchAction","target":{"@type":"EntryPoint","urlTemplate":"https:\/\/nzjz-split.hr\/?s={search_term_string}"},"query-input":{"@type":"PropertyValueSpecification","valueRequired":true,"valueName":"search_term_string"}}],"inLanguage":"en-GB"},{"@type":"Organization","@id":"https:\/\/nzjz-split.hr\/#organization","name":"Teaching Institute for Public Health, Split - Dalmatia County","url":"https:\/\/nzjz-split.hr\/","logo":{"@type":"ImageObject","inLanguage":"en-GB","@id":"https:\/\/nzjz-split.hr\/#\/schema\/logo\/image\/","url":"https:\/\/nzjz-split.hr\/wp-content\/uploads\/2021\/05\/nzjz-sdz-favicon-bg.png","contentUrl":"https:\/\/nzjz-split.hr\/wp-content\/uploads\/2021\/05\/nzjz-sdz-favicon-bg.png","width":220,"height":220,"caption":"Nastavni zavod za javno zdravstvo Splitsko - dalmatinske \u017eupanije"},"image":{"@id":"https:\/\/nzjz-split.hr\/#\/schema\/logo\/image\/"},"sameAs":["https:\/\/www.facebook.com\/NzjzSdz"]},{"@type":"Person","@id":"https:\/\/nzjz-split.hr\/#\/schema\/person\/b4b9f14518058e855f0658fe0f6605eb","name":"ForgeBIT","image":{"@type":"ImageObject","inLanguage":"en-GB","@id":"https:\/\/nzjz-split.hr\/wp-content\/litespeed\/avatar\/807534c1949a29c271544ad2598d14d6.jpg?ver=1777486818","url":"https:\/\/nzjz-split.hr\/wp-content\/litespeed\/avatar\/807534c1949a29c271544ad2598d14d6.jpg?ver=1777486818","contentUrl":"https:\/\/nzjz-split.hr\/wp-content\/litespeed\/avatar\/807534c1949a29c271544ad2598d14d6.jpg?ver=1777486818","caption":"ForgeBIT"},"sameAs":["https:\/\/nzjz-split.hr\/wordpress"]}]}},"_links":{"self":[{"href":"https:\/\/nzjz-split.hr\/en\/wp-json\/wp\/v2\/posts\/2226","targetHints":{"allow":["GET"]}}],"collection":[{"href":"https:\/\/nzjz-split.hr\/en\/wp-json\/wp\/v2\/posts"}],"about":[{"href":"https:\/\/nzjz-split.hr\/en\/wp-json\/wp\/v2\/types\/post"}],"author":[{"embeddable":true,"href":"https:\/\/nzjz-split.hr\/en\/wp-json\/wp\/v2\/users\/1"}],"replies":[{"embeddable":true,"href":"https:\/\/nzjz-split.hr\/en\/wp-json\/wp\/v2\/comments?post=2226"}],"version-history":[{"count":0,"href":"https:\/\/nzjz-split.hr\/en\/wp-json\/wp\/v2\/posts\/2226\/revisions"}],"wp:featuredmedia":[{"embeddable":true,"href":"https:\/\/nzjz-split.hr\/en\/wp-json\/wp\/v2\/media\/3973"}],"wp:attachment":[{"href":"https:\/\/nzjz-split.hr\/en\/wp-json\/wp\/v2\/media?parent=2226"}],"wp:term":[{"taxonomy":"category","embeddable":true,"href":"https:\/\/nzjz-split.hr\/en\/wp-json\/wp\/v2\/categories?post=2226"},{"taxonomy":"post_tag","embeddable":true,"href":"https:\/\/nzjz-split.hr\/en\/wp-json\/wp\/v2\/tags?post=2226"}],"curies":[{"name":"wp","href":"https:\/\/api.w.org\/{rel}","templated":true}]}}