{"id":26001,"date":"2026-04-02T08:11:24","date_gmt":"2026-04-02T06:11:24","guid":{"rendered":"https:\/\/nzjz-split.hr\/?p=26001"},"modified":"2026-04-02T08:11:25","modified_gmt":"2026-04-02T06:11:25","slug":"krpeljni-meningoencefalitis-2","status":"publish","type":"post","link":"https:\/\/nzjz-split.hr\/en\/krpeljni-meningoencefalitis-2\/","title":{"rendered":"Krpeljni meningoencefalitis"},"content":{"rendered":"<p>Krpeljni meningoencefalitis (KME) je upalna bolest sredi\u0161njeg \u017eiv\u010danog sustava uzrokovana virusom krpeljnog meningoencefalitisa iz roda Flavivirus, obitelji Flaviviridae.<\/p>\n\n\n\n<p>Prvi je put izoliran u Rusiji 1937. godine iz krvi pacijenta i zara\u017eenog krpelja.<sup> &nbsp;<\/sup>Virus se na \u010dovjeka prenosi prvenstveno ubodom zara\u017eenog krpelja roda Ixodes. Krpelj slu\u017ei kao vektor u prijenosu bolesti, a prirodni rezervoar su sitni \u0161umski glodavci i ptice. Ljudi su zapravo krajnji doma\u0107ini za virus krpeljnog meningoencefalitisa jer tijekom bolesti ne razviju dovoljno visoke razine virusa u krvi da bi se drugi krpelj pri ugrizu zarazio i dalje prenosio bolest. Tako\u0111er se virus ne prenosi niti s \u010dovjeka na \u010dovjeka, osim u rijetkim zabilje\u017eenim slu\u010dajevima transfuzijim krvi, transplantacijom organa i dojenjem. Zbog ove mogu\u0107nosti ljudi koji su dijagnosticirani s krpeljnim meningoencefalitisom ne smiju donirati krv niti ko\u0161tanu sr\u017e slijede\u0107ih 120 dana nakon infekcije. Rijetko je mogu\u0107a zaraza pijenjem i jedenjem nepasteriziranog mlijeka od inficiranih krava, koza i ovaca.<\/p>\n\n\n\n<figure class=\"wp-block-image aligncenter size-full is-resized is-style-rounded\"><img fetchpriority=\"high\" decoding=\"async\" width=\"1280\" height=\"898\" src=\"https:\/\/nzjz-split.hr\/wp-content\/uploads\/2024\/05\/krpelj.jpg\" alt=\"krpelj\" class=\"wp-image-23045\" style=\"width:458px;height:auto\" srcset=\"https:\/\/nzjz-split.hr\/wp-content\/uploads\/2024\/05\/krpelj.jpg 1280w, https:\/\/nzjz-split.hr\/wp-content\/uploads\/2024\/05\/krpelj-18x12.jpg 18w, https:\/\/nzjz-split.hr\/wp-content\/uploads\/2024\/05\/krpelj-600x421.jpg 600w\" sizes=\"(max-width: 1280px) 100vw, 1280px\" \/><\/figure>\n\n\n\n<div style=\"height:17px\" aria-hidden=\"true\" class=\"wp-block-spacer\"><\/div>\n\n\n\n<p>Bolest se javlja u \u0161irokom geografskom podru\u010dju od zapadne i sjeverne Europe (Litva, Latvija, Estonia, Slovenija, \u010ce\u0161ka Republika, Austrija, \u0160vedska, Finska, Norve\u0161ka, \u0160vicarska, Slova\u010dka, Ma\u0111arska, Poljska, Njema\u010dka, Francuska i Hrvatska) do Rusije, Japana i Kine. U posljednja dva deselje\u0107a zabilje\u017eena su nova endemska \u017eari\u0161ta i porast u broju slu\u010dajeva u vi\u0161e europskih zemalja.<sup> &nbsp;<\/sup>Tako je primjerice u Nizozemskoj virus prvi put detektiran 2016., a u Ujedinjenom Kraljevstvu 2019. o\u010dekuje se da \u0107e broj zahva\u0107enih podru\u010dja rasti zbog globalnog zatopljenja.<sup> &nbsp;<\/sup>Najve\u0107i broj oboljelih od KME prema zemljopisnoj pro\u0161irenosti u Hrvatskoj je na podru\u010dju Koprivni\u010dko-kri\u017eeva\u010dke i Bjelovarske-bilogorske \u017eupanije, a zatim slijede Vara\u017edinska i Me\u0111imurska \u017eupanija, a ta su podru\u010dja ve\u0107 desetlje\u0107ima poznata kao prirodna \u017eari\u0161ta ove bolesti. Odnedavno se bolest pojavljuje i u Gorskom Kotaru.Nisu svi krpelji u nekom endemskom kraju zara\u017eeni s ovim virusom, ali u nekim podru\u010djima mo\u017ee biti i do 10% zara\u017eenih krpelja.Krpelji se nalaze na listovima i granama grmova, niskog raslinja (visine do 1 m), u \u0161ikarama, odnosno prete\u017eno u prizemnom sloju \u0161uma. Prema tome boravak u prirodi, osobito me\u0111u niskim raslinjem, povezan je s rizikom od mogu\u0107eg kontakta s krpeljima tako da bolest naj\u010de\u0161\u0107e poga\u0111a osobe koje profesionalno borave u tim podru\u010djima (poljoprivrednici, \u0161umski radnici) ili izletnike u prirodu koji do\u0111u u kontakt s krpeljima. Krpelji imaju svoju sezonsku aktivnost koja ovisi o povoljnoj temperaturi i vla\u017enosti te je najve\u0107a od prolje\u0107a do jeseni (od travnja do studenog).<\/p>\n\n\n\n<p>Postoje tri razli\u010dita podtipa virusa krpeljnog meningoencefalitisa: europski, dalekoisto\u010dni i sibirski. Nalaze se u razli\u010ditim geografskim podru\u010djima te uzrokuju razli\u010dito te\u0161ku klini\u010dku sliku.<\/p>\n\n\n\n<p>Mnogi ljudi inficirani virusom krpeljnog meningoencefalitisa uop\u0107e ne razviju simptome. Infekcija dovodi do klini\u010dke slike krpeljnog meningoencefalitisa kod prosje\u010dno jedne od tri inficirane osobe. Oko tri \u010detvrtine pacijenta mo\u017ee se prisjetiti uboda krpelja prosje\u010dno 7 dana od po\u010detka simptoma (inkubacija je obi\u010dno 7 do 14 dana, no mo\u017ee varirati od 4 do 28 dana). Bolest se javlja u dvije faze, prvo kao febrilna bolest s malaksalo\u0161\u0107u, glavoboljom, mu\u010dninom, povra\u0107anjem i bolovima u mi\u0161i\u0107ima. Kroz tjedan dana ovi se simptomi povuku i kod ve\u0107ine pacijenata nema drugih znakova bolesti. Kod nekih pacijenata me\u0111utim remisija simptoma traje 2 do 8 dana (raspon 1 do 20 dana) nakon \u010dega se javlja druga faza bolesti s izra\u017eenim neurolo\u0161kim simptomima.<sup> &nbsp;<\/sup>Simptomi zahva\u0107enosti sredi\u0161njeg \u017eiv\u010danog sustava mogu biti u vidu meningitisa i\/ili encefalitisa, mijelitisa, paralize i radikulitisa.<\/p>\n\n\n\n<p>Europski podtip bolesti je povezan s lak\u0161om klini\u010dkom slikom bolesti, 20-30% pacijenata razvije drugu fazu bolesti, stopa mortaliteta je od 0,5-2%, a ozbiljne neurolo\u0161ke posljedice zaostanu u do 10% pacijenata. Kod djece je druga faza bolesti obi\u010dno ograni\u010dena na meningitis, dok kod starijih od 40 godina u ve\u0107em postotku se razvije encefalitis, te su i vi\u0161e stope smrtnosti i dugotrajnije neurolo\u0161ke komplikacije kod osoba starijih od 60 godina.<\/p>\n\n\n\n<p>Dalekoisto\u010dni podtip je povezan s te\u017eom klini\u010dkom slikom bolesti, stopom mortaliteta do 35% i ve\u0107om u\u010destalosti ozbiljnih neurolo\u0161kih posljedica.<\/p>\n\n\n\n<p>Sibirski podtip bolesti predstavlja manje te\u0161ku bolest od dalekoisto\u010dnog, stopa smrtnosti je od 1-3%, a \u010desto se razvija kroni\u010dna i prolongirana infekcija.<\/p>\n\n\n\n<p>Bolest se dokazuje laboratorijskom potvrdom specifi\u010dnih KME IgM protutijela metodom<em> ELISA<\/em> ili dokazom virusne nukleinske kiseline u klini\u010dkom uzorku (krv ili cerebrospinalni likvor) metodom PCR. KME protutijela pojavljuju se od 0-6 dana nakon po\u010detka bolesti i mogu biti prisutna do 10 mjeseci kod osoba koje su preboljele infekciju ili su cijepljene.<\/p>\n\n\n\n<p>Bolest se prevenira za\u0161titom od krpelja i cijepljenjem. Za\u0161titi se od krpelja mo\u017eemo nano\u0161enjem repelenata prije odlaska u prirodu, no\u0161enjem za\u0161titne odje\u0107e kod boravka u prirodi, s dugim rukavima i dugim nogavicama hla\u010da umetnutim u \u010darape, izbjegavati provla\u010denje kroz grmlje te nakon povratka iz prirode dobro pregledati tijelo (krpelj satima tra\u017ei pogodno mjesto za hranjenje). Ako se krpelj ve\u0107 u\u010dvrstio za ko\u017eu, ne savjetuje se primjena nikakvih sredstava (alkohola, ulja), nego ga samo uhvatiti dezinficiranom pincetom i laganim povla\u010denjem izvu\u0107i iz ko\u017ee. Mjesto uboda zatim dobro isprati vodom i sapunom te dezinficirati.<\/p>\n\n\n\n<p>Za osobe koje dulje borave u prirodi kao \u0161to su \u0161umari, \u0161umski radnici, vojnici, lovci, planinari, izletnici i turisti koji borave u endemskim krajevim gdje ima inficiranih krpelja, preporu\u010duje se cijepljenje. Cijepljenje se provodi trima dozama cjepiva protiv krpeljnog meningoencefalitisa kojima se posti\u017ee za\u0161tita tijekom tri do \u010detiri godine. Nakon tri godine treba se docijepiti jednom dozom, ako se \u017eeli zadr\u017eati odgovaraju\u0107a razina za\u0161tite. Najbolje se cijepiti u zimskim mjesecima kako bi se do prolje\u0107a kada krpelji postaju aktivni stekla potrebna razina za\u0161tite.<\/p>\n\n\n\n<p>Cijepiti se mo\u017ee u ambulanti Slu\u017ebe za epidemiologiju Nastavnog zavoda za javno zdravstvo Splitsko-dalmatinske \u017eupanije na adresi Vukovarska 46 u Splitu, svakog radnog dana od 08.00 do 14.00 sati bez prethodne najave.<\/p>\n\n\n\n<div style=\"height:17px\" aria-hidden=\"true\" class=\"wp-block-spacer\"><\/div>\n\n\n\n<p><strong>Petra Toma\u0161 Petri\u0107, dr. med., spec. epidemiologije<\/strong><\/p>\n\n\n\n<p><strong>Slu\u017eba za epidemiologiju NZJZ SD\u017d<\/strong><\/p>\n\n\n\n<div style=\"height:17px\" aria-hidden=\"true\" class=\"wp-block-spacer\"><\/div>","protected":false},"excerpt":{"rendered":"<p>Krpeljni meningoencefalitis (KME) je upalna bolest sredi\u0161njeg \u017eiv\u010danog sustava uzrokovana virusom krpeljnog meningoencefalitisa iz roda Flavivirus, obitelji Flaviviridae. Prvi je put izoliran u Rusiji 1937. godine iz krvi pacijenta i zara\u017eenog krpelja. &nbsp;Virus se na \u010dovjeka prenosi prvenstveno ubodom zara\u017eenog krpelja roda Ixodes. Krpelj slu\u017ei kao vektor u prijenosu bolesti, a prirodni rezervoar su sitni [&hellip;]<\/p>\n","protected":false},"author":7,"featured_media":23045,"comment_status":"open","ping_status":"open","sticky":false,"template":"","format":"standard","meta":{"inline_featured_image":false,"footnotes":""},"categories":[95],"tags":[],"class_list":["post-26001","post","type-post","status-publish","format-standard","has-post-thumbnail","hentry","category-javnozdravstvene-teme"],"yoast_head":"<!-- This site is optimized with the Yoast SEO plugin v27.3 - https:\/\/yoast.com\/product\/yoast-seo-wordpress\/ -->\n<title>NZJZ SD\u017d - Krpeljni meningoencefalitis<\/title>\n<meta name=\"description\" content=\"Slu\u017ebene internet stranice Nastavnog Zavoda za javno zdravstvo Splitsko-dalmatinske \u017eupanije.\" \/>\n<meta name=\"robots\" content=\"index, follow, max-snippet:-1, max-image-preview:large, max-video-preview:-1\" \/>\n<link rel=\"canonical\" href=\"https:\/\/nzjz-split.hr\/en\/krpeljni-meningoencefalitis-2\/\" \/>\n<meta property=\"og:locale\" content=\"en_GB\" \/>\n<meta property=\"og:type\" content=\"article\" \/>\n<meta property=\"og:title\" content=\"NZJZ SD\u017d - Krpeljni meningoencefalitis\" \/>\n<meta property=\"og:description\" content=\"Slu\u017ebene internet stranice Nastavnog Zavoda za javno zdravstvo Splitsko-dalmatinske \u017eupanije.\" \/>\n<meta property=\"og:url\" content=\"https:\/\/nzjz-split.hr\/en\/krpeljni-meningoencefalitis-2\/\" \/>\n<meta property=\"og:site_name\" content=\"NZJZ SD\u017d\" \/>\n<meta property=\"article:publisher\" content=\"https:\/\/www.facebook.com\/NzjzSdz\" \/>\n<meta property=\"article:published_time\" content=\"2026-04-02T06:11:24+00:00\" \/>\n<meta property=\"article:modified_time\" content=\"2026-04-02T06:11:25+00:00\" \/>\n<meta property=\"og:image\" content=\"https:\/\/nzjz-split.hr\/wp-content\/uploads\/2024\/05\/krpelj.jpg\" \/>\n\t<meta property=\"og:image:width\" content=\"1280\" \/>\n\t<meta property=\"og:image:height\" content=\"898\" \/>\n\t<meta property=\"og:image:type\" content=\"image\/jpeg\" \/>\n<meta name=\"author\" content=\"Ivana\" \/>\n<meta name=\"twitter:card\" content=\"summary_large_image\" \/>\n<meta name=\"twitter:label1\" content=\"Written by\" \/>\n\t<meta name=\"twitter:data1\" content=\"Ivana\" \/>\n\t<meta name=\"twitter:label2\" content=\"Estimated reading time\" \/>\n\t<meta name=\"twitter:data2\" content=\"6 minutes\" \/>\n<script type=\"application\/ld+json\" class=\"yoast-schema-graph\">{\"@context\":\"https:\\\/\\\/schema.org\",\"@graph\":[{\"@type\":\"Article\",\"@id\":\"https:\\\/\\\/nzjz-split.hr\\\/krpeljni-meningoencefalitis-2\\\/#article\",\"isPartOf\":{\"@id\":\"https:\\\/\\\/nzjz-split.hr\\\/krpeljni-meningoencefalitis-2\\\/\"},\"author\":{\"name\":\"Ivana\",\"@id\":\"https:\\\/\\\/nzjz-split.hr\\\/#\\\/schema\\\/person\\\/d4edbad591a948af8cd09b72b624197f\"},\"headline\":\"Krpeljni meningoencefalitis\",\"datePublished\":\"2026-04-02T06:11:24+00:00\",\"dateModified\":\"2026-04-02T06:11:25+00:00\",\"mainEntityOfPage\":{\"@id\":\"https:\\\/\\\/nzjz-split.hr\\\/krpeljni-meningoencefalitis-2\\\/\"},\"wordCount\":1025,\"commentCount\":0,\"publisher\":{\"@id\":\"https:\\\/\\\/nzjz-split.hr\\\/#organization\"},\"image\":{\"@id\":\"https:\\\/\\\/nzjz-split.hr\\\/krpeljni-meningoencefalitis-2\\\/#primaryimage\"},\"thumbnailUrl\":\"https:\\\/\\\/nzjz-split.hr\\\/wp-content\\\/uploads\\\/2024\\\/05\\\/krpelj.jpg\",\"articleSection\":[\"Javnozdravstvene teme\"],\"inLanguage\":\"en-GB\",\"potentialAction\":[{\"@type\":\"CommentAction\",\"name\":\"Comment\",\"target\":[\"https:\\\/\\\/nzjz-split.hr\\\/krpeljni-meningoencefalitis-2\\\/#respond\"]}]},{\"@type\":\"WebPage\",\"@id\":\"https:\\\/\\\/nzjz-split.hr\\\/krpeljni-meningoencefalitis-2\\\/\",\"url\":\"https:\\\/\\\/nzjz-split.hr\\\/krpeljni-meningoencefalitis-2\\\/\",\"name\":\"NZJZ SD\u017d - Krpeljni meningoencefalitis\",\"isPartOf\":{\"@id\":\"https:\\\/\\\/nzjz-split.hr\\\/#website\"},\"primaryImageOfPage\":{\"@id\":\"https:\\\/\\\/nzjz-split.hr\\\/krpeljni-meningoencefalitis-2\\\/#primaryimage\"},\"image\":{\"@id\":\"https:\\\/\\\/nzjz-split.hr\\\/krpeljni-meningoencefalitis-2\\\/#primaryimage\"},\"thumbnailUrl\":\"https:\\\/\\\/nzjz-split.hr\\\/wp-content\\\/uploads\\\/2024\\\/05\\\/krpelj.jpg\",\"datePublished\":\"2026-04-02T06:11:24+00:00\",\"dateModified\":\"2026-04-02T06:11:25+00:00\",\"description\":\"Slu\u017ebene internet stranice Nastavnog Zavoda za javno zdravstvo Splitsko-dalmatinske \u017eupanije.\",\"breadcrumb\":{\"@id\":\"https:\\\/\\\/nzjz-split.hr\\\/krpeljni-meningoencefalitis-2\\\/#breadcrumb\"},\"inLanguage\":\"en-GB\",\"potentialAction\":[{\"@type\":\"ReadAction\",\"target\":[\"https:\\\/\\\/nzjz-split.hr\\\/krpeljni-meningoencefalitis-2\\\/\"]}]},{\"@type\":\"ImageObject\",\"inLanguage\":\"en-GB\",\"@id\":\"https:\\\/\\\/nzjz-split.hr\\\/krpeljni-meningoencefalitis-2\\\/#primaryimage\",\"url\":\"https:\\\/\\\/nzjz-split.hr\\\/wp-content\\\/uploads\\\/2024\\\/05\\\/krpelj.jpg\",\"contentUrl\":\"https:\\\/\\\/nzjz-split.hr\\\/wp-content\\\/uploads\\\/2024\\\/05\\\/krpelj.jpg\",\"width\":1280,\"height\":898,\"caption\":\"krpelj\"},{\"@type\":\"BreadcrumbList\",\"@id\":\"https:\\\/\\\/nzjz-split.hr\\\/krpeljni-meningoencefalitis-2\\\/#breadcrumb\",\"itemListElement\":[{\"@type\":\"ListItem\",\"position\":1,\"name\":\"Naslovnica\",\"item\":\"https:\\\/\\\/nzjz-split.hr\\\/\"},{\"@type\":\"ListItem\",\"position\":2,\"name\":\"Krpeljni meningoencefalitis\"}]},{\"@type\":\"WebSite\",\"@id\":\"https:\\\/\\\/nzjz-split.hr\\\/#website\",\"url\":\"https:\\\/\\\/nzjz-split.hr\\\/\",\"name\":\"NZJZ SD\u017d\",\"description\":\"Nastavni zavod za javno zdravstvo Splitsko - dalmatinske \u017eupanije\",\"publisher\":{\"@id\":\"https:\\\/\\\/nzjz-split.hr\\\/#organization\"},\"potentialAction\":[{\"@type\":\"SearchAction\",\"target\":{\"@type\":\"EntryPoint\",\"urlTemplate\":\"https:\\\/\\\/nzjz-split.hr\\\/?s={search_term_string}\"},\"query-input\":{\"@type\":\"PropertyValueSpecification\",\"valueRequired\":true,\"valueName\":\"search_term_string\"}}],\"inLanguage\":\"en-GB\"},{\"@type\":\"Organization\",\"@id\":\"https:\\\/\\\/nzjz-split.hr\\\/#organization\",\"name\":\"Nastavni zavod za javno zdravstvo Splitsko - dalmatinske \u017eupanije\",\"url\":\"https:\\\/\\\/nzjz-split.hr\\\/\",\"logo\":{\"@type\":\"ImageObject\",\"inLanguage\":\"en-GB\",\"@id\":\"https:\\\/\\\/nzjz-split.hr\\\/#\\\/schema\\\/logo\\\/image\\\/\",\"url\":\"https:\\\/\\\/nzjz-split.hr\\\/wp-content\\\/uploads\\\/2021\\\/05\\\/nzjz-sdz-favicon-bg.png\",\"contentUrl\":\"https:\\\/\\\/nzjz-split.hr\\\/wp-content\\\/uploads\\\/2021\\\/05\\\/nzjz-sdz-favicon-bg.png\",\"width\":220,\"height\":220,\"caption\":\"Nastavni zavod za javno zdravstvo Splitsko - dalmatinske \u017eupanije\"},\"image\":{\"@id\":\"https:\\\/\\\/nzjz-split.hr\\\/#\\\/schema\\\/logo\\\/image\\\/\"},\"sameAs\":[\"https:\\\/\\\/www.facebook.com\\\/NzjzSdz\"]},{\"@type\":\"Person\",\"@id\":\"https:\\\/\\\/nzjz-split.hr\\\/#\\\/schema\\\/person\\\/d4edbad591a948af8cd09b72b624197f\",\"name\":\"Ivana\",\"image\":{\"@type\":\"ImageObject\",\"inLanguage\":\"en-GB\",\"@id\":\"https:\\\/\\\/nzjz-split.hr\\\/wp-content\\\/litespeed\\\/avatar\\\/f97b0586ae40a2bdc19519865286c20b.jpg?ver=1776881950\",\"url\":\"https:\\\/\\\/nzjz-split.hr\\\/wp-content\\\/litespeed\\\/avatar\\\/f97b0586ae40a2bdc19519865286c20b.jpg?ver=1776881950\",\"contentUrl\":\"https:\\\/\\\/nzjz-split.hr\\\/wp-content\\\/litespeed\\\/avatar\\\/f97b0586ae40a2bdc19519865286c20b.jpg?ver=1776881950\",\"caption\":\"Ivana\"}}]}<\/script>\n<!-- \/ Yoast SEO plugin. -->","yoast_head_json":{"title":"NZJZ SD\u017d - Krpeljni meningoencefalitis","description":"Slu\u017ebene internet stranice Nastavnog Zavoda za javno zdravstvo Splitsko-dalmatinske \u017eupanije.","robots":{"index":"index","follow":"follow","max-snippet":"max-snippet:-1","max-image-preview":"max-image-preview:large","max-video-preview":"max-video-preview:-1"},"canonical":"https:\/\/nzjz-split.hr\/en\/krpeljni-meningoencefalitis-2\/","og_locale":"en_GB","og_type":"article","og_title":"NZJZ SD\u017d - Krpeljni meningoencefalitis","og_description":"Slu\u017ebene internet stranice Nastavnog Zavoda za javno zdravstvo Splitsko-dalmatinske \u017eupanije.","og_url":"https:\/\/nzjz-split.hr\/en\/krpeljni-meningoencefalitis-2\/","og_site_name":"NZJZ SD\u017d","article_publisher":"https:\/\/www.facebook.com\/NzjzSdz","article_published_time":"2026-04-02T06:11:24+00:00","article_modified_time":"2026-04-02T06:11:25+00:00","og_image":[{"width":1280,"height":898,"url":"https:\/\/nzjz-split.hr\/wp-content\/uploads\/2024\/05\/krpelj.jpg","type":"image\/jpeg"}],"author":"Ivana","twitter_card":"summary_large_image","twitter_misc":{"Written by":"Ivana","Estimated reading time":"6 minutes"},"schema":{"@context":"https:\/\/schema.org","@graph":[{"@type":"Article","@id":"https:\/\/nzjz-split.hr\/krpeljni-meningoencefalitis-2\/#article","isPartOf":{"@id":"https:\/\/nzjz-split.hr\/krpeljni-meningoencefalitis-2\/"},"author":{"name":"Ivana","@id":"https:\/\/nzjz-split.hr\/#\/schema\/person\/d4edbad591a948af8cd09b72b624197f"},"headline":"Krpeljni meningoencefalitis","datePublished":"2026-04-02T06:11:24+00:00","dateModified":"2026-04-02T06:11:25+00:00","mainEntityOfPage":{"@id":"https:\/\/nzjz-split.hr\/krpeljni-meningoencefalitis-2\/"},"wordCount":1025,"commentCount":0,"publisher":{"@id":"https:\/\/nzjz-split.hr\/#organization"},"image":{"@id":"https:\/\/nzjz-split.hr\/krpeljni-meningoencefalitis-2\/#primaryimage"},"thumbnailUrl":"https:\/\/nzjz-split.hr\/wp-content\/uploads\/2024\/05\/krpelj.jpg","articleSection":["Javnozdravstvene teme"],"inLanguage":"en-GB","potentialAction":[{"@type":"CommentAction","name":"Comment","target":["https:\/\/nzjz-split.hr\/krpeljni-meningoencefalitis-2\/#respond"]}]},{"@type":"WebPage","@id":"https:\/\/nzjz-split.hr\/krpeljni-meningoencefalitis-2\/","url":"https:\/\/nzjz-split.hr\/krpeljni-meningoencefalitis-2\/","name":"NZJZ SD\u017d - Krpeljni meningoencefalitis","isPartOf":{"@id":"https:\/\/nzjz-split.hr\/#website"},"primaryImageOfPage":{"@id":"https:\/\/nzjz-split.hr\/krpeljni-meningoencefalitis-2\/#primaryimage"},"image":{"@id":"https:\/\/nzjz-split.hr\/krpeljni-meningoencefalitis-2\/#primaryimage"},"thumbnailUrl":"https:\/\/nzjz-split.hr\/wp-content\/uploads\/2024\/05\/krpelj.jpg","datePublished":"2026-04-02T06:11:24+00:00","dateModified":"2026-04-02T06:11:25+00:00","description":"Slu\u017ebene internet stranice Nastavnog Zavoda za javno zdravstvo Splitsko-dalmatinske \u017eupanije.","breadcrumb":{"@id":"https:\/\/nzjz-split.hr\/krpeljni-meningoencefalitis-2\/#breadcrumb"},"inLanguage":"en-GB","potentialAction":[{"@type":"ReadAction","target":["https:\/\/nzjz-split.hr\/krpeljni-meningoencefalitis-2\/"]}]},{"@type":"ImageObject","inLanguage":"en-GB","@id":"https:\/\/nzjz-split.hr\/krpeljni-meningoencefalitis-2\/#primaryimage","url":"https:\/\/nzjz-split.hr\/wp-content\/uploads\/2024\/05\/krpelj.jpg","contentUrl":"https:\/\/nzjz-split.hr\/wp-content\/uploads\/2024\/05\/krpelj.jpg","width":1280,"height":898,"caption":"krpelj"},{"@type":"BreadcrumbList","@id":"https:\/\/nzjz-split.hr\/krpeljni-meningoencefalitis-2\/#breadcrumb","itemListElement":[{"@type":"ListItem","position":1,"name":"Naslovnica","item":"https:\/\/nzjz-split.hr\/"},{"@type":"ListItem","position":2,"name":"Krpeljni meningoencefalitis"}]},{"@type":"WebSite","@id":"https:\/\/nzjz-split.hr\/#website","url":"https:\/\/nzjz-split.hr\/","name":"NZJZ SD\u017d","description":"Teaching Institute for Public Health, Split - Dalmatia County","publisher":{"@id":"https:\/\/nzjz-split.hr\/#organization"},"potentialAction":[{"@type":"SearchAction","target":{"@type":"EntryPoint","urlTemplate":"https:\/\/nzjz-split.hr\/?s={search_term_string}"},"query-input":{"@type":"PropertyValueSpecification","valueRequired":true,"valueName":"search_term_string"}}],"inLanguage":"en-GB"},{"@type":"Organization","@id":"https:\/\/nzjz-split.hr\/#organization","name":"Teaching Institute for Public Health, Split - Dalmatia County","url":"https:\/\/nzjz-split.hr\/","logo":{"@type":"ImageObject","inLanguage":"en-GB","@id":"https:\/\/nzjz-split.hr\/#\/schema\/logo\/image\/","url":"https:\/\/nzjz-split.hr\/wp-content\/uploads\/2021\/05\/nzjz-sdz-favicon-bg.png","contentUrl":"https:\/\/nzjz-split.hr\/wp-content\/uploads\/2021\/05\/nzjz-sdz-favicon-bg.png","width":220,"height":220,"caption":"Nastavni zavod za javno zdravstvo Splitsko - dalmatinske \u017eupanije"},"image":{"@id":"https:\/\/nzjz-split.hr\/#\/schema\/logo\/image\/"},"sameAs":["https:\/\/www.facebook.com\/NzjzSdz"]},{"@type":"Person","@id":"https:\/\/nzjz-split.hr\/#\/schema\/person\/d4edbad591a948af8cd09b72b624197f","name":"Ivana","image":{"@type":"ImageObject","inLanguage":"en-GB","@id":"https:\/\/nzjz-split.hr\/wp-content\/litespeed\/avatar\/f97b0586ae40a2bdc19519865286c20b.jpg?ver=1776881950","url":"https:\/\/nzjz-split.hr\/wp-content\/litespeed\/avatar\/f97b0586ae40a2bdc19519865286c20b.jpg?ver=1776881950","contentUrl":"https:\/\/nzjz-split.hr\/wp-content\/litespeed\/avatar\/f97b0586ae40a2bdc19519865286c20b.jpg?ver=1776881950","caption":"Ivana"}}]}},"_links":{"self":[{"href":"https:\/\/nzjz-split.hr\/en\/wp-json\/wp\/v2\/posts\/26001","targetHints":{"allow":["GET"]}}],"collection":[{"href":"https:\/\/nzjz-split.hr\/en\/wp-json\/wp\/v2\/posts"}],"about":[{"href":"https:\/\/nzjz-split.hr\/en\/wp-json\/wp\/v2\/types\/post"}],"author":[{"embeddable":true,"href":"https:\/\/nzjz-split.hr\/en\/wp-json\/wp\/v2\/users\/7"}],"replies":[{"embeddable":true,"href":"https:\/\/nzjz-split.hr\/en\/wp-json\/wp\/v2\/comments?post=26001"}],"version-history":[{"count":2,"href":"https:\/\/nzjz-split.hr\/en\/wp-json\/wp\/v2\/posts\/26001\/revisions"}],"predecessor-version":[{"id":27116,"href":"https:\/\/nzjz-split.hr\/en\/wp-json\/wp\/v2\/posts\/26001\/revisions\/27116"}],"wp:featuredmedia":[{"embeddable":true,"href":"https:\/\/nzjz-split.hr\/en\/wp-json\/wp\/v2\/media\/23045"}],"wp:attachment":[{"href":"https:\/\/nzjz-split.hr\/en\/wp-json\/wp\/v2\/media?parent=26001"}],"wp:term":[{"taxonomy":"category","embeddable":true,"href":"https:\/\/nzjz-split.hr\/en\/wp-json\/wp\/v2\/categories?post=26001"},{"taxonomy":"post_tag","embeddable":true,"href":"https:\/\/nzjz-split.hr\/en\/wp-json\/wp\/v2\/tags?post=26001"}],"curies":[{"name":"wp","href":"https:\/\/api.w.org\/{rel}","templated":true}]}}