{"id":28577,"date":"2025-10-16T08:50:43","date_gmt":"2025-10-16T06:50:43","guid":{"rendered":"https:\/\/nzjz-split.hr\/?p=28577"},"modified":"2025-10-16T09:32:45","modified_gmt":"2025-10-16T07:32:45","slug":"svjetski-dan-mozdanog-udara-2025","status":"publish","type":"post","link":"https:\/\/nzjz-split.hr\/en\/svjetski-dan-mozdanog-udara-2025\/","title":{"rendered":"Svjetski dan mo\u017edanog udara 2025."},"content":{"rendered":"<div data-elementor-type=\"wp-post\" data-elementor-id=\"28577\" class=\"elementor elementor-28577\" data-elementor-post-type=\"post\">\n\t\t\t\t\t\t<section class=\"elementor-section elementor-top-section elementor-element elementor-element-9025747 elementor-section-boxed elementor-section-height-default elementor-section-height-default\" data-id=\"9025747\" data-element_type=\"section\" data-e-type=\"section\">\n\t\t\t\t\t\t<div class=\"elementor-container elementor-column-gap-default\">\n\t\t\t\t\t<div class=\"elementor-column elementor-col-100 elementor-top-column elementor-element elementor-element-6dbbd37\" data-id=\"6dbbd37\" data-element_type=\"column\" data-e-type=\"column\">\n\t\t\t<div class=\"elementor-widget-wrap elementor-element-populated\">\n\t\t\t\t\t\t<div class=\"elementor-element elementor-element-d6c52f5 elementor-widget elementor-widget-spacer\" data-id=\"d6c52f5\" data-element_type=\"widget\" data-e-type=\"widget\" data-widget_type=\"spacer.default\">\n\t\t\t\t<div class=\"elementor-widget-container\">\n\t\t\t\t\t\t\t<div class=\"elementor-spacer\">\n\t\t\t<div class=\"elementor-spacer-inner\"><\/div>\n\t\t<\/div>\n\t\t\t\t\t\t<\/div>\n\t\t\t\t<\/div>\n\t\t\t\t\t<\/div>\n\t\t<\/div>\n\t\t\t\t\t<\/div>\n\t\t<\/section>\n\t\t\t\t<section class=\"elementor-section elementor-top-section elementor-element elementor-element-cd9f43c elementor-section-boxed elementor-section-height-default elementor-section-height-default\" data-id=\"cd9f43c\" data-element_type=\"section\" data-e-type=\"section\">\n\t\t\t\t\t\t<div class=\"elementor-container elementor-column-gap-default\">\n\t\t\t\t\t<div class=\"elementor-column elementor-col-100 elementor-top-column elementor-element elementor-element-751ff34\" data-id=\"751ff34\" data-element_type=\"column\" data-e-type=\"column\">\n\t\t\t<div class=\"elementor-widget-wrap elementor-element-populated\">\n\t\t\t\t\t\t<div class=\"elementor-element elementor-element-9cf570f elementor-widget elementor-widget-heading\" data-id=\"9cf570f\" data-element_type=\"widget\" data-e-type=\"widget\" data-widget_type=\"heading.default\">\n\t\t\t\t<div class=\"elementor-widget-container\">\n\t\t\t\t\t<h2 class=\"elementor-heading-title elementor-size-default\">Svjetski dan mo\u017edanog udara 2025.<\/h2>\t\t\t\t<\/div>\n\t\t\t\t<\/div>\n\t\t\t\t\t<\/div>\n\t\t<\/div>\n\t\t\t\t\t<\/div>\n\t\t<\/section>\n\t\t\t\t<section class=\"elementor-section elementor-top-section elementor-element elementor-element-321f247 elementor-section-boxed elementor-section-height-default elementor-section-height-default\" data-id=\"321f247\" data-element_type=\"section\" data-e-type=\"section\">\n\t\t\t\t\t\t<div class=\"elementor-container elementor-column-gap-default\">\n\t\t\t\t\t<div class=\"elementor-column elementor-col-100 elementor-top-column elementor-element elementor-element-ca599e9\" data-id=\"ca599e9\" data-element_type=\"column\" data-e-type=\"column\">\n\t\t\t<div class=\"elementor-widget-wrap elementor-element-populated\">\n\t\t\t\t\t\t<div class=\"elementor-element elementor-element-96db689 elementor-widget elementor-widget-spacer\" data-id=\"96db689\" data-element_type=\"widget\" data-e-type=\"widget\" data-widget_type=\"spacer.default\">\n\t\t\t\t<div class=\"elementor-widget-container\">\n\t\t\t\t\t\t\t<div class=\"elementor-spacer\">\n\t\t\t<div class=\"elementor-spacer-inner\"><\/div>\n\t\t<\/div>\n\t\t\t\t\t\t<\/div>\n\t\t\t\t<\/div>\n\t\t\t\t\t<\/div>\n\t\t<\/div>\n\t\t\t\t\t<\/div>\n\t\t<\/section>\n\t\t\t\t<section class=\"elementor-section elementor-top-section elementor-element elementor-element-5fe82e7 elementor-section-boxed elementor-section-height-default elementor-section-height-default\" data-id=\"5fe82e7\" data-element_type=\"section\" data-e-type=\"section\">\n\t\t\t\t\t\t<div class=\"elementor-container elementor-column-gap-default\">\n\t\t\t\t\t<div class=\"elementor-column elementor-col-100 elementor-top-column elementor-element elementor-element-c7c8066\" data-id=\"c7c8066\" data-element_type=\"column\" data-e-type=\"column\">\n\t\t\t<div class=\"elementor-widget-wrap elementor-element-populated\">\n\t\t\t\t\t\t<div class=\"elementor-element elementor-element-4a4e96c elementor-widget elementor-widget-text-editor\" data-id=\"4a4e96c\" data-element_type=\"widget\" data-e-type=\"widget\" data-widget_type=\"text-editor.default\">\n\t\t\t\t<div class=\"elementor-widget-container\">\n\t\t\t\t\t\t\t\t\t<p>Svjetski dan mo\u017edanog udara obilje\u017eava se 29. listopada svake godine kako bi se naglasila ozbiljnost ovog stanja i visoka stopa obolijevanja, podigla svijest o prevenciji te osigurala bolja skrb i potpora oboljelima.<\/p><p>Tema ovogodi\u0161nje globalne kampanje glasi: \u201e<strong>Svaka minuta je va\u017ena<\/strong>\u201c (engl.<em> Every Minute Counts<\/em>) \u0161to nagla\u0161ava va\u017enost brzog djelovanja kako bi se prepoznali znakovi mo\u017edanog udara i \u0161to prije zatra\u017eila medicinska pomo\u0107. Svako odga\u0111anje lije\u010denja dovodi do ve\u0107ih i nepopravljivih o\u0161te\u0107enja mo\u017edanih struktura, stoga je iznimno bitno osigurati pravodobnu i u\u010dinkovitu skrb.<\/p><p>Prema procjenama o globalnom bremenu bolesti iz 2021. mo\u017edani udar je drugi vode\u0107i uzrok smrti (oko 7 miljuna smrti godi\u0161nje u svijetu) i tre\u0107i vode\u0107i uzrok smrti i invaliditeta zajedno \u2013 ako to izrazimo pokazateljem DALY (engl. <em>Disability Adjusted Life Years \u2013 izgubljene <\/em>godine \u017eivota prilago\u0111ene invaliditetu) onda je to ukupno 160 milijuna DALY. Nova istra\u017eivanja pokazala su kako se u\u00a0 razdoblju 1990.-2021. incidencija mo\u017edanog udara pove\u0107ala za 70%, smrtni slu\u010dajevi od mo\u017edanog udara za 44%, a DALY na globalnoj razini za 32%, \u00a0pri \u010demu se ve\u0107ina navedenog odnosi na zemlje s niskom i srednjom razinom dohotka. Na globalnoj razini procijenjeni tro\u0161ak mo\u017edanog udara iznosi vi\u0161e id 890 milijardi ameri\u010dkih dolara godi\u0161nje, a predvi\u0111a se da \u0107e se udvostru\u010diti do 2050.<\/p><p>Jedan od vode\u0107ih rizi\u010dnih \u010dimbenika za nastanak mo\u017edanog udara je visok krvni tlak, dok ostali \u010dimbenici rizika uklju\u010duju pu\u0161enje, tjelesnu neaktivnost, nezdravu prehranu, konzumaciju alkohola, fibrilaciju atrija, povi\u0161enu razinu lipida u krvi, pretilost, genetsku predispoziciju, stres i depresiju. Osobe koje pre\u017eive mo\u017edani udar naj\u010de\u0161\u0107e se suo\u010davaju s odre\u0111enim stupnjem tjelesnog invaliditeta, pote\u0161ko\u0107ama u komunikaciji, ali i socijalnim posljedicama poput gubitka posla, prihoda i dru\u0161tvene uklju\u010denosti.<\/p><p>Klju\u010dni simptomi mo\u017edanog udara su opu\u0161teno lice, slabost ruke s jedne strane i pote\u0161ko\u0107e u govoru (mo\u017ee biti nerazgovijetan ili besmislen). Tako\u0111er se mogu pojaviti promjene u vidnom polju, kao i gubitak ravnote\u017ee, te vrtoglavica. Prepoznavanje znakova mo\u017edanog udara i tra\u017eenje hitne medicinske pomo\u0107i mo\u017ee spasiti \u017eivote i pobolj\u0161ati ishod za pre\u017eivjele.<\/p><p>U engleskom jeziku za prepoznavanje znakova mo\u017edanog udara koristi se skra\u0107enica <strong>FAST <\/strong>(engl. <em>fast <\/em>zna\u010di brzo), jer je klju\u010dno prepoznati znakove mo\u017edanog udara \u0161to br\u017ee, kako bi se pravodobno zapo\u010delo lije\u010denje.<\/p><p><strong>F<\/strong> (egl. <em>face<\/em>, lice) \u2013 <strong>slabost lica: <\/strong>Mo\u017ee li se osoba nasmije\u0161iti? Jesu li joj spu\u0161teni kut oka ili usta?<\/p><p><strong>A<\/strong> (engl. <em>arm<\/em>, ruka) \u2013 <strong>slabost ruku: <\/strong>Mo\u017ee li osoba podi\u0107i potpuno obje ruke i tako ih zadr\u017eati?<\/p><p><strong>S<\/strong> (engl. s<em>peech<\/em>, govor) \u2013 <strong>problemi s govorom: <\/strong>Govori li osoba razgovijetno i razumije li Vas?<\/p><p><strong>T <\/strong>(engl. <em>time,<\/em> vrijeme) \u2013 <strong>vrijeme za nazvati hitnu pomo\u0107 (194 ili 112): <\/strong>ako uo\u010dite bilo koji \u00a0znak<\/p><p>Dostupnost lije\u010denja, te brz i pravovremen pristup zdravstvenoj skrbi ne samo da spa\u0161ava \u017eivote osoba pogo\u0111enih mo\u017edanim udarom, ve\u0107 i pobolj\u0161ava njihov oporavak i umanjuje posljedice.<\/p><p>\u00a0<\/p><p><em>\u010clanak priredila: <\/em><\/p><p><strong>Prim. mr. Ivana Bo\u010dina, dr. med., spec, javnog zdravstva<\/strong><\/p><p><strong>Slu\u017eba za epidemiologiju NZJZ SD\u017d<\/strong><\/p><p>\u00a0<\/p><p><strong>Vi\u0161e o mo\u017edanom udaru mo\u017eete doznati na poveznici: <\/strong><a href=\"https:\/\/nzjz-split.hr\/en\/mozdani-udar-znakovi-lijecenje-prevencija\/\">https:\/\/nzjz-split.hr\/mozdani-udar-znakovi-lijecenje-prevencija\/<\/a><\/p>\t\t\t\t\t\t\t\t<\/div>\n\t\t\t\t<\/div>\n\t\t\t\t\t<\/div>\n\t\t<\/div>\n\t\t\t\t\t<\/div>\n\t\t<\/section>\n\t\t\t\t<section class=\"elementor-section elementor-top-section elementor-element elementor-element-e131eb3 elementor-section-boxed elementor-section-height-default elementor-section-height-default\" data-id=\"e131eb3\" data-element_type=\"section\" data-e-type=\"section\">\n\t\t\t\t\t\t<div class=\"elementor-container elementor-column-gap-default\">\n\t\t\t\t\t<div class=\"elementor-column elementor-col-100 elementor-top-column elementor-element elementor-element-33c6648\" data-id=\"33c6648\" data-element_type=\"column\" data-e-type=\"column\">\n\t\t\t<div class=\"elementor-widget-wrap elementor-element-populated\">\n\t\t\t\t\t\t<div class=\"elementor-element elementor-element-4c71e82 elementor-widget elementor-widget-spacer\" data-id=\"4c71e82\" data-element_type=\"widget\" data-e-type=\"widget\" data-widget_type=\"spacer.default\">\n\t\t\t\t<div class=\"elementor-widget-container\">\n\t\t\t\t\t\t\t<div class=\"elementor-spacer\">\n\t\t\t<div class=\"elementor-spacer-inner\"><\/div>\n\t\t<\/div>\n\t\t\t\t\t\t<\/div>\n\t\t\t\t<\/div>\n\t\t\t\t\t<\/div>\n\t\t<\/div>\n\t\t\t\t\t<\/div>\n\t\t<\/section>\n\t\t\t\t<section class=\"elementor-section elementor-top-section elementor-element elementor-element-b537f58 elementor-section-boxed elementor-section-height-default elementor-section-height-default\" data-id=\"b537f58\" data-element_type=\"section\" data-e-type=\"section\">\n\t\t\t\t\t\t<div class=\"elementor-container elementor-column-gap-default\">\n\t\t\t\t\t<div class=\"elementor-column elementor-col-100 elementor-top-column elementor-element elementor-element-57d9195\" data-id=\"57d9195\" data-element_type=\"column\" data-e-type=\"column\">\n\t\t\t<div class=\"elementor-widget-wrap elementor-element-populated\">\n\t\t\t\t\t\t<div class=\"elementor-element elementor-element-b8a140f elementor-widget elementor-widget-pdf_viewer\" data-id=\"b8a140f\" data-element_type=\"widget\" data-e-type=\"widget\" data-widget_type=\"pdf_viewer.default\">\n\t\t\t\t<div class=\"elementor-widget-container\">\n\t\t\t\t\t<iframe src=\"https:\/\/docs.google.com\/viewer?url=https:\/\/nzjz-split.hr\/wp-content\/uploads\/2025\/10\/wsd_2025_poster.pdf&amp;embedded=true\" style=\"display: block; margin-left: auto; margin-right: auto; width: 1500px; height: 975px;\" frameborder=\"1\" marginheight=\"0px\" marginwidth=\"0px\" allowfullscreen><\/iframe>\t\t\t\t<\/div>\n\t\t\t\t<\/div>\n\t\t\t\t<div class=\"elementor-element elementor-element-34c62d3 elementor-widget elementor-widget-spacer\" data-id=\"34c62d3\" data-element_type=\"widget\" data-e-type=\"widget\" data-widget_type=\"spacer.default\">\n\t\t\t\t<div class=\"elementor-widget-container\">\n\t\t\t\t\t\t\t<div class=\"elementor-spacer\">\n\t\t\t<div class=\"elementor-spacer-inner\"><\/div>\n\t\t<\/div>\n\t\t\t\t\t\t<\/div>\n\t\t\t\t<\/div>\n\t\t\t\t\t<\/div>\n\t\t<\/div>\n\t\t\t\t\t<\/div>\n\t\t<\/section>\n\t\t\t\t<\/div>","protected":false},"excerpt":{"rendered":"<p>Svjetski dan mo\u017edanog udara 2025. Svjetski dan mo\u017edanog udara obilje\u017eava se 29. listopada svake godine kako bi se naglasila ozbiljnost ovog stanja i visoka stopa obolijevanja, podigla svijest o prevenciji te osigurala bolja skrb i potpora oboljelima. Tema ovogodi\u0161nje globalne kampanje glasi: \u201eSvaka minuta je va\u017ena\u201c (engl. Every Minute Counts) \u0161to nagla\u0161ava va\u017enost brzog djelovanja [&hellip;]<\/p>\n","protected":false},"author":7,"featured_media":27034,"comment_status":"open","ping_status":"open","sticky":false,"template":"","format":"standard","meta":{"inline_featured_image":false,"footnotes":""},"categories":[80],"tags":[],"class_list":["post-28577","post","type-post","status-publish","format-standard","has-post-thumbnail","hentry","category-aktualno"],"yoast_head":"<!-- This site is optimized with the Yoast SEO plugin v27.3 - https:\/\/yoast.com\/product\/yoast-seo-wordpress\/ -->\n<title>NZJZ SD\u017d - Svjetski dan mo\u017edanog udara 2025.<\/title>\n<meta name=\"description\" content=\"Slu\u017ebene internet stranice Nastavnog Zavoda za javno zdravstvo Splitsko-dalmatinske \u017eupanije.\" \/>\n<meta name=\"robots\" content=\"index, follow, max-snippet:-1, max-image-preview:large, max-video-preview:-1\" \/>\n<link rel=\"canonical\" href=\"https:\/\/nzjz-split.hr\/en\/svjetski-dan-mozdanog-udara-2025\/\" \/>\n<meta property=\"og:locale\" content=\"en_GB\" \/>\n<meta property=\"og:type\" content=\"article\" \/>\n<meta property=\"og:title\" content=\"NZJZ SD\u017d - Svjetski dan mo\u017edanog udara 2025.\" \/>\n<meta property=\"og:description\" content=\"Slu\u017ebene internet stranice Nastavnog Zavoda za javno zdravstvo Splitsko-dalmatinske \u017eupanije.\" \/>\n<meta property=\"og:url\" content=\"https:\/\/nzjz-split.hr\/en\/svjetski-dan-mozdanog-udara-2025\/\" \/>\n<meta property=\"og:site_name\" content=\"NZJZ SD\u017d\" \/>\n<meta property=\"article:publisher\" content=\"https:\/\/www.facebook.com\/NzjzSdz\" \/>\n<meta property=\"article:published_time\" content=\"2025-10-16T06:50:43+00:00\" \/>\n<meta property=\"article:modified_time\" content=\"2025-10-16T07:32:45+00:00\" \/>\n<meta property=\"og:image\" content=\"https:\/\/nzjz-split.hr\/wp-content\/uploads\/2025\/06\/mozdani_c.jpg\" \/>\n\t<meta property=\"og:image:width\" content=\"800\" \/>\n\t<meta property=\"og:image:height\" content=\"435\" \/>\n\t<meta property=\"og:image:type\" content=\"image\/jpeg\" \/>\n<meta name=\"author\" content=\"Ivana\" \/>\n<meta name=\"twitter:card\" content=\"summary_large_image\" \/>\n<meta name=\"twitter:label1\" content=\"Written by\" \/>\n\t<meta name=\"twitter:data1\" content=\"Ivana\" \/>\n\t<meta name=\"twitter:label2\" content=\"Estimated reading time\" \/>\n\t<meta name=\"twitter:data2\" content=\"3 minutes\" \/>\n<script type=\"application\/ld+json\" class=\"yoast-schema-graph\">{\"@context\":\"https:\\\/\\\/schema.org\",\"@graph\":[{\"@type\":\"Article\",\"@id\":\"https:\\\/\\\/nzjz-split.hr\\\/svjetski-dan-mozdanog-udara-2025\\\/#article\",\"isPartOf\":{\"@id\":\"https:\\\/\\\/nzjz-split.hr\\\/svjetski-dan-mozdanog-udara-2025\\\/\"},\"author\":{\"name\":\"Ivana\",\"@id\":\"https:\\\/\\\/nzjz-split.hr\\\/#\\\/schema\\\/person\\\/d4edbad591a948af8cd09b72b624197f\"},\"headline\":\"Svjetski dan mo\u017edanog udara 2025.\",\"datePublished\":\"2025-10-16T06:50:43+00:00\",\"dateModified\":\"2025-10-16T07:32:45+00:00\",\"mainEntityOfPage\":{\"@id\":\"https:\\\/\\\/nzjz-split.hr\\\/svjetski-dan-mozdanog-udara-2025\\\/\"},\"wordCount\":560,\"commentCount\":0,\"publisher\":{\"@id\":\"https:\\\/\\\/nzjz-split.hr\\\/#organization\"},\"image\":{\"@id\":\"https:\\\/\\\/nzjz-split.hr\\\/svjetski-dan-mozdanog-udara-2025\\\/#primaryimage\"},\"thumbnailUrl\":\"https:\\\/\\\/nzjz-split.hr\\\/wp-content\\\/uploads\\\/2025\\\/06\\\/mozdani_c.jpg\",\"articleSection\":[\"Aktualno\"],\"inLanguage\":\"en-GB\",\"potentialAction\":[{\"@type\":\"CommentAction\",\"name\":\"Comment\",\"target\":[\"https:\\\/\\\/nzjz-split.hr\\\/svjetski-dan-mozdanog-udara-2025\\\/#respond\"]}]},{\"@type\":\"WebPage\",\"@id\":\"https:\\\/\\\/nzjz-split.hr\\\/svjetski-dan-mozdanog-udara-2025\\\/\",\"url\":\"https:\\\/\\\/nzjz-split.hr\\\/svjetski-dan-mozdanog-udara-2025\\\/\",\"name\":\"NZJZ SD\u017d - Svjetski dan mo\u017edanog udara 2025.\",\"isPartOf\":{\"@id\":\"https:\\\/\\\/nzjz-split.hr\\\/#website\"},\"primaryImageOfPage\":{\"@id\":\"https:\\\/\\\/nzjz-split.hr\\\/svjetski-dan-mozdanog-udara-2025\\\/#primaryimage\"},\"image\":{\"@id\":\"https:\\\/\\\/nzjz-split.hr\\\/svjetski-dan-mozdanog-udara-2025\\\/#primaryimage\"},\"thumbnailUrl\":\"https:\\\/\\\/nzjz-split.hr\\\/wp-content\\\/uploads\\\/2025\\\/06\\\/mozdani_c.jpg\",\"datePublished\":\"2025-10-16T06:50:43+00:00\",\"dateModified\":\"2025-10-16T07:32:45+00:00\",\"description\":\"Slu\u017ebene internet stranice Nastavnog Zavoda za javno zdravstvo Splitsko-dalmatinske \u017eupanije.\",\"breadcrumb\":{\"@id\":\"https:\\\/\\\/nzjz-split.hr\\\/svjetski-dan-mozdanog-udara-2025\\\/#breadcrumb\"},\"inLanguage\":\"en-GB\",\"potentialAction\":[{\"@type\":\"ReadAction\",\"target\":[\"https:\\\/\\\/nzjz-split.hr\\\/svjetski-dan-mozdanog-udara-2025\\\/\"]}]},{\"@type\":\"ImageObject\",\"inLanguage\":\"en-GB\",\"@id\":\"https:\\\/\\\/nzjz-split.hr\\\/svjetski-dan-mozdanog-udara-2025\\\/#primaryimage\",\"url\":\"https:\\\/\\\/nzjz-split.hr\\\/wp-content\\\/uploads\\\/2025\\\/06\\\/mozdani_c.jpg\",\"contentUrl\":\"https:\\\/\\\/nzjz-split.hr\\\/wp-content\\\/uploads\\\/2025\\\/06\\\/mozdani_c.jpg\",\"width\":4277,\"height\":2327,\"caption\":\"Man with a headache - Brain Stroke - X ray 3D Illustration with blue background\"},{\"@type\":\"BreadcrumbList\",\"@id\":\"https:\\\/\\\/nzjz-split.hr\\\/svjetski-dan-mozdanog-udara-2025\\\/#breadcrumb\",\"itemListElement\":[{\"@type\":\"ListItem\",\"position\":1,\"name\":\"Naslovnica\",\"item\":\"https:\\\/\\\/nzjz-split.hr\\\/\"},{\"@type\":\"ListItem\",\"position\":2,\"name\":\"Svjetski dan mo\u017edanog udara 2025.\"}]},{\"@type\":\"WebSite\",\"@id\":\"https:\\\/\\\/nzjz-split.hr\\\/#website\",\"url\":\"https:\\\/\\\/nzjz-split.hr\\\/\",\"name\":\"NZJZ SD\u017d\",\"description\":\"Nastavni zavod za javno zdravstvo Splitsko - dalmatinske \u017eupanije\",\"publisher\":{\"@id\":\"https:\\\/\\\/nzjz-split.hr\\\/#organization\"},\"potentialAction\":[{\"@type\":\"SearchAction\",\"target\":{\"@type\":\"EntryPoint\",\"urlTemplate\":\"https:\\\/\\\/nzjz-split.hr\\\/?s={search_term_string}\"},\"query-input\":{\"@type\":\"PropertyValueSpecification\",\"valueRequired\":true,\"valueName\":\"search_term_string\"}}],\"inLanguage\":\"en-GB\"},{\"@type\":\"Organization\",\"@id\":\"https:\\\/\\\/nzjz-split.hr\\\/#organization\",\"name\":\"Nastavni zavod za javno zdravstvo Splitsko - dalmatinske \u017eupanije\",\"url\":\"https:\\\/\\\/nzjz-split.hr\\\/\",\"logo\":{\"@type\":\"ImageObject\",\"inLanguage\":\"en-GB\",\"@id\":\"https:\\\/\\\/nzjz-split.hr\\\/#\\\/schema\\\/logo\\\/image\\\/\",\"url\":\"https:\\\/\\\/nzjz-split.hr\\\/wp-content\\\/uploads\\\/2021\\\/05\\\/nzjz-sdz-favicon-bg.png\",\"contentUrl\":\"https:\\\/\\\/nzjz-split.hr\\\/wp-content\\\/uploads\\\/2021\\\/05\\\/nzjz-sdz-favicon-bg.png\",\"width\":220,\"height\":220,\"caption\":\"Nastavni zavod za javno zdravstvo Splitsko - dalmatinske \u017eupanije\"},\"image\":{\"@id\":\"https:\\\/\\\/nzjz-split.hr\\\/#\\\/schema\\\/logo\\\/image\\\/\"},\"sameAs\":[\"https:\\\/\\\/www.facebook.com\\\/NzjzSdz\"]},{\"@type\":\"Person\",\"@id\":\"https:\\\/\\\/nzjz-split.hr\\\/#\\\/schema\\\/person\\\/d4edbad591a948af8cd09b72b624197f\",\"name\":\"Ivana\",\"image\":{\"@type\":\"ImageObject\",\"inLanguage\":\"en-GB\",\"@id\":\"https:\\\/\\\/nzjz-split.hr\\\/wp-content\\\/litespeed\\\/avatar\\\/f97b0586ae40a2bdc19519865286c20b.jpg?ver=1776881950\",\"url\":\"https:\\\/\\\/nzjz-split.hr\\\/wp-content\\\/litespeed\\\/avatar\\\/f97b0586ae40a2bdc19519865286c20b.jpg?ver=1776881950\",\"contentUrl\":\"https:\\\/\\\/nzjz-split.hr\\\/wp-content\\\/litespeed\\\/avatar\\\/f97b0586ae40a2bdc19519865286c20b.jpg?ver=1776881950\",\"caption\":\"Ivana\"}}]}<\/script>\n<!-- \/ Yoast SEO plugin. -->","yoast_head_json":{"title":"NZJZ SD\u017d - Svjetski dan mo\u017edanog udara 2025.","description":"Slu\u017ebene internet stranice Nastavnog Zavoda za javno zdravstvo Splitsko-dalmatinske \u017eupanije.","robots":{"index":"index","follow":"follow","max-snippet":"max-snippet:-1","max-image-preview":"max-image-preview:large","max-video-preview":"max-video-preview:-1"},"canonical":"https:\/\/nzjz-split.hr\/en\/svjetski-dan-mozdanog-udara-2025\/","og_locale":"en_GB","og_type":"article","og_title":"NZJZ SD\u017d - Svjetski dan mo\u017edanog udara 2025.","og_description":"Slu\u017ebene internet stranice Nastavnog Zavoda za javno zdravstvo Splitsko-dalmatinske \u017eupanije.","og_url":"https:\/\/nzjz-split.hr\/en\/svjetski-dan-mozdanog-udara-2025\/","og_site_name":"NZJZ SD\u017d","article_publisher":"https:\/\/www.facebook.com\/NzjzSdz","article_published_time":"2025-10-16T06:50:43+00:00","article_modified_time":"2025-10-16T07:32:45+00:00","og_image":[{"url":"https:\/\/nzjz-split.hr\/wp-content\/uploads\/2025\/06\/mozdani_c.jpg","width":800,"height":435,"type":"image\/jpeg"}],"author":"Ivana","twitter_card":"summary_large_image","twitter_misc":{"Written by":"Ivana","Estimated reading time":"3 minutes"},"schema":{"@context":"https:\/\/schema.org","@graph":[{"@type":"Article","@id":"https:\/\/nzjz-split.hr\/svjetski-dan-mozdanog-udara-2025\/#article","isPartOf":{"@id":"https:\/\/nzjz-split.hr\/svjetski-dan-mozdanog-udara-2025\/"},"author":{"name":"Ivana","@id":"https:\/\/nzjz-split.hr\/#\/schema\/person\/d4edbad591a948af8cd09b72b624197f"},"headline":"Svjetski dan mo\u017edanog udara 2025.","datePublished":"2025-10-16T06:50:43+00:00","dateModified":"2025-10-16T07:32:45+00:00","mainEntityOfPage":{"@id":"https:\/\/nzjz-split.hr\/svjetski-dan-mozdanog-udara-2025\/"},"wordCount":560,"commentCount":0,"publisher":{"@id":"https:\/\/nzjz-split.hr\/#organization"},"image":{"@id":"https:\/\/nzjz-split.hr\/svjetski-dan-mozdanog-udara-2025\/#primaryimage"},"thumbnailUrl":"https:\/\/nzjz-split.hr\/wp-content\/uploads\/2025\/06\/mozdani_c.jpg","articleSection":["Aktualno"],"inLanguage":"en-GB","potentialAction":[{"@type":"CommentAction","name":"Comment","target":["https:\/\/nzjz-split.hr\/svjetski-dan-mozdanog-udara-2025\/#respond"]}]},{"@type":"WebPage","@id":"https:\/\/nzjz-split.hr\/svjetski-dan-mozdanog-udara-2025\/","url":"https:\/\/nzjz-split.hr\/svjetski-dan-mozdanog-udara-2025\/","name":"NZJZ SD\u017d - Svjetski dan mo\u017edanog udara 2025.","isPartOf":{"@id":"https:\/\/nzjz-split.hr\/#website"},"primaryImageOfPage":{"@id":"https:\/\/nzjz-split.hr\/svjetski-dan-mozdanog-udara-2025\/#primaryimage"},"image":{"@id":"https:\/\/nzjz-split.hr\/svjetski-dan-mozdanog-udara-2025\/#primaryimage"},"thumbnailUrl":"https:\/\/nzjz-split.hr\/wp-content\/uploads\/2025\/06\/mozdani_c.jpg","datePublished":"2025-10-16T06:50:43+00:00","dateModified":"2025-10-16T07:32:45+00:00","description":"Slu\u017ebene internet stranice Nastavnog Zavoda za javno zdravstvo Splitsko-dalmatinske \u017eupanije.","breadcrumb":{"@id":"https:\/\/nzjz-split.hr\/svjetski-dan-mozdanog-udara-2025\/#breadcrumb"},"inLanguage":"en-GB","potentialAction":[{"@type":"ReadAction","target":["https:\/\/nzjz-split.hr\/svjetski-dan-mozdanog-udara-2025\/"]}]},{"@type":"ImageObject","inLanguage":"en-GB","@id":"https:\/\/nzjz-split.hr\/svjetski-dan-mozdanog-udara-2025\/#primaryimage","url":"https:\/\/nzjz-split.hr\/wp-content\/uploads\/2025\/06\/mozdani_c.jpg","contentUrl":"https:\/\/nzjz-split.hr\/wp-content\/uploads\/2025\/06\/mozdani_c.jpg","width":4277,"height":2327,"caption":"Man with a headache - Brain Stroke - X ray 3D Illustration with blue background"},{"@type":"BreadcrumbList","@id":"https:\/\/nzjz-split.hr\/svjetski-dan-mozdanog-udara-2025\/#breadcrumb","itemListElement":[{"@type":"ListItem","position":1,"name":"Naslovnica","item":"https:\/\/nzjz-split.hr\/"},{"@type":"ListItem","position":2,"name":"Svjetski dan mo\u017edanog udara 2025."}]},{"@type":"WebSite","@id":"https:\/\/nzjz-split.hr\/#website","url":"https:\/\/nzjz-split.hr\/","name":"NZJZ SD\u017d","description":"Teaching Institute for Public Health, Split - Dalmatia County","publisher":{"@id":"https:\/\/nzjz-split.hr\/#organization"},"potentialAction":[{"@type":"SearchAction","target":{"@type":"EntryPoint","urlTemplate":"https:\/\/nzjz-split.hr\/?s={search_term_string}"},"query-input":{"@type":"PropertyValueSpecification","valueRequired":true,"valueName":"search_term_string"}}],"inLanguage":"en-GB"},{"@type":"Organization","@id":"https:\/\/nzjz-split.hr\/#organization","name":"Teaching Institute for Public Health, Split - Dalmatia County","url":"https:\/\/nzjz-split.hr\/","logo":{"@type":"ImageObject","inLanguage":"en-GB","@id":"https:\/\/nzjz-split.hr\/#\/schema\/logo\/image\/","url":"https:\/\/nzjz-split.hr\/wp-content\/uploads\/2021\/05\/nzjz-sdz-favicon-bg.png","contentUrl":"https:\/\/nzjz-split.hr\/wp-content\/uploads\/2021\/05\/nzjz-sdz-favicon-bg.png","width":220,"height":220,"caption":"Nastavni zavod za javno zdravstvo Splitsko - dalmatinske \u017eupanije"},"image":{"@id":"https:\/\/nzjz-split.hr\/#\/schema\/logo\/image\/"},"sameAs":["https:\/\/www.facebook.com\/NzjzSdz"]},{"@type":"Person","@id":"https:\/\/nzjz-split.hr\/#\/schema\/person\/d4edbad591a948af8cd09b72b624197f","name":"Ivana","image":{"@type":"ImageObject","inLanguage":"en-GB","@id":"https:\/\/nzjz-split.hr\/wp-content\/litespeed\/avatar\/f97b0586ae40a2bdc19519865286c20b.jpg?ver=1776881950","url":"https:\/\/nzjz-split.hr\/wp-content\/litespeed\/avatar\/f97b0586ae40a2bdc19519865286c20b.jpg?ver=1776881950","contentUrl":"https:\/\/nzjz-split.hr\/wp-content\/litespeed\/avatar\/f97b0586ae40a2bdc19519865286c20b.jpg?ver=1776881950","caption":"Ivana"}}]}},"_links":{"self":[{"href":"https:\/\/nzjz-split.hr\/en\/wp-json\/wp\/v2\/posts\/28577","targetHints":{"allow":["GET"]}}],"collection":[{"href":"https:\/\/nzjz-split.hr\/en\/wp-json\/wp\/v2\/posts"}],"about":[{"href":"https:\/\/nzjz-split.hr\/en\/wp-json\/wp\/v2\/types\/post"}],"author":[{"embeddable":true,"href":"https:\/\/nzjz-split.hr\/en\/wp-json\/wp\/v2\/users\/7"}],"replies":[{"embeddable":true,"href":"https:\/\/nzjz-split.hr\/en\/wp-json\/wp\/v2\/comments?post=28577"}],"version-history":[{"count":25,"href":"https:\/\/nzjz-split.hr\/en\/wp-json\/wp\/v2\/posts\/28577\/revisions"}],"predecessor-version":[{"id":28613,"href":"https:\/\/nzjz-split.hr\/en\/wp-json\/wp\/v2\/posts\/28577\/revisions\/28613"}],"wp:featuredmedia":[{"embeddable":true,"href":"https:\/\/nzjz-split.hr\/en\/wp-json\/wp\/v2\/media\/27034"}],"wp:attachment":[{"href":"https:\/\/nzjz-split.hr\/en\/wp-json\/wp\/v2\/media?parent=28577"}],"wp:term":[{"taxonomy":"category","embeddable":true,"href":"https:\/\/nzjz-split.hr\/en\/wp-json\/wp\/v2\/categories?post=28577"},{"taxonomy":"post_tag","embeddable":true,"href":"https:\/\/nzjz-split.hr\/en\/wp-json\/wp\/v2\/tags?post=28577"}],"curies":[{"name":"wp","href":"https:\/\/api.w.org\/{rel}","templated":true}]}}