{"id":28603,"date":"2025-10-16T09:10:07","date_gmt":"2025-10-16T07:10:07","guid":{"rendered":"https:\/\/nzjz-split.hr\/?p=28603"},"modified":"2025-10-16T09:28:24","modified_gmt":"2025-10-16T07:28:24","slug":"gerontoloska-radionica-o-tjelesnoj-aktivnosti-kod-osoba-trece-zivotne-dobi","status":"publish","type":"post","link":"https:\/\/nzjz-split.hr\/en\/gerontoloska-radionica-o-tjelesnoj-aktivnosti-kod-osoba-trece-zivotne-dobi\/","title":{"rendered":"Gerontolo\u0161ka radionica o tjelesnoj aktivnosti kod osoba tre\u0107e \u017eivotne dobi"},"content":{"rendered":"<p class=\"has-medium-font-size\">Povodom obilje\u017eavanja Me\u0111unarodnog dana starijih osoba&nbsp;u Domu za stare i nemo\u0107ne u Starom Gradu odr\u017eana je&nbsp;30. 09. 2025.&nbsp;Gerontolo\u0161ka radionica u suradnji s Gradskim dru\u0161tvom Crvenog kri\u017ea Hvar i patrona\u017enom slu\u017ebom DZ SD\u017d. Inga Vu\u010dica, dr. med., voditeljica Odjela za gerontologiju NZJZ SD\u017d, odr\u017eala je predavanje na temu Tjelesnom aktivno\u0161\u0107u do zdravlja. Nakon odr\u017eanog predavanja korisnicima doma je mjeren krvni tlak i \u0161e\u0107er u krvi, te su davani medicinski savjeti.<\/p>\n\n\n\n<div style=\"height:17px\" aria-hidden=\"true\" class=\"wp-block-spacer\"><\/div>\n\n\n\n<figure class=\"wp-block-image aligncenter size-full is-style-rounded\"><img fetchpriority=\"high\" decoding=\"async\" width=\"2000\" height=\"1500\" src=\"https:\/\/nzjz-split.hr\/wp-content\/uploads\/2025\/10\/gr_stari_grad_2.jpg\" alt=\"\" class=\"wp-image-28606\" srcset=\"https:\/\/nzjz-split.hr\/wp-content\/uploads\/2025\/10\/gr_stari_grad_2.jpg 2000w, https:\/\/nzjz-split.hr\/wp-content\/uploads\/2025\/10\/gr_stari_grad_2-16x12.jpg 16w, https:\/\/nzjz-split.hr\/wp-content\/uploads\/2025\/10\/gr_stari_grad_2-600x450.jpg 600w\" sizes=\"(max-width: 2000px) 100vw, 2000px\" \/><\/figure>\n\n\n\n<div style=\"height:17px\" aria-hidden=\"true\" class=\"wp-block-spacer\"><\/div>\n\n\n\n<figure class=\"wp-block-image aligncenter size-full is-style-rounded\"><img decoding=\"async\" width=\"1500\" height=\"2000\" src=\"https:\/\/nzjz-split.hr\/wp-content\/uploads\/2025\/10\/gr_stari_grad_3.jpg\" alt=\"\" class=\"wp-image-28607\" srcset=\"https:\/\/nzjz-split.hr\/wp-content\/uploads\/2025\/10\/gr_stari_grad_3.jpg 1500w, https:\/\/nzjz-split.hr\/wp-content\/uploads\/2025\/10\/gr_stari_grad_3-9x12.jpg 9w, https:\/\/nzjz-split.hr\/wp-content\/uploads\/2025\/10\/gr_stari_grad_3-600x800.jpg 600w\" sizes=\"(max-width: 1500px) 100vw, 1500px\" \/><\/figure>\n\n\n\n<div style=\"height:17px\" aria-hidden=\"true\" class=\"wp-block-spacer\"><\/div>\n\n\n\n<figure class=\"wp-block-image aligncenter size-full is-style-rounded\"><img decoding=\"async\" width=\"2040\" height=\"1530\" src=\"https:\/\/nzjz-split.hr\/wp-content\/uploads\/2025\/10\/gr_stari_grad_4.jpg\" alt=\"\" class=\"wp-image-28608\" srcset=\"https:\/\/nzjz-split.hr\/wp-content\/uploads\/2025\/10\/gr_stari_grad_4.jpg 2040w, https:\/\/nzjz-split.hr\/wp-content\/uploads\/2025\/10\/gr_stari_grad_4-16x12.jpg 16w, https:\/\/nzjz-split.hr\/wp-content\/uploads\/2025\/10\/gr_stari_grad_4-600x450.jpg 600w\" sizes=\"(max-width: 2040px) 100vw, 2040px\" \/><\/figure>\n\n\n\n<div style=\"height:17px\" aria-hidden=\"true\" class=\"wp-block-spacer\"><\/div>","protected":false},"excerpt":{"rendered":"<p>Povodom obilje\u017eavanja Me\u0111unarodnog dana starijih osoba&nbsp;u Domu za stare i nemo\u0107ne u Starom Gradu odr\u017eana je&nbsp;30. 09. 2025.&nbsp;Gerontolo\u0161ka radionica u suradnji s Gradskim dru\u0161tvom Crvenog kri\u017ea Hvar i patrona\u017enom slu\u017ebom DZ SD\u017d. Inga Vu\u010dica, dr. med., voditeljica Odjela za gerontologiju NZJZ SD\u017d, odr\u017eala je predavanje na temu Tjelesnom aktivno\u0161\u0107u do zdravlja. Nakon odr\u017eanog predavanja korisnicima [&hellip;]<\/p>\n","protected":false},"author":7,"featured_media":28609,"comment_status":"open","ping_status":"open","sticky":false,"template":"","format":"standard","meta":{"inline_featured_image":false,"footnotes":""},"categories":[86],"tags":[],"class_list":["post-28603","post","type-post","status-publish","format-standard","has-post-thumbnail","hentry","category-zrelo-doba"],"yoast_head":"<!-- This site is optimized with the Yoast SEO plugin v27.3 - https:\/\/yoast.com\/product\/yoast-seo-wordpress\/ -->\n<title>NZJZ SD\u017d - Gerontolo\u0161ka radionica o tjelesnoj aktivnosti kod osoba tre\u0107e \u017eivotne dobi<\/title>\n<meta name=\"description\" content=\"Slu\u017ebene internet stranice Nastavnog Zavoda za javno zdravstvo Splitsko-dalmatinske \u017eupanije.\" \/>\n<meta name=\"robots\" content=\"index, follow, max-snippet:-1, max-image-preview:large, max-video-preview:-1\" \/>\n<link rel=\"canonical\" href=\"https:\/\/nzjz-split.hr\/en\/gerontoloska-radionica-o-tjelesnoj-aktivnosti-kod-osoba-trece-zivotne-dobi\/\" \/>\n<meta property=\"og:locale\" content=\"en_GB\" \/>\n<meta property=\"og:type\" content=\"article\" \/>\n<meta property=\"og:title\" content=\"NZJZ SD\u017d - Gerontolo\u0161ka radionica o tjelesnoj aktivnosti kod osoba tre\u0107e \u017eivotne dobi\" \/>\n<meta property=\"og:description\" content=\"Slu\u017ebene internet stranice Nastavnog Zavoda za javno zdravstvo Splitsko-dalmatinske \u017eupanije.\" \/>\n<meta property=\"og:url\" content=\"https:\/\/nzjz-split.hr\/en\/gerontoloska-radionica-o-tjelesnoj-aktivnosti-kod-osoba-trece-zivotne-dobi\/\" \/>\n<meta property=\"og:site_name\" content=\"NZJZ SD\u017d\" \/>\n<meta property=\"article:publisher\" content=\"https:\/\/www.facebook.com\/NzjzSdz\" \/>\n<meta property=\"article:published_time\" content=\"2025-10-16T07:10:07+00:00\" \/>\n<meta property=\"article:modified_time\" content=\"2025-10-16T07:28:24+00:00\" \/>\n<meta property=\"og:image\" content=\"https:\/\/nzjz-split.hr\/wp-content\/uploads\/2025\/10\/gr_stari_grad_1.jpg\" \/>\n\t<meta property=\"og:image:width\" content=\"1530\" \/>\n\t<meta property=\"og:image:height\" content=\"1556\" \/>\n\t<meta property=\"og:image:type\" content=\"image\/jpeg\" \/>\n<meta name=\"author\" content=\"Ivana\" \/>\n<meta name=\"twitter:card\" content=\"summary_large_image\" \/>\n<meta name=\"twitter:label1\" content=\"Written by\" \/>\n\t<meta name=\"twitter:data1\" content=\"Ivana\" \/>\n\t<meta name=\"twitter:label2\" content=\"Estimated reading time\" \/>\n\t<meta name=\"twitter:data2\" content=\"2 minutes\" \/>\n<script type=\"application\/ld+json\" class=\"yoast-schema-graph\">{\"@context\":\"https:\\\/\\\/schema.org\",\"@graph\":[{\"@type\":\"Article\",\"@id\":\"https:\\\/\\\/nzjz-split.hr\\\/gerontoloska-radionica-o-tjelesnoj-aktivnosti-kod-osoba-trece-zivotne-dobi\\\/#article\",\"isPartOf\":{\"@id\":\"https:\\\/\\\/nzjz-split.hr\\\/gerontoloska-radionica-o-tjelesnoj-aktivnosti-kod-osoba-trece-zivotne-dobi\\\/\"},\"author\":{\"name\":\"Ivana\",\"@id\":\"https:\\\/\\\/nzjz-split.hr\\\/#\\\/schema\\\/person\\\/d4edbad591a948af8cd09b72b624197f\"},\"headline\":\"Gerontolo\u0161ka radionica o tjelesnoj aktivnosti kod osoba tre\u0107e \u017eivotne dobi\",\"datePublished\":\"2025-10-16T07:10:07+00:00\",\"dateModified\":\"2025-10-16T07:28:24+00:00\",\"mainEntityOfPage\":{\"@id\":\"https:\\\/\\\/nzjz-split.hr\\\/gerontoloska-radionica-o-tjelesnoj-aktivnosti-kod-osoba-trece-zivotne-dobi\\\/\"},\"wordCount\":98,\"commentCount\":0,\"publisher\":{\"@id\":\"https:\\\/\\\/nzjz-split.hr\\\/#organization\"},\"image\":{\"@id\":\"https:\\\/\\\/nzjz-split.hr\\\/gerontoloska-radionica-o-tjelesnoj-aktivnosti-kod-osoba-trece-zivotne-dobi\\\/#primaryimage\"},\"thumbnailUrl\":\"https:\\\/\\\/nzjz-split.hr\\\/wp-content\\\/uploads\\\/2025\\\/10\\\/gr_stari_grad_1.jpg\",\"articleSection\":[\"Zrelo doba\"],\"inLanguage\":\"en-GB\",\"potentialAction\":[{\"@type\":\"CommentAction\",\"name\":\"Comment\",\"target\":[\"https:\\\/\\\/nzjz-split.hr\\\/gerontoloska-radionica-o-tjelesnoj-aktivnosti-kod-osoba-trece-zivotne-dobi\\\/#respond\"]}]},{\"@type\":\"WebPage\",\"@id\":\"https:\\\/\\\/nzjz-split.hr\\\/gerontoloska-radionica-o-tjelesnoj-aktivnosti-kod-osoba-trece-zivotne-dobi\\\/\",\"url\":\"https:\\\/\\\/nzjz-split.hr\\\/gerontoloska-radionica-o-tjelesnoj-aktivnosti-kod-osoba-trece-zivotne-dobi\\\/\",\"name\":\"NZJZ SD\u017d - Gerontolo\u0161ka radionica o tjelesnoj aktivnosti kod osoba tre\u0107e \u017eivotne dobi\",\"isPartOf\":{\"@id\":\"https:\\\/\\\/nzjz-split.hr\\\/#website\"},\"primaryImageOfPage\":{\"@id\":\"https:\\\/\\\/nzjz-split.hr\\\/gerontoloska-radionica-o-tjelesnoj-aktivnosti-kod-osoba-trece-zivotne-dobi\\\/#primaryimage\"},\"image\":{\"@id\":\"https:\\\/\\\/nzjz-split.hr\\\/gerontoloska-radionica-o-tjelesnoj-aktivnosti-kod-osoba-trece-zivotne-dobi\\\/#primaryimage\"},\"thumbnailUrl\":\"https:\\\/\\\/nzjz-split.hr\\\/wp-content\\\/uploads\\\/2025\\\/10\\\/gr_stari_grad_1.jpg\",\"datePublished\":\"2025-10-16T07:10:07+00:00\",\"dateModified\":\"2025-10-16T07:28:24+00:00\",\"description\":\"Slu\u017ebene internet stranice Nastavnog Zavoda za javno zdravstvo Splitsko-dalmatinske \u017eupanije.\",\"breadcrumb\":{\"@id\":\"https:\\\/\\\/nzjz-split.hr\\\/gerontoloska-radionica-o-tjelesnoj-aktivnosti-kod-osoba-trece-zivotne-dobi\\\/#breadcrumb\"},\"inLanguage\":\"en-GB\",\"potentialAction\":[{\"@type\":\"ReadAction\",\"target\":[\"https:\\\/\\\/nzjz-split.hr\\\/gerontoloska-radionica-o-tjelesnoj-aktivnosti-kod-osoba-trece-zivotne-dobi\\\/\"]}]},{\"@type\":\"ImageObject\",\"inLanguage\":\"en-GB\",\"@id\":\"https:\\\/\\\/nzjz-split.hr\\\/gerontoloska-radionica-o-tjelesnoj-aktivnosti-kod-osoba-trece-zivotne-dobi\\\/#primaryimage\",\"url\":\"https:\\\/\\\/nzjz-split.hr\\\/wp-content\\\/uploads\\\/2025\\\/10\\\/gr_stari_grad_1.jpg\",\"contentUrl\":\"https:\\\/\\\/nzjz-split.hr\\\/wp-content\\\/uploads\\\/2025\\\/10\\\/gr_stari_grad_1.jpg\",\"width\":1530,\"height\":1556,\"caption\":\"gerontolo\u0161ka radionica\"},{\"@type\":\"BreadcrumbList\",\"@id\":\"https:\\\/\\\/nzjz-split.hr\\\/gerontoloska-radionica-o-tjelesnoj-aktivnosti-kod-osoba-trece-zivotne-dobi\\\/#breadcrumb\",\"itemListElement\":[{\"@type\":\"ListItem\",\"position\":1,\"name\":\"Naslovnica\",\"item\":\"https:\\\/\\\/nzjz-split.hr\\\/\"},{\"@type\":\"ListItem\",\"position\":2,\"name\":\"Gerontolo\u0161ka radionica o tjelesnoj aktivnosti kod osoba tre\u0107e \u017eivotne dobi\"}]},{\"@type\":\"WebSite\",\"@id\":\"https:\\\/\\\/nzjz-split.hr\\\/#website\",\"url\":\"https:\\\/\\\/nzjz-split.hr\\\/\",\"name\":\"NZJZ SD\u017d\",\"description\":\"Nastavni zavod za javno zdravstvo Splitsko - dalmatinske \u017eupanije\",\"publisher\":{\"@id\":\"https:\\\/\\\/nzjz-split.hr\\\/#organization\"},\"potentialAction\":[{\"@type\":\"SearchAction\",\"target\":{\"@type\":\"EntryPoint\",\"urlTemplate\":\"https:\\\/\\\/nzjz-split.hr\\\/?s={search_term_string}\"},\"query-input\":{\"@type\":\"PropertyValueSpecification\",\"valueRequired\":true,\"valueName\":\"search_term_string\"}}],\"inLanguage\":\"en-GB\"},{\"@type\":\"Organization\",\"@id\":\"https:\\\/\\\/nzjz-split.hr\\\/#organization\",\"name\":\"Nastavni zavod za javno zdravstvo Splitsko - dalmatinske \u017eupanije\",\"url\":\"https:\\\/\\\/nzjz-split.hr\\\/\",\"logo\":{\"@type\":\"ImageObject\",\"inLanguage\":\"en-GB\",\"@id\":\"https:\\\/\\\/nzjz-split.hr\\\/#\\\/schema\\\/logo\\\/image\\\/\",\"url\":\"https:\\\/\\\/nzjz-split.hr\\\/wp-content\\\/uploads\\\/2021\\\/05\\\/nzjz-sdz-favicon-bg.png\",\"contentUrl\":\"https:\\\/\\\/nzjz-split.hr\\\/wp-content\\\/uploads\\\/2021\\\/05\\\/nzjz-sdz-favicon-bg.png\",\"width\":220,\"height\":220,\"caption\":\"Nastavni zavod za javno zdravstvo Splitsko - dalmatinske \u017eupanije\"},\"image\":{\"@id\":\"https:\\\/\\\/nzjz-split.hr\\\/#\\\/schema\\\/logo\\\/image\\\/\"},\"sameAs\":[\"https:\\\/\\\/www.facebook.com\\\/NzjzSdz\"]},{\"@type\":\"Person\",\"@id\":\"https:\\\/\\\/nzjz-split.hr\\\/#\\\/schema\\\/person\\\/d4edbad591a948af8cd09b72b624197f\",\"name\":\"Ivana\",\"image\":{\"@type\":\"ImageObject\",\"inLanguage\":\"en-GB\",\"@id\":\"https:\\\/\\\/nzjz-split.hr\\\/wp-content\\\/litespeed\\\/avatar\\\/f97b0586ae40a2bdc19519865286c20b.jpg?ver=1777486820\",\"url\":\"https:\\\/\\\/nzjz-split.hr\\\/wp-content\\\/litespeed\\\/avatar\\\/f97b0586ae40a2bdc19519865286c20b.jpg?ver=1777486820\",\"contentUrl\":\"https:\\\/\\\/nzjz-split.hr\\\/wp-content\\\/litespeed\\\/avatar\\\/f97b0586ae40a2bdc19519865286c20b.jpg?ver=1777486820\",\"caption\":\"Ivana\"}}]}<\/script>\n<!-- \/ Yoast SEO plugin. -->","yoast_head_json":{"title":"NZJZ SD\u017d - Gerontolo\u0161ka radionica o tjelesnoj aktivnosti kod osoba tre\u0107e \u017eivotne dobi","description":"Slu\u017ebene internet stranice Nastavnog Zavoda za javno zdravstvo Splitsko-dalmatinske \u017eupanije.","robots":{"index":"index","follow":"follow","max-snippet":"max-snippet:-1","max-image-preview":"max-image-preview:large","max-video-preview":"max-video-preview:-1"},"canonical":"https:\/\/nzjz-split.hr\/en\/gerontoloska-radionica-o-tjelesnoj-aktivnosti-kod-osoba-trece-zivotne-dobi\/","og_locale":"en_GB","og_type":"article","og_title":"NZJZ SD\u017d - Gerontolo\u0161ka radionica o tjelesnoj aktivnosti kod osoba tre\u0107e \u017eivotne dobi","og_description":"Slu\u017ebene internet stranice Nastavnog Zavoda za javno zdravstvo Splitsko-dalmatinske \u017eupanije.","og_url":"https:\/\/nzjz-split.hr\/en\/gerontoloska-radionica-o-tjelesnoj-aktivnosti-kod-osoba-trece-zivotne-dobi\/","og_site_name":"NZJZ SD\u017d","article_publisher":"https:\/\/www.facebook.com\/NzjzSdz","article_published_time":"2025-10-16T07:10:07+00:00","article_modified_time":"2025-10-16T07:28:24+00:00","og_image":[{"width":1530,"height":1556,"url":"https:\/\/nzjz-split.hr\/wp-content\/uploads\/2025\/10\/gr_stari_grad_1.jpg","type":"image\/jpeg"}],"author":"Ivana","twitter_card":"summary_large_image","twitter_misc":{"Written by":"Ivana","Estimated reading time":"2 minutes"},"schema":{"@context":"https:\/\/schema.org","@graph":[{"@type":"Article","@id":"https:\/\/nzjz-split.hr\/gerontoloska-radionica-o-tjelesnoj-aktivnosti-kod-osoba-trece-zivotne-dobi\/#article","isPartOf":{"@id":"https:\/\/nzjz-split.hr\/gerontoloska-radionica-o-tjelesnoj-aktivnosti-kod-osoba-trece-zivotne-dobi\/"},"author":{"name":"Ivana","@id":"https:\/\/nzjz-split.hr\/#\/schema\/person\/d4edbad591a948af8cd09b72b624197f"},"headline":"Gerontolo\u0161ka radionica o tjelesnoj aktivnosti kod osoba tre\u0107e \u017eivotne dobi","datePublished":"2025-10-16T07:10:07+00:00","dateModified":"2025-10-16T07:28:24+00:00","mainEntityOfPage":{"@id":"https:\/\/nzjz-split.hr\/gerontoloska-radionica-o-tjelesnoj-aktivnosti-kod-osoba-trece-zivotne-dobi\/"},"wordCount":98,"commentCount":0,"publisher":{"@id":"https:\/\/nzjz-split.hr\/#organization"},"image":{"@id":"https:\/\/nzjz-split.hr\/gerontoloska-radionica-o-tjelesnoj-aktivnosti-kod-osoba-trece-zivotne-dobi\/#primaryimage"},"thumbnailUrl":"https:\/\/nzjz-split.hr\/wp-content\/uploads\/2025\/10\/gr_stari_grad_1.jpg","articleSection":["Zrelo doba"],"inLanguage":"en-GB","potentialAction":[{"@type":"CommentAction","name":"Comment","target":["https:\/\/nzjz-split.hr\/gerontoloska-radionica-o-tjelesnoj-aktivnosti-kod-osoba-trece-zivotne-dobi\/#respond"]}]},{"@type":"WebPage","@id":"https:\/\/nzjz-split.hr\/gerontoloska-radionica-o-tjelesnoj-aktivnosti-kod-osoba-trece-zivotne-dobi\/","url":"https:\/\/nzjz-split.hr\/gerontoloska-radionica-o-tjelesnoj-aktivnosti-kod-osoba-trece-zivotne-dobi\/","name":"NZJZ SD\u017d - Gerontolo\u0161ka radionica o tjelesnoj aktivnosti kod osoba tre\u0107e \u017eivotne dobi","isPartOf":{"@id":"https:\/\/nzjz-split.hr\/#website"},"primaryImageOfPage":{"@id":"https:\/\/nzjz-split.hr\/gerontoloska-radionica-o-tjelesnoj-aktivnosti-kod-osoba-trece-zivotne-dobi\/#primaryimage"},"image":{"@id":"https:\/\/nzjz-split.hr\/gerontoloska-radionica-o-tjelesnoj-aktivnosti-kod-osoba-trece-zivotne-dobi\/#primaryimage"},"thumbnailUrl":"https:\/\/nzjz-split.hr\/wp-content\/uploads\/2025\/10\/gr_stari_grad_1.jpg","datePublished":"2025-10-16T07:10:07+00:00","dateModified":"2025-10-16T07:28:24+00:00","description":"Slu\u017ebene internet stranice Nastavnog Zavoda za javno zdravstvo Splitsko-dalmatinske \u017eupanije.","breadcrumb":{"@id":"https:\/\/nzjz-split.hr\/gerontoloska-radionica-o-tjelesnoj-aktivnosti-kod-osoba-trece-zivotne-dobi\/#breadcrumb"},"inLanguage":"en-GB","potentialAction":[{"@type":"ReadAction","target":["https:\/\/nzjz-split.hr\/gerontoloska-radionica-o-tjelesnoj-aktivnosti-kod-osoba-trece-zivotne-dobi\/"]}]},{"@type":"ImageObject","inLanguage":"en-GB","@id":"https:\/\/nzjz-split.hr\/gerontoloska-radionica-o-tjelesnoj-aktivnosti-kod-osoba-trece-zivotne-dobi\/#primaryimage","url":"https:\/\/nzjz-split.hr\/wp-content\/uploads\/2025\/10\/gr_stari_grad_1.jpg","contentUrl":"https:\/\/nzjz-split.hr\/wp-content\/uploads\/2025\/10\/gr_stari_grad_1.jpg","width":1530,"height":1556,"caption":"gerontolo\u0161ka radionica"},{"@type":"BreadcrumbList","@id":"https:\/\/nzjz-split.hr\/gerontoloska-radionica-o-tjelesnoj-aktivnosti-kod-osoba-trece-zivotne-dobi\/#breadcrumb","itemListElement":[{"@type":"ListItem","position":1,"name":"Naslovnica","item":"https:\/\/nzjz-split.hr\/"},{"@type":"ListItem","position":2,"name":"Gerontolo\u0161ka radionica o tjelesnoj aktivnosti kod osoba tre\u0107e \u017eivotne dobi"}]},{"@type":"WebSite","@id":"https:\/\/nzjz-split.hr\/#website","url":"https:\/\/nzjz-split.hr\/","name":"NZJZ SD\u017d","description":"Teaching Institute for Public Health, Split - Dalmatia County","publisher":{"@id":"https:\/\/nzjz-split.hr\/#organization"},"potentialAction":[{"@type":"SearchAction","target":{"@type":"EntryPoint","urlTemplate":"https:\/\/nzjz-split.hr\/?s={search_term_string}"},"query-input":{"@type":"PropertyValueSpecification","valueRequired":true,"valueName":"search_term_string"}}],"inLanguage":"en-GB"},{"@type":"Organization","@id":"https:\/\/nzjz-split.hr\/#organization","name":"Teaching Institute for Public Health, Split - Dalmatia County","url":"https:\/\/nzjz-split.hr\/","logo":{"@type":"ImageObject","inLanguage":"en-GB","@id":"https:\/\/nzjz-split.hr\/#\/schema\/logo\/image\/","url":"https:\/\/nzjz-split.hr\/wp-content\/uploads\/2021\/05\/nzjz-sdz-favicon-bg.png","contentUrl":"https:\/\/nzjz-split.hr\/wp-content\/uploads\/2021\/05\/nzjz-sdz-favicon-bg.png","width":220,"height":220,"caption":"Nastavni zavod za javno zdravstvo Splitsko - dalmatinske \u017eupanije"},"image":{"@id":"https:\/\/nzjz-split.hr\/#\/schema\/logo\/image\/"},"sameAs":["https:\/\/www.facebook.com\/NzjzSdz"]},{"@type":"Person","@id":"https:\/\/nzjz-split.hr\/#\/schema\/person\/d4edbad591a948af8cd09b72b624197f","name":"Ivana","image":{"@type":"ImageObject","inLanguage":"en-GB","@id":"https:\/\/nzjz-split.hr\/wp-content\/litespeed\/avatar\/f97b0586ae40a2bdc19519865286c20b.jpg?ver=1777486820","url":"https:\/\/nzjz-split.hr\/wp-content\/litespeed\/avatar\/f97b0586ae40a2bdc19519865286c20b.jpg?ver=1777486820","contentUrl":"https:\/\/nzjz-split.hr\/wp-content\/litespeed\/avatar\/f97b0586ae40a2bdc19519865286c20b.jpg?ver=1777486820","caption":"Ivana"}}]}},"_links":{"self":[{"href":"https:\/\/nzjz-split.hr\/en\/wp-json\/wp\/v2\/posts\/28603","targetHints":{"allow":["GET"]}}],"collection":[{"href":"https:\/\/nzjz-split.hr\/en\/wp-json\/wp\/v2\/posts"}],"about":[{"href":"https:\/\/nzjz-split.hr\/en\/wp-json\/wp\/v2\/types\/post"}],"author":[{"embeddable":true,"href":"https:\/\/nzjz-split.hr\/en\/wp-json\/wp\/v2\/users\/7"}],"replies":[{"embeddable":true,"href":"https:\/\/nzjz-split.hr\/en\/wp-json\/wp\/v2\/comments?post=28603"}],"version-history":[{"count":2,"href":"https:\/\/nzjz-split.hr\/en\/wp-json\/wp\/v2\/posts\/28603\/revisions"}],"predecessor-version":[{"id":28610,"href":"https:\/\/nzjz-split.hr\/en\/wp-json\/wp\/v2\/posts\/28603\/revisions\/28610"}],"wp:featuredmedia":[{"embeddable":true,"href":"https:\/\/nzjz-split.hr\/en\/wp-json\/wp\/v2\/media\/28609"}],"wp:attachment":[{"href":"https:\/\/nzjz-split.hr\/en\/wp-json\/wp\/v2\/media?parent=28603"}],"wp:term":[{"taxonomy":"category","embeddable":true,"href":"https:\/\/nzjz-split.hr\/en\/wp-json\/wp\/v2\/categories?post=28603"},{"taxonomy":"post_tag","embeddable":true,"href":"https:\/\/nzjz-split.hr\/en\/wp-json\/wp\/v2\/tags?post=28603"}],"curies":[{"name":"wp","href":"https:\/\/api.w.org\/{rel}","templated":true}]}}