{"id":28736,"date":"2025-10-30T09:53:18","date_gmt":"2025-10-30T08:53:18","guid":{"rendered":"https:\/\/nzjz-split.hr\/?p=28736"},"modified":"2025-10-30T14:23:51","modified_gmt":"2025-10-30T13:23:51","slug":"svjetski-dan-sjecanja-na-zrtve-prometnih-nesreca-2025","status":"publish","type":"post","link":"https:\/\/nzjz-split.hr\/en\/svjetski-dan-sjecanja-na-zrtve-prometnih-nesreca-2025\/","title":{"rendered":"Svjetski dan sje\u0107anja na \u017ertve prometnih nesre\u0107a 2025."},"content":{"rendered":"<div data-elementor-type=\"wp-post\" data-elementor-id=\"28736\" class=\"elementor elementor-28736\" data-elementor-post-type=\"post\">\n\t\t\t\t\t\t<section class=\"elementor-section elementor-top-section elementor-element elementor-element-b903166 elementor-section-boxed elementor-section-height-default elementor-section-height-default\" data-id=\"b903166\" data-element_type=\"section\" data-e-type=\"section\">\n\t\t\t\t\t\t<div class=\"elementor-container elementor-column-gap-default\">\n\t\t\t\t\t<div class=\"elementor-column elementor-col-100 elementor-top-column elementor-element elementor-element-bca2bc3\" data-id=\"bca2bc3\" data-element_type=\"column\" data-e-type=\"column\">\n\t\t\t<div class=\"elementor-widget-wrap elementor-element-populated\">\n\t\t\t\t\t\t<div class=\"elementor-element elementor-element-c0fa981 elementor-widget elementor-widget-spacer\" data-id=\"c0fa981\" data-element_type=\"widget\" data-e-type=\"widget\" data-widget_type=\"spacer.default\">\n\t\t\t\t<div class=\"elementor-widget-container\">\n\t\t\t\t\t\t\t<div class=\"elementor-spacer\">\n\t\t\t<div class=\"elementor-spacer-inner\"><\/div>\n\t\t<\/div>\n\t\t\t\t\t\t<\/div>\n\t\t\t\t<\/div>\n\t\t\t\t<div class=\"elementor-element elementor-element-5a46a77 elementor-widget elementor-widget-heading\" data-id=\"5a46a77\" data-element_type=\"widget\" data-e-type=\"widget\" data-widget_type=\"heading.default\">\n\t\t\t\t<div class=\"elementor-widget-container\">\n\t\t\t\t\t<h2 class=\"elementor-heading-title elementor-size-default\">Svjetski dan sje\u0107anja na \u017ertve prometnih nesre\u0107a 2025.<\/h2>\t\t\t\t<\/div>\n\t\t\t\t<\/div>\n\t\t\t\t\t<\/div>\n\t\t<\/div>\n\t\t\t\t\t<\/div>\n\t\t<\/section>\n\t\t\t\t<section class=\"elementor-section elementor-top-section elementor-element elementor-element-6fae3c1 elementor-section-boxed elementor-section-height-default elementor-section-height-default\" data-id=\"6fae3c1\" data-element_type=\"section\" data-e-type=\"section\">\n\t\t\t\t\t\t<div class=\"elementor-container elementor-column-gap-default\">\n\t\t\t\t\t<div class=\"elementor-column elementor-col-100 elementor-top-column elementor-element elementor-element-c8c2fba\" data-id=\"c8c2fba\" data-element_type=\"column\" data-e-type=\"column\">\n\t\t\t<div class=\"elementor-widget-wrap elementor-element-populated\">\n\t\t\t\t\t\t<div class=\"elementor-element elementor-element-3fe620b elementor-widget__width-initial elementor-widget elementor-widget-image\" data-id=\"3fe620b\" data-element_type=\"widget\" data-e-type=\"widget\" data-widget_type=\"image.default\">\n\t\t\t\t<div class=\"elementor-widget-container\">\n\t\t\t\t\t\t\t\t\t\t\t\t\t\t\t<img decoding=\"async\" width=\"142\" height=\"150\" src=\"https:\/\/nzjz-split.hr\/wp-content\/uploads\/2025\/10\/lost_talents_balletshoes.jpg\" class=\"attachment-thumbnail size-thumbnail wp-image-28750\" alt=\"\u017ertve prometnih nesre\u0107a\" srcset=\"https:\/\/nzjz-split.hr\/wp-content\/uploads\/2025\/10\/lost_talents_balletshoes.jpg 4500w, https:\/\/nzjz-split.hr\/wp-content\/uploads\/2025\/10\/lost_talents_balletshoes-11x12.jpg 11w, https:\/\/nzjz-split.hr\/wp-content\/uploads\/2025\/10\/lost_talents_balletshoes-600x632.jpg 600w\" sizes=\"(max-width: 142px) 100vw, 142px\" \/>\t\t\t\t\t\t\t\t\t\t\t\t\t\t\t<\/div>\n\t\t\t\t<\/div>\n\t\t\t\t<div class=\"elementor-element elementor-element-16026c6 elementor-widget__width-initial elementor-widget elementor-widget-image\" data-id=\"16026c6\" data-element_type=\"widget\" data-e-type=\"widget\" data-widget_type=\"image.default\">\n\t\t\t\t<div class=\"elementor-widget-container\">\n\t\t\t\t\t\t\t\t\t\t\t\t\t\t\t<img decoding=\"async\" width=\"150\" height=\"114\" src=\"https:\/\/nzjz-split.hr\/wp-content\/uploads\/2025\/10\/lost_talents_footbalshoes.jpg\" class=\"attachment-thumbnail size-thumbnail wp-image-28749\" alt=\"\u017ertve prometnih nesre\u0107a\" srcset=\"https:\/\/nzjz-split.hr\/wp-content\/uploads\/2025\/10\/lost_talents_footbalshoes.jpg 6000w, https:\/\/nzjz-split.hr\/wp-content\/uploads\/2025\/10\/lost_talents_footbalshoes-16x12.jpg 16w, https:\/\/nzjz-split.hr\/wp-content\/uploads\/2025\/10\/lost_talents_footbalshoes-600x455.jpg 600w\" sizes=\"(max-width: 150px) 100vw, 150px\" \/>\t\t\t\t\t\t\t\t\t\t\t\t\t\t\t<\/div>\n\t\t\t\t<\/div>\n\t\t\t\t<div class=\"elementor-element elementor-element-47933e3 elementor-widget elementor-widget-spacer\" data-id=\"47933e3\" data-element_type=\"widget\" data-e-type=\"widget\" data-widget_type=\"spacer.default\">\n\t\t\t\t<div class=\"elementor-widget-container\">\n\t\t\t\t\t\t\t<div class=\"elementor-spacer\">\n\t\t\t<div class=\"elementor-spacer-inner\"><\/div>\n\t\t<\/div>\n\t\t\t\t\t\t<\/div>\n\t\t\t\t<\/div>\n\t\t\t\t<div class=\"elementor-element elementor-element-6a45396 elementor-widget elementor-widget-text-editor\" data-id=\"6a45396\" data-element_type=\"widget\" data-e-type=\"widget\" data-widget_type=\"text-editor.default\">\n\t\t\t\t<div class=\"elementor-widget-container\">\n\t\t\t\t\t\t\t\t\t<p>Svake tre\u0107e nedjelje u mjesecu studenom (ove godine 16. studenog) obilje\u017eava se Svjetski dan sje\u0107anja na \u017ertve prometnih nesre\u0107a. Cilj je obilje\u017eavanja ovog dana odavanje po\u010dasti svim poginulim osobama, pru\u017eanje potpore \u017ertvama i njihovim bli\u017enjima, pozivanje na odgovorniji pristup pravosu\u0111a, bolja prevencija prometnih nesre\u0107a, te izra\u017eavanje zahvalnosti savjesnom radu medicinskih i njima pridru\u017eenih slu\u017ebi \u010diji djelatnici svakodnevno sudjeluju u zbrinjavanju svih posljedica prometnih nesre\u0107a.<\/p><p>Ovogodi\u0161nja tema glasi: \u201eSjeti se. Podr\u017ei. Djeluj.\u201c (engl. <em>Remember. Support. Act<\/em>.), a odnosi se na to da se sjetimo onih koji su poginuli, da podr\u017eimo one koji su pre\u017eivjeli, te da djelujemo na spa\u0161avanje \u017eivota.<\/p><p>Prema dostupnim podacima Svjetske zdravstvene organizacije (SZO) za 2023. broj poginulih u prometnim nesre\u0107ama i dalje iznosi 1.19 milijuna osoba na globalnoj razini (neznatno smanjenje u odnosu na 1.35 milijuna tijekom 2018.). Globalno izvje\u0161\u0107e o stanju sigurnosti na cestama iz 2023. pokazuje kako napori za pobolj\u0161anje sigurnosti na cestama imaju utjecaja na smanjenje broja poginulih i ozlije\u0111enih osoba u slu\u010daju primjene provjerenih i dokazanih preventivnih mjera. Unato\u010d tome, ozljede nastale u prometu i dalje su vode\u0107i uzrok smrti djece i mladih u dobi 5 &#8211; 29 godina, a vi\u0161e od polovice svih smrti na cestama zahva\u0107a pje\u0161ake, bicikliste i motocikliste, osobito u zemljama s niskom i srednjom razinom dohotka. Potrebno je uvesti hitne mjere ako se \u017eeli posti\u0107i globalni cilj Desetlje\u0107a djelovanja 2021. &#8211; 2030. (engl. <em>Decade of Action 2021 &#8211; 2030<\/em>), a to je smanjiti broj \u017ertava u cestovnom prometu za 50 %.<\/p><p>Svake godine \u017eivoti 1.19 milijuna ljudi naglo su prekinuti kao posljedica prometnih nesre\u0107a, a izme\u0111u 20-50 milijuna osoba svakodnevno pati jer su pretrpjeli ozljede u prometu, od kojih mnoge uzrokuju invaliditet. Ozljede nastale u prometu uzrokuju i znatne ekonomske gubitke ne samo obiteljima, ve\u0107 i dru\u0161tvu u cjelini jer navedeni gubitci proizlaze iz tro\u0161kova lije\u010denja, izgubljene produktivnosti poginulih ili ozlije\u0111enih, kao i izgubljene produktivnosti \u010dlanova obitelji koji se brinu za ozlije\u0111ene. Prometne nesre\u0107e ve\u0107inu zemalja ko\u0161taju pribli\u017eno 3% njihovog bruto doma\u0107eg proizvoda.<\/p><p>Analizom mortalitetnih podataka Dr\u017eavnog zavoda za statistiku provedenoj u Odjelu za epidemiologiju i prevenciju ozljeda NZJZ SD\u017d-a pokazalo se kako su u Splitsko-dalmatinskoj \u017eupaniji tijekom 2023. u prometnim nesre\u0107ama poginule ukupno 42 osobe (34 mu\u0161kog i 8 osoba \u017eenskog spola). Najvi\u0161e umrlih zabilje\u017eeno je u kategorije Ozljeda osobe u automobilu (ukupno 14 umrlih), potom u kategoriji Ozljeda motociklista (ukupno 11 umrlih) te u kategoriji Ozljeda pje\u0161aka (ukupno 8 umrlih). Analizom dobi poginulih u prometu utvr\u0111eno je kako je najvi\u0161e umrlih zabilje\u017eeno u dobnoj skupini 20 &#8211; 24 godine (ukupno 7 umrlih) te podjednako u kategorijama 15 &#8211; 19 i 35 &#8211; 39 godine (svaka po 5 umrlih).<\/p><p>Na lokalnoj, regionalnoj i nacionalnoj razini nu\u017eno je provoditi aktivnosti, te donijeti programe i strategije prevencije ozljeda u prometu, kako bi se djelovlo na smanjenje broja umrlih i ozlije\u0111enih u prometu, te na smanjivanje te\u017eine ozljeda i njihovih posljedica.<\/p><p>\u00a0<\/p><p><strong>Prim. mr. Ivana Bo\u010dina, dr. med., spec. javnog zdravstva<\/strong><\/p><p><strong>Slu\u017eba za epidemiologiju NZJZ SD\u017d<\/strong><\/p><p>\u00a0<\/p><p><em>Vi\u0161e \u010dinjenica o prometnim nesre\u0107ama mo\u017eete doznati na linku: <\/em><a href=\"https:\/\/nzjz-split.hr\/en\/cinjenice-o-cestovnim-prometnim-nesrecama\/\">https:\/\/nzjz-split.hr\/cinjenice-o-cestovnim-prometnim-nesrecama\/<\/a><\/p>\t\t\t\t\t\t\t\t<\/div>\n\t\t\t\t<\/div>\n\t\t\t\t\t<\/div>\n\t\t<\/div>\n\t\t\t\t\t<\/div>\n\t\t<\/section>\n\t\t\t\t<section class=\"elementor-section elementor-top-section elementor-element elementor-element-256d217 elementor-section-boxed elementor-section-height-default elementor-section-height-default\" data-id=\"256d217\" data-element_type=\"section\" data-e-type=\"section\">\n\t\t\t\t\t\t<div class=\"elementor-container elementor-column-gap-default\">\n\t\t\t\t\t<div class=\"elementor-column elementor-col-100 elementor-top-column elementor-element elementor-element-1b21713\" data-id=\"1b21713\" data-element_type=\"column\" data-e-type=\"column\">\n\t\t\t<div class=\"elementor-widget-wrap elementor-element-populated\">\n\t\t\t\t\t\t<div class=\"elementor-element elementor-element-a3a664c elementor-widget elementor-widget-pdf_viewer\" data-id=\"a3a664c\" data-element_type=\"widget\" data-e-type=\"widget\" data-widget_type=\"pdf_viewer.default\">\n\t\t\t\t<div class=\"elementor-widget-container\">\n\t\t\t\t\t<iframe src=\"https:\/\/docs.google.com\/viewer?url=https:\/\/nzjz-split.hr\/wp-content\/uploads\/2025\/10\/wrd_25.pdf&amp;embedded=true\" style=\"display: block; margin-left: auto; margin-right: auto; width: 1500px; height: 920px;\" frameborder=\"1\" marginheight=\"0px\" marginwidth=\"0px\" allowfullscreen><\/iframe>\t\t\t\t<\/div>\n\t\t\t\t<\/div>\n\t\t\t\t\t<\/div>\n\t\t<\/div>\n\t\t\t\t\t<\/div>\n\t\t<\/section>\n\t\t\t\t<section class=\"elementor-section elementor-top-section elementor-element elementor-element-4a3de66 elementor-section-boxed elementor-section-height-default elementor-section-height-default\" data-id=\"4a3de66\" data-element_type=\"section\" data-e-type=\"section\">\n\t\t\t\t\t\t<div class=\"elementor-container elementor-column-gap-default\">\n\t\t\t\t\t<div class=\"elementor-column elementor-col-100 elementor-top-column elementor-element elementor-element-1eaac8f\" data-id=\"1eaac8f\" data-element_type=\"column\" data-e-type=\"column\">\n\t\t\t<div class=\"elementor-widget-wrap elementor-element-populated\">\n\t\t\t\t\t\t<div class=\"elementor-element elementor-element-cdbe760 elementor-widget elementor-widget-spacer\" data-id=\"cdbe760\" data-element_type=\"widget\" data-e-type=\"widget\" data-widget_type=\"spacer.default\">\n\t\t\t\t<div class=\"elementor-widget-container\">\n\t\t\t\t\t\t\t<div class=\"elementor-spacer\">\n\t\t\t<div class=\"elementor-spacer-inner\"><\/div>\n\t\t<\/div>\n\t\t\t\t\t\t<\/div>\n\t\t\t\t<\/div>\n\t\t\t\t\t<\/div>\n\t\t<\/div>\n\t\t\t\t\t<\/div>\n\t\t<\/section>\n\t\t\t\t<\/div>","protected":false},"excerpt":{"rendered":"<p>Svjetski dan sje\u0107anja na \u017ertve prometnih nesre\u0107a 2025. Svake tre\u0107e nedjelje u mjesecu studenom (ove godine 16. studenog) obilje\u017eava se Svjetski dan sje\u0107anja na \u017ertve prometnih nesre\u0107a. Cilj je obilje\u017eavanja ovog dana odavanje po\u010dasti svim poginulim osobama, pru\u017eanje potpore \u017ertvama i njihovim bli\u017enjima, pozivanje na odgovorniji pristup pravosu\u0111a, bolja prevencija prometnih nesre\u0107a, te izra\u017eavanje zahvalnosti [&hellip;]<\/p>\n","protected":false},"author":7,"featured_media":28749,"comment_status":"open","ping_status":"open","sticky":false,"template":"","format":"standard","meta":{"inline_featured_image":false,"footnotes":""},"categories":[80],"tags":[],"class_list":["post-28736","post","type-post","status-publish","format-standard","has-post-thumbnail","hentry","category-aktualno"],"yoast_head":"<!-- This site is optimized with the Yoast SEO plugin v27.3 - https:\/\/yoast.com\/product\/yoast-seo-wordpress\/ -->\n<title>NZJZ SD\u017d - Svjetski dan sje\u0107anja na \u017ertve prometnih nesre\u0107a 2025.<\/title>\n<meta name=\"description\" content=\"Slu\u017ebene internet stranice Nastavnog Zavoda za javno zdravstvo Splitsko-dalmatinske \u017eupanije.\" \/>\n<meta name=\"robots\" content=\"index, follow, max-snippet:-1, max-image-preview:large, max-video-preview:-1\" \/>\n<link rel=\"canonical\" href=\"https:\/\/nzjz-split.hr\/en\/svjetski-dan-sjecanja-na-zrtve-prometnih-nesreca-2025\/\" \/>\n<meta property=\"og:locale\" content=\"en_GB\" \/>\n<meta property=\"og:type\" content=\"article\" \/>\n<meta property=\"og:title\" content=\"NZJZ SD\u017d - Svjetski dan sje\u0107anja na \u017ertve prometnih nesre\u0107a 2025.\" \/>\n<meta property=\"og:description\" content=\"Slu\u017ebene internet stranice Nastavnog Zavoda za javno zdravstvo Splitsko-dalmatinske \u017eupanije.\" \/>\n<meta property=\"og:url\" content=\"https:\/\/nzjz-split.hr\/en\/svjetski-dan-sjecanja-na-zrtve-prometnih-nesreca-2025\/\" \/>\n<meta property=\"og:site_name\" content=\"NZJZ SD\u017d\" \/>\n<meta property=\"article:publisher\" content=\"https:\/\/www.facebook.com\/NzjzSdz\" \/>\n<meta property=\"article:published_time\" content=\"2025-10-30T08:53:18+00:00\" \/>\n<meta property=\"article:modified_time\" content=\"2025-10-30T13:23:51+00:00\" \/>\n<meta property=\"og:image\" content=\"https:\/\/nzjz-split.hr\/wp-content\/uploads\/2025\/10\/lost_talents_footbalshoes.jpg\" \/>\n\t<meta property=\"og:image:width\" content=\"800\" \/>\n\t<meta property=\"og:image:height\" content=\"607\" \/>\n\t<meta property=\"og:image:type\" content=\"image\/jpeg\" \/>\n<meta name=\"author\" content=\"Ivana\" \/>\n<meta name=\"twitter:card\" content=\"summary_large_image\" \/>\n<meta name=\"twitter:label1\" content=\"Written by\" \/>\n\t<meta name=\"twitter:data1\" content=\"Ivana\" \/>\n\t<meta name=\"twitter:label2\" content=\"Estimated reading time\" \/>\n\t<meta name=\"twitter:data2\" content=\"4 minutes\" \/>\n<script type=\"application\/ld+json\" class=\"yoast-schema-graph\">{\"@context\":\"https:\\\/\\\/schema.org\",\"@graph\":[{\"@type\":\"Article\",\"@id\":\"https:\\\/\\\/nzjz-split.hr\\\/svjetski-dan-sjecanja-na-zrtve-prometnih-nesreca-2025\\\/#article\",\"isPartOf\":{\"@id\":\"https:\\\/\\\/nzjz-split.hr\\\/svjetski-dan-sjecanja-na-zrtve-prometnih-nesreca-2025\\\/\"},\"author\":{\"name\":\"Ivana\",\"@id\":\"https:\\\/\\\/nzjz-split.hr\\\/#\\\/schema\\\/person\\\/d4edbad591a948af8cd09b72b624197f\"},\"headline\":\"Svjetski dan sje\u0107anja na \u017ertve prometnih nesre\u0107a 2025.\",\"datePublished\":\"2025-10-30T08:53:18+00:00\",\"dateModified\":\"2025-10-30T13:23:51+00:00\",\"mainEntityOfPage\":{\"@id\":\"https:\\\/\\\/nzjz-split.hr\\\/svjetski-dan-sjecanja-na-zrtve-prometnih-nesreca-2025\\\/\"},\"wordCount\":545,\"commentCount\":0,\"publisher\":{\"@id\":\"https:\\\/\\\/nzjz-split.hr\\\/#organization\"},\"image\":{\"@id\":\"https:\\\/\\\/nzjz-split.hr\\\/svjetski-dan-sjecanja-na-zrtve-prometnih-nesreca-2025\\\/#primaryimage\"},\"thumbnailUrl\":\"https:\\\/\\\/nzjz-split.hr\\\/wp-content\\\/uploads\\\/2025\\\/10\\\/lost_talents_footbalshoes.jpg\",\"articleSection\":[\"Aktualno\"],\"inLanguage\":\"en-GB\",\"potentialAction\":[{\"@type\":\"CommentAction\",\"name\":\"Comment\",\"target\":[\"https:\\\/\\\/nzjz-split.hr\\\/svjetski-dan-sjecanja-na-zrtve-prometnih-nesreca-2025\\\/#respond\"]}]},{\"@type\":\"WebPage\",\"@id\":\"https:\\\/\\\/nzjz-split.hr\\\/svjetski-dan-sjecanja-na-zrtve-prometnih-nesreca-2025\\\/\",\"url\":\"https:\\\/\\\/nzjz-split.hr\\\/svjetski-dan-sjecanja-na-zrtve-prometnih-nesreca-2025\\\/\",\"name\":\"NZJZ SD\u017d - Svjetski dan sje\u0107anja na \u017ertve prometnih nesre\u0107a 2025.\",\"isPartOf\":{\"@id\":\"https:\\\/\\\/nzjz-split.hr\\\/#website\"},\"primaryImageOfPage\":{\"@id\":\"https:\\\/\\\/nzjz-split.hr\\\/svjetski-dan-sjecanja-na-zrtve-prometnih-nesreca-2025\\\/#primaryimage\"},\"image\":{\"@id\":\"https:\\\/\\\/nzjz-split.hr\\\/svjetski-dan-sjecanja-na-zrtve-prometnih-nesreca-2025\\\/#primaryimage\"},\"thumbnailUrl\":\"https:\\\/\\\/nzjz-split.hr\\\/wp-content\\\/uploads\\\/2025\\\/10\\\/lost_talents_footbalshoes.jpg\",\"datePublished\":\"2025-10-30T08:53:18+00:00\",\"dateModified\":\"2025-10-30T13:23:51+00:00\",\"description\":\"Slu\u017ebene internet stranice Nastavnog Zavoda za javno zdravstvo Splitsko-dalmatinske \u017eupanije.\",\"breadcrumb\":{\"@id\":\"https:\\\/\\\/nzjz-split.hr\\\/svjetski-dan-sjecanja-na-zrtve-prometnih-nesreca-2025\\\/#breadcrumb\"},\"inLanguage\":\"en-GB\",\"potentialAction\":[{\"@type\":\"ReadAction\",\"target\":[\"https:\\\/\\\/nzjz-split.hr\\\/svjetski-dan-sjecanja-na-zrtve-prometnih-nesreca-2025\\\/\"]}]},{\"@type\":\"ImageObject\",\"inLanguage\":\"en-GB\",\"@id\":\"https:\\\/\\\/nzjz-split.hr\\\/svjetski-dan-sjecanja-na-zrtve-prometnih-nesreca-2025\\\/#primaryimage\",\"url\":\"https:\\\/\\\/nzjz-split.hr\\\/wp-content\\\/uploads\\\/2025\\\/10\\\/lost_talents_footbalshoes.jpg\",\"contentUrl\":\"https:\\\/\\\/nzjz-split.hr\\\/wp-content\\\/uploads\\\/2025\\\/10\\\/lost_talents_footbalshoes.jpg\",\"width\":6000,\"height\":4552,\"caption\":\"\u017ertve prometnih nesre\u0107a\"},{\"@type\":\"BreadcrumbList\",\"@id\":\"https:\\\/\\\/nzjz-split.hr\\\/svjetski-dan-sjecanja-na-zrtve-prometnih-nesreca-2025\\\/#breadcrumb\",\"itemListElement\":[{\"@type\":\"ListItem\",\"position\":1,\"name\":\"Naslovnica\",\"item\":\"https:\\\/\\\/nzjz-split.hr\\\/\"},{\"@type\":\"ListItem\",\"position\":2,\"name\":\"Svjetski dan sje\u0107anja na \u017ertve prometnih nesre\u0107a 2025.\"}]},{\"@type\":\"WebSite\",\"@id\":\"https:\\\/\\\/nzjz-split.hr\\\/#website\",\"url\":\"https:\\\/\\\/nzjz-split.hr\\\/\",\"name\":\"NZJZ SD\u017d\",\"description\":\"Nastavni zavod za javno zdravstvo Splitsko - dalmatinske \u017eupanije\",\"publisher\":{\"@id\":\"https:\\\/\\\/nzjz-split.hr\\\/#organization\"},\"potentialAction\":[{\"@type\":\"SearchAction\",\"target\":{\"@type\":\"EntryPoint\",\"urlTemplate\":\"https:\\\/\\\/nzjz-split.hr\\\/?s={search_term_string}\"},\"query-input\":{\"@type\":\"PropertyValueSpecification\",\"valueRequired\":true,\"valueName\":\"search_term_string\"}}],\"inLanguage\":\"en-GB\"},{\"@type\":\"Organization\",\"@id\":\"https:\\\/\\\/nzjz-split.hr\\\/#organization\",\"name\":\"Nastavni zavod za javno zdravstvo Splitsko - dalmatinske \u017eupanije\",\"url\":\"https:\\\/\\\/nzjz-split.hr\\\/\",\"logo\":{\"@type\":\"ImageObject\",\"inLanguage\":\"en-GB\",\"@id\":\"https:\\\/\\\/nzjz-split.hr\\\/#\\\/schema\\\/logo\\\/image\\\/\",\"url\":\"https:\\\/\\\/nzjz-split.hr\\\/wp-content\\\/uploads\\\/2021\\\/05\\\/nzjz-sdz-favicon-bg.png\",\"contentUrl\":\"https:\\\/\\\/nzjz-split.hr\\\/wp-content\\\/uploads\\\/2021\\\/05\\\/nzjz-sdz-favicon-bg.png\",\"width\":220,\"height\":220,\"caption\":\"Nastavni zavod za javno zdravstvo Splitsko - dalmatinske \u017eupanije\"},\"image\":{\"@id\":\"https:\\\/\\\/nzjz-split.hr\\\/#\\\/schema\\\/logo\\\/image\\\/\"},\"sameAs\":[\"https:\\\/\\\/www.facebook.com\\\/NzjzSdz\"]},{\"@type\":\"Person\",\"@id\":\"https:\\\/\\\/nzjz-split.hr\\\/#\\\/schema\\\/person\\\/d4edbad591a948af8cd09b72b624197f\",\"name\":\"Ivana\",\"image\":{\"@type\":\"ImageObject\",\"inLanguage\":\"en-GB\",\"@id\":\"https:\\\/\\\/nzjz-split.hr\\\/wp-content\\\/litespeed\\\/avatar\\\/f97b0586ae40a2bdc19519865286c20b.jpg?ver=1777486820\",\"url\":\"https:\\\/\\\/nzjz-split.hr\\\/wp-content\\\/litespeed\\\/avatar\\\/f97b0586ae40a2bdc19519865286c20b.jpg?ver=1777486820\",\"contentUrl\":\"https:\\\/\\\/nzjz-split.hr\\\/wp-content\\\/litespeed\\\/avatar\\\/f97b0586ae40a2bdc19519865286c20b.jpg?ver=1777486820\",\"caption\":\"Ivana\"}}]}<\/script>\n<!-- \/ Yoast SEO plugin. -->","yoast_head_json":{"title":"NZJZ SD\u017d - Svjetski dan sje\u0107anja na \u017ertve prometnih nesre\u0107a 2025.","description":"Slu\u017ebene internet stranice Nastavnog Zavoda za javno zdravstvo Splitsko-dalmatinske \u017eupanije.","robots":{"index":"index","follow":"follow","max-snippet":"max-snippet:-1","max-image-preview":"max-image-preview:large","max-video-preview":"max-video-preview:-1"},"canonical":"https:\/\/nzjz-split.hr\/en\/svjetski-dan-sjecanja-na-zrtve-prometnih-nesreca-2025\/","og_locale":"en_GB","og_type":"article","og_title":"NZJZ SD\u017d - Svjetski dan sje\u0107anja na \u017ertve prometnih nesre\u0107a 2025.","og_description":"Slu\u017ebene internet stranice Nastavnog Zavoda za javno zdravstvo Splitsko-dalmatinske \u017eupanije.","og_url":"https:\/\/nzjz-split.hr\/en\/svjetski-dan-sjecanja-na-zrtve-prometnih-nesreca-2025\/","og_site_name":"NZJZ SD\u017d","article_publisher":"https:\/\/www.facebook.com\/NzjzSdz","article_published_time":"2025-10-30T08:53:18+00:00","article_modified_time":"2025-10-30T13:23:51+00:00","og_image":[{"url":"https:\/\/nzjz-split.hr\/wp-content\/uploads\/2025\/10\/lost_talents_footbalshoes.jpg","width":800,"height":607,"type":"image\/jpeg"}],"author":"Ivana","twitter_card":"summary_large_image","twitter_misc":{"Written by":"Ivana","Estimated reading time":"4 minutes"},"schema":{"@context":"https:\/\/schema.org","@graph":[{"@type":"Article","@id":"https:\/\/nzjz-split.hr\/svjetski-dan-sjecanja-na-zrtve-prometnih-nesreca-2025\/#article","isPartOf":{"@id":"https:\/\/nzjz-split.hr\/svjetski-dan-sjecanja-na-zrtve-prometnih-nesreca-2025\/"},"author":{"name":"Ivana","@id":"https:\/\/nzjz-split.hr\/#\/schema\/person\/d4edbad591a948af8cd09b72b624197f"},"headline":"Svjetski dan sje\u0107anja na \u017ertve prometnih nesre\u0107a 2025.","datePublished":"2025-10-30T08:53:18+00:00","dateModified":"2025-10-30T13:23:51+00:00","mainEntityOfPage":{"@id":"https:\/\/nzjz-split.hr\/svjetski-dan-sjecanja-na-zrtve-prometnih-nesreca-2025\/"},"wordCount":545,"commentCount":0,"publisher":{"@id":"https:\/\/nzjz-split.hr\/#organization"},"image":{"@id":"https:\/\/nzjz-split.hr\/svjetski-dan-sjecanja-na-zrtve-prometnih-nesreca-2025\/#primaryimage"},"thumbnailUrl":"https:\/\/nzjz-split.hr\/wp-content\/uploads\/2025\/10\/lost_talents_footbalshoes.jpg","articleSection":["Aktualno"],"inLanguage":"en-GB","potentialAction":[{"@type":"CommentAction","name":"Comment","target":["https:\/\/nzjz-split.hr\/svjetski-dan-sjecanja-na-zrtve-prometnih-nesreca-2025\/#respond"]}]},{"@type":"WebPage","@id":"https:\/\/nzjz-split.hr\/svjetski-dan-sjecanja-na-zrtve-prometnih-nesreca-2025\/","url":"https:\/\/nzjz-split.hr\/svjetski-dan-sjecanja-na-zrtve-prometnih-nesreca-2025\/","name":"NZJZ SD\u017d - Svjetski dan sje\u0107anja na \u017ertve prometnih nesre\u0107a 2025.","isPartOf":{"@id":"https:\/\/nzjz-split.hr\/#website"},"primaryImageOfPage":{"@id":"https:\/\/nzjz-split.hr\/svjetski-dan-sjecanja-na-zrtve-prometnih-nesreca-2025\/#primaryimage"},"image":{"@id":"https:\/\/nzjz-split.hr\/svjetski-dan-sjecanja-na-zrtve-prometnih-nesreca-2025\/#primaryimage"},"thumbnailUrl":"https:\/\/nzjz-split.hr\/wp-content\/uploads\/2025\/10\/lost_talents_footbalshoes.jpg","datePublished":"2025-10-30T08:53:18+00:00","dateModified":"2025-10-30T13:23:51+00:00","description":"Slu\u017ebene internet stranice Nastavnog Zavoda za javno zdravstvo Splitsko-dalmatinske \u017eupanije.","breadcrumb":{"@id":"https:\/\/nzjz-split.hr\/svjetski-dan-sjecanja-na-zrtve-prometnih-nesreca-2025\/#breadcrumb"},"inLanguage":"en-GB","potentialAction":[{"@type":"ReadAction","target":["https:\/\/nzjz-split.hr\/svjetski-dan-sjecanja-na-zrtve-prometnih-nesreca-2025\/"]}]},{"@type":"ImageObject","inLanguage":"en-GB","@id":"https:\/\/nzjz-split.hr\/svjetski-dan-sjecanja-na-zrtve-prometnih-nesreca-2025\/#primaryimage","url":"https:\/\/nzjz-split.hr\/wp-content\/uploads\/2025\/10\/lost_talents_footbalshoes.jpg","contentUrl":"https:\/\/nzjz-split.hr\/wp-content\/uploads\/2025\/10\/lost_talents_footbalshoes.jpg","width":6000,"height":4552,"caption":"\u017ertve prometnih nesre\u0107a"},{"@type":"BreadcrumbList","@id":"https:\/\/nzjz-split.hr\/svjetski-dan-sjecanja-na-zrtve-prometnih-nesreca-2025\/#breadcrumb","itemListElement":[{"@type":"ListItem","position":1,"name":"Naslovnica","item":"https:\/\/nzjz-split.hr\/"},{"@type":"ListItem","position":2,"name":"Svjetski dan sje\u0107anja na \u017ertve prometnih nesre\u0107a 2025."}]},{"@type":"WebSite","@id":"https:\/\/nzjz-split.hr\/#website","url":"https:\/\/nzjz-split.hr\/","name":"NZJZ SD\u017d","description":"Teaching Institute for Public Health, Split - Dalmatia County","publisher":{"@id":"https:\/\/nzjz-split.hr\/#organization"},"potentialAction":[{"@type":"SearchAction","target":{"@type":"EntryPoint","urlTemplate":"https:\/\/nzjz-split.hr\/?s={search_term_string}"},"query-input":{"@type":"PropertyValueSpecification","valueRequired":true,"valueName":"search_term_string"}}],"inLanguage":"en-GB"},{"@type":"Organization","@id":"https:\/\/nzjz-split.hr\/#organization","name":"Teaching Institute for Public Health, Split - Dalmatia County","url":"https:\/\/nzjz-split.hr\/","logo":{"@type":"ImageObject","inLanguage":"en-GB","@id":"https:\/\/nzjz-split.hr\/#\/schema\/logo\/image\/","url":"https:\/\/nzjz-split.hr\/wp-content\/uploads\/2021\/05\/nzjz-sdz-favicon-bg.png","contentUrl":"https:\/\/nzjz-split.hr\/wp-content\/uploads\/2021\/05\/nzjz-sdz-favicon-bg.png","width":220,"height":220,"caption":"Nastavni zavod za javno zdravstvo Splitsko - dalmatinske \u017eupanije"},"image":{"@id":"https:\/\/nzjz-split.hr\/#\/schema\/logo\/image\/"},"sameAs":["https:\/\/www.facebook.com\/NzjzSdz"]},{"@type":"Person","@id":"https:\/\/nzjz-split.hr\/#\/schema\/person\/d4edbad591a948af8cd09b72b624197f","name":"Ivana","image":{"@type":"ImageObject","inLanguage":"en-GB","@id":"https:\/\/nzjz-split.hr\/wp-content\/litespeed\/avatar\/f97b0586ae40a2bdc19519865286c20b.jpg?ver=1777486820","url":"https:\/\/nzjz-split.hr\/wp-content\/litespeed\/avatar\/f97b0586ae40a2bdc19519865286c20b.jpg?ver=1777486820","contentUrl":"https:\/\/nzjz-split.hr\/wp-content\/litespeed\/avatar\/f97b0586ae40a2bdc19519865286c20b.jpg?ver=1777486820","caption":"Ivana"}}]}},"_links":{"self":[{"href":"https:\/\/nzjz-split.hr\/en\/wp-json\/wp\/v2\/posts\/28736","targetHints":{"allow":["GET"]}}],"collection":[{"href":"https:\/\/nzjz-split.hr\/en\/wp-json\/wp\/v2\/posts"}],"about":[{"href":"https:\/\/nzjz-split.hr\/en\/wp-json\/wp\/v2\/types\/post"}],"author":[{"embeddable":true,"href":"https:\/\/nzjz-split.hr\/en\/wp-json\/wp\/v2\/users\/7"}],"replies":[{"embeddable":true,"href":"https:\/\/nzjz-split.hr\/en\/wp-json\/wp\/v2\/comments?post=28736"}],"version-history":[{"count":13,"href":"https:\/\/nzjz-split.hr\/en\/wp-json\/wp\/v2\/posts\/28736\/revisions"}],"predecessor-version":[{"id":28765,"href":"https:\/\/nzjz-split.hr\/en\/wp-json\/wp\/v2\/posts\/28736\/revisions\/28765"}],"wp:featuredmedia":[{"embeddable":true,"href":"https:\/\/nzjz-split.hr\/en\/wp-json\/wp\/v2\/media\/28749"}],"wp:attachment":[{"href":"https:\/\/nzjz-split.hr\/en\/wp-json\/wp\/v2\/media?parent=28736"}],"wp:term":[{"taxonomy":"category","embeddable":true,"href":"https:\/\/nzjz-split.hr\/en\/wp-json\/wp\/v2\/categories?post=28736"},{"taxonomy":"post_tag","embeddable":true,"href":"https:\/\/nzjz-split.hr\/en\/wp-json\/wp\/v2\/tags?post=28736"}],"curies":[{"name":"wp","href":"https:\/\/api.w.org\/{rel}","templated":true}]}}