{"id":29407,"date":"2026-04-02T08:10:50","date_gmt":"2026-04-02T06:10:50","guid":{"rendered":"https:\/\/nzjz-split.hr\/?p=29407"},"modified":"2026-04-14T11:16:04","modified_gmt":"2026-04-14T09:16:04","slug":"peludna-prognoza-i-peludni-kalendar-2","status":"publish","type":"post","link":"https:\/\/nzjz-split.hr\/en\/peludna-prognoza-i-peludni-kalendar-2\/","title":{"rendered":"Peludna prognoza i peludni kalendar"},"content":{"rendered":"<p>U fokusu aerobiolo\u0161kih istra\u017eivanja su: aeroalergeni &#8211; \u010destice biolo\u0161kog podrijetla koje se pasivno prenose zrakom, \u010dimbenici okoli\u0161a koji utje\u010du na njihovo otpu\u0161tanje i rasprostiranje te u\u010dinak aeroalergena na \u010dovjeka i okoli\u0161.&nbsp;Me\u0111u ovim su \u010desticama, obzirom na brojnost i alergena svojstva, najzna\u010dajnije spore gljiva, bakterije, virusi, fragmenti algi i li\u0161ajeva te pelud alergenih biljaka. Ovi inhalatorni alergeni me\u0111u vode\u0107im su uzro\u010dnicima alergijskih bolesti dana\u0161njice i predstavljaju zna\u010dajan javnozdravstveni problem.<\/p>\n\n\n\n<p>Simptomi i ja\u010dina alergijskih reakcija uzrokovanih peludom alergenih biljaka ovise o alergijskom potencijalu i koncentraciji peluda u zraku. Uz alergijski potencijal, da bi neka biljna svojta bila alergena, moraju biti zadovoljena jo\u0161 tri va\u017ena uvjeta: rasprostranjenost i brojnost biljke, produkcija i otpu\u0161tanje peluda u velikim koli\u010dinama te opra\u0161ivanje vjetrom (anemofilija). Za ve\u0107inu biljnih svojti i geografska podru\u010dja nije odre\u0111en to\u010dan broj peludnih zrnaca potreban za pojavu simptoma alergije pa su na temelju dosada\u0161njih istra\u017eivanja korelacije koncentracije peluda sa alergijskim reakcijama, alergene biljke svrstane u botani\u010dke skupine (drve\u0107e, trave i korovi) i izra\u010dunati kriteriji za ocjenu razine njihovog peluda u zraku (Tablica 1.).<\/p>\n\n\n\n<div style=\"height:17px\" aria-hidden=\"true\" class=\"wp-block-spacer\"><\/div>\n\n\n\n<p><strong>Tablica 1<\/strong>. Kriteriji za ocjenu razine peluda u zraku<\/p>\n\n\n\n<figure class=\"wp-block-table is-style-stripes\"><table class=\"has-black-color has-electric-grass-gradient-background has-text-color has-background has-link-color has-fixed-layout\" style=\"border-width:7px\"><tbody><tr><td class=\"has-text-align-center\" data-align=\"center\" rowspan=\"2\"><strong>Razina peluda<\/strong><\/td><td class=\"has-text-align-center\" data-align=\"center\" colspan=\"3\"><strong>Koncentracija peluda (pz\/m<sup>3<\/sup>)<\/strong><\/td><\/tr><tr><td class=\"has-text-align-center\" data-align=\"center\"><strong>drve\u0107e<\/strong><\/td><td class=\"has-text-align-center\" data-align=\"center\"><strong>trave<\/strong><\/td><td class=\"has-text-align-center\" data-align=\"center\"><strong>korovi<\/strong><\/td><\/tr><tr><td class=\"has-text-align-center\" data-align=\"center\"><strong>niska<\/strong><\/td><td class=\"has-text-align-center\" data-align=\"center\"><strong>1 &#8211; 15<\/strong><\/td><td class=\"has-text-align-center\" data-align=\"center\"><strong>1 &#8211; 5<\/strong><\/td><td class=\"has-text-align-center\" data-align=\"center\"><strong>1 &#8211; 10<\/strong><\/td><\/tr><tr><td class=\"has-text-align-center\" data-align=\"center\"><strong>umjerena<\/strong><\/td><td class=\"has-text-align-center\" data-align=\"center\"><strong>16 &#8211; 90<\/strong><\/td><td class=\"has-text-align-center\" data-align=\"center\"><strong>6 &#8211; 20<\/strong><\/td><td class=\"has-text-align-center\" data-align=\"center\"><strong>11 &#8211; 50<\/strong><\/td><\/tr><tr><td class=\"has-text-align-center\" data-align=\"center\"><strong>visoka<\/strong><\/td><td class=\"has-text-align-center\" data-align=\"center\"><strong>91 &#8211; 1500<\/strong><\/td><td class=\"has-text-align-center\" data-align=\"center\"><strong>21 &#8211; 200<\/strong><\/td><td class=\"has-text-align-center\" data-align=\"center\"><strong>51 &#8211; 500<\/strong><\/td><\/tr><tr><td class=\"has-text-align-center\" data-align=\"center\"><strong>vrlo visoka<\/strong><\/td><td class=\"has-text-align-center\" data-align=\"center\"><strong>&gt; 1501<\/strong><\/td><td class=\"has-text-align-center\" data-align=\"center\"><strong>&gt; 201<\/strong><\/td><td class=\"has-text-align-center\" data-align=\"center\"><strong>&gt; 501<\/strong><\/td><\/tr><\/tbody><\/table><\/figure>\n\n\n\n<p>Nastavni zavod za javno zdravstvo Splitsko-dalmatinske \u017eupanije prepoznao je va\u017enost kontinuiranog pra\u0107enja razina alergenog peluda te je 2005. opremljen volumetrijskim <em>Hirst<\/em>-ovim ure\u0111ajem za uzorkovanje biolo\u0161kih \u010destica i postao dio nacionalne i europske mre\u017ee aerobiolo\u0161kih mjernih postaja. Glavni je cilj aerobiolo\u0161kog monitoringa pru\u017eanje pravovremenih informacija svim zainteresiranim stranama o vrstama i razinama peluda prisutnog u zraku. Podatci prikupljeni i obra\u0111eni kvalitativnom i kvantitativnom analizom temelj su za izradu peludne prognoze tijekom cijele godine i peludnog kalendara na kraju godine. Prognoza se, u obliku alergijskog semafora, izra\u0111uje prema kriterijima za procjenu razine peluda na osnovi prosje\u010dnih dnevnih koncentracija i prevladavaju\u0107ih meteorolo\u0161kih uvjeta.<\/p>\n\n\n\n<p>Peludni kalendar grafi\u010dki prikazuje po\u010detak, trajanje, zavr\u0161etak te intenzitet cvjetanja i opra\u0161ivanja najzastupljenijih alergenih biljaka tijekom jedne peludne sezone. Podlo\u017eni su varijacijama, jer produkcija peluda ovisi o meteorolo\u0161kim uvjetima u prethodnoj sezoni i u sezoni cvjetanja i opra\u0161ivanja.<\/p>\n\n\n\n<p>Peludna prognoza, uz opis alergenih biljaka, svakodnevno se objavljuje na internetskim stranicama Zavoda i mobilnoj aplikaciji PeludnaPrognoza portala Pliva zdravlje.<\/p>\n\n\n\n<p>Na splitskom podru\u010dju, na kojem prevladavaju tipi\u010dni mediteranski klimatski i geografski uvjeti, najzna\u010dajnije alergene biljke su: maslina, crkvina, trave, ambrozija (visoki alergijski potencijal), platana i jasen (umjereni do visoki alergijski potencijal), \u010dempres, hrast crnika, grab, kostela (umjereni alergijski potencijal) te bor (niski alergijski potencijal). Najdu\u017eu peludnu sezonu imaju \u010dempresi i crkvina, koje se ovisno o klimatskim uvjetima sezone, mogu opra\u0161ivati cijelu godinu. \u010cempresi djeluju kao dimnjaci zbog otpu\u0161tanja ogromnih koli\u010dina peluda I najzastupljenija su alergena vrsta peludnog spektra. Najkra\u0107e su peludne sezone masline, platane i kostele koje u vrlo kratkom razdoblju dose\u017eu visoke razine peluda. Maslina se unato\u010d kratkoj peludnoj sezoni smatra jednim od najzna\u010dajnijih alergena na podru\u010dju Mediterana, dok se na svjetskoj razini najzna\u010dajnijim alergenom smatraju trave zbog velike rasprostranjenosti i raznolikosti. Borovi otpu\u0161taju pelud u izuzetno velikim koli\u010dinama i kratkom vremenskom periodu \u0161to mo\u017ee prouzro\u010diti mehani\u010dke iritacije. Pelud ambrozije, kao jedan od najsna\u017enijih prirodnih alergena zna\u010dajan je za dalmatinsko zale\u0111e.<\/p>\n\n\n\n<p>Klimatske promjene, kojima i sami svjedo\u010dimo, imaju izravan utjecaj na fiziolo\u0161ke cikluse biljaka; cvjetanje i otpu\u0161tanje peluda sve je ranije i intenzivnije pa se pelud smatra bioindikatorom klimatskih promjena. Dokaz je tome zna\u010dajan, skoro osmerostruki, porast godi\u0161njeg peludnog indeksa na podru\u010dju na\u0161e \u017dupanije u razdoblju od 2005. &#8211; 2023. Budu\u0107i se Mediteran smatra najosjetljivijim podru\u010djem na koje klimatske promjene imaju sna\u017ean utjecaj, i na na\u0161em se podru\u010dju mo\u017ee o\u010dekivati daljnji porast koli\u010dine alergenog peluda u zraku.<\/p>\n\n\n\n<p>Zbog svega navedenoga, interpretacija rezultata aerobiolo\u0161kog monitoringa od iznimne je koristi onom dijelu populacije koja pravovremeno zapo\u010detim antialergijskim tretmanom mo\u017ee umanjiti i \/ ili u potpunosti izbje\u0107i simptome alergija.<\/p>\n\n\n\n<div style=\"height:37px\" aria-hidden=\"true\" class=\"wp-block-spacer\"><\/div>\n\n\n\n<hr class=\"wp-block-separator has-alpha-channel-opacity\"\/>\n\n\n\n<div style=\"height:37px\" aria-hidden=\"true\" class=\"wp-block-spacer\"><\/div>\n\n\n\n<p>Sezona peludnih alergija zapo\u010dinje ve\u0107 po\u010detkom godine, cvjetanjem \u010dempresa, \u010dija je pelud u zraku prisutna od sije\u010dnja. S dolaskom toplijih i sun\u010danijih dana peludni spektar postaje sve bogatiji. Prolje\u0107e donosi najintenzivnije razdoblje cvjetanja i opra\u0161ivanja biljaka \u010dija pelud ima razli\u010dit stupanj alergijskog potencijala &#8211; od niskog do visokog.<\/p>\n\n\n\n<p>Peludni kalendar splitskog podru\u010dja pouzdan je vodi\u010d kroz sezonu peludnih alergija, osmi\u0161ljen kako bi alergi\u010dnim osobama pomogao u svakodnevnom planiranju i pravodobnoj za\u0161titi zdravlja. Izra\u0111uje se na kraju svake kalendarske godine te grafi\u010dki prikazuje po\u010detak, trajanje, zavr\u0161etak i intenzitet peludnih sezona pojedinih biljnih vrsta. (<a href=\"https:\/\/nzjz-split.hr\/wp-content\/uploads\/2026\/02\/peludni_kalendar_nzjz_sdz_za_2026.pdf\"><em>Peludni kalendar<\/em><\/a>)<\/p>\n\n\n\n<p>Na temelju svakodnevnih mjerenja koncentracije alergenog peluda u zraku te pra\u0107enja meteorolo\u0161kih uvjeta izra\u0111uje se peludna prognoza, prikazana kroz alergijski semafor. Ona omogu\u0107uje brz i jednostavan uvid u razinu izlo\u017eenosti alergenima. (<em><a href=\"https:\/\/nzjz-split.hr\/en\/servisi\/peludna-prognoza-split\/\" target=\"_blank\" rel=\"noreferrer noopener\">Peludna prognoza<\/a><\/em>)<\/p>\n\n\n\n<p>Korisnicima je na raspolaganju i pregled naju\u010destalijih alergenih biljaka splitskog podru\u010dja, s opisima koji olak\u0161avaju prepoznavanje izvora tegoba i bolje razumijevanje peludne sezone. (<em><a href=\"https:\/\/nzjz-split.hr\/wp-content\/uploads\/2026\/04\/alergene_biljke_2026.pdf\" target=\"_blank\" rel=\"noreferrer noopener\">Alergene biljke<\/a><\/em>)<\/p>\n\n\n\n<p>Peludna prognoza i peludni kalendar nezaobilazni su alati za sve koji \u017eele pravodobno ubla\u017eiti simptome alergija, planirati boravak na otvorenom, smanjiti izlo\u017eenost alergenom peludu i unaprijediti kvalitetu \u017eivota.<\/p>\n\n\n\n<div style=\"height:37px\" aria-hidden=\"true\" class=\"wp-block-spacer\"><\/div>\n\n\n\n<p><strong>Dr. sc. Mirna Mami\u0107, prof. biol.<\/strong><\/p>\n\n\n\n<p><strong>Slu\u017eba za zdravstvenu ekologiju NZJZ SD\u017d<\/strong><\/p>\n\n\n\n<div style=\"height:17px\" aria-hidden=\"true\" class=\"wp-block-spacer\"><\/div>\n\n\n\n<figure class=\"wp-block-image aligncenter size-full is-resized is-style-rounded\"><img fetchpriority=\"high\" decoding=\"async\" width=\"1000\" height=\"750\" src=\"https:\/\/nzjz-split.hr\/wp-content\/uploads\/2021\/06\/Perud_2023.jpg\" alt=\"Pelud, cvije\u0107e\" class=\"wp-image-17395\" style=\"width:777px\" srcset=\"https:\/\/nzjz-split.hr\/wp-content\/uploads\/2021\/06\/Perud_2023.jpg 1000w, https:\/\/nzjz-split.hr\/wp-content\/uploads\/2021\/06\/Perud_2023-16x12.jpg 16w, https:\/\/nzjz-split.hr\/wp-content\/uploads\/2021\/06\/Perud_2023-600x450.jpg 600w\" sizes=\"(max-width: 1000px) 100vw, 1000px\" \/><\/figure>\n\n\n\n<div style=\"height:17px\" aria-hidden=\"true\" class=\"wp-block-spacer\"><\/div>","protected":false},"excerpt":{"rendered":"<p>U fokusu aerobiolo\u0161kih istra\u017eivanja su: aeroalergeni &#8211; \u010destice biolo\u0161kog podrijetla koje se pasivno prenose zrakom, \u010dimbenici okoli\u0161a koji utje\u010du na njihovo otpu\u0161tanje i rasprostiranje te u\u010dinak aeroalergena na \u010dovjeka i okoli\u0161.&nbsp;Me\u0111u ovim su \u010desticama, obzirom na brojnost i alergena svojstva, najzna\u010dajnije spore gljiva, bakterije, virusi, fragmenti algi i li\u0161ajeva te pelud alergenih biljaka. Ovi inhalatorni [&hellip;]<\/p>\n","protected":false},"author":7,"featured_media":4252,"comment_status":"open","ping_status":"open","sticky":false,"template":"","format":"standard","meta":{"inline_featured_image":false,"footnotes":""},"categories":[95],"tags":[],"class_list":["post-29407","post","type-post","status-publish","format-standard","has-post-thumbnail","hentry","category-javnozdravstvene-teme"],"yoast_head":"<!-- This site is optimized with the Yoast SEO plugin v27.3 - https:\/\/yoast.com\/product\/yoast-seo-wordpress\/ -->\n<title>NZJZ SD\u017d - Peludna prognoza i peludni kalendar<\/title>\n<meta name=\"description\" content=\"Slu\u017ebene internet stranice Nastavnog Zavoda za javno zdravstvo Splitsko-dalmatinske \u017eupanije.\" \/>\n<meta name=\"robots\" content=\"index, follow, max-snippet:-1, max-image-preview:large, max-video-preview:-1\" \/>\n<link rel=\"canonical\" href=\"https:\/\/nzjz-split.hr\/en\/peludna-prognoza-i-peludni-kalendar-2\/\" \/>\n<meta property=\"og:locale\" content=\"en_GB\" \/>\n<meta property=\"og:type\" content=\"article\" \/>\n<meta property=\"og:title\" content=\"NZJZ SD\u017d - Peludna prognoza i peludni kalendar\" \/>\n<meta property=\"og:description\" content=\"Slu\u017ebene internet stranice Nastavnog Zavoda za javno zdravstvo Splitsko-dalmatinske \u017eupanije.\" \/>\n<meta property=\"og:url\" content=\"https:\/\/nzjz-split.hr\/en\/peludna-prognoza-i-peludni-kalendar-2\/\" \/>\n<meta property=\"og:site_name\" content=\"NZJZ SD\u017d\" \/>\n<meta property=\"article:publisher\" content=\"https:\/\/www.facebook.com\/NzjzSdz\" \/>\n<meta property=\"article:published_time\" content=\"2026-04-02T06:10:50+00:00\" \/>\n<meta property=\"article:modified_time\" content=\"2026-04-14T09:16:04+00:00\" \/>\n<meta property=\"og:image\" content=\"https:\/\/nzjz-split.hr\/wp-content\/uploads\/2021\/05\/peludni_kalendar_mediteranske_hrvatske_2019.jpg\" \/>\n\t<meta property=\"og:image:width\" content=\"1000\" \/>\n\t<meta property=\"og:image:height\" content=\"563\" \/>\n\t<meta property=\"og:image:type\" content=\"image\/jpeg\" \/>\n<meta name=\"author\" content=\"Ivana\" \/>\n<meta name=\"twitter:card\" content=\"summary_large_image\" \/>\n<meta name=\"twitter:label1\" content=\"Written by\" \/>\n\t<meta name=\"twitter:data1\" content=\"Ivana\" \/>\n\t<meta name=\"twitter:label2\" content=\"Estimated reading time\" \/>\n\t<meta name=\"twitter:data2\" content=\"5 minutes\" \/>\n<script type=\"application\/ld+json\" class=\"yoast-schema-graph\">{\"@context\":\"https:\\\/\\\/schema.org\",\"@graph\":[{\"@type\":\"Article\",\"@id\":\"https:\\\/\\\/nzjz-split.hr\\\/peludna-prognoza-i-peludni-kalendar-2\\\/#article\",\"isPartOf\":{\"@id\":\"https:\\\/\\\/nzjz-split.hr\\\/peludna-prognoza-i-peludni-kalendar-2\\\/\"},\"author\":{\"name\":\"Ivana\",\"@id\":\"https:\\\/\\\/nzjz-split.hr\\\/#\\\/schema\\\/person\\\/d4edbad591a948af8cd09b72b624197f\"},\"headline\":\"Peludna prognoza i peludni kalendar\",\"datePublished\":\"2026-04-02T06:10:50+00:00\",\"dateModified\":\"2026-04-14T09:16:04+00:00\",\"mainEntityOfPage\":{\"@id\":\"https:\\\/\\\/nzjz-split.hr\\\/peludna-prognoza-i-peludni-kalendar-2\\\/\"},\"wordCount\":928,\"commentCount\":0,\"publisher\":{\"@id\":\"https:\\\/\\\/nzjz-split.hr\\\/#organization\"},\"image\":{\"@id\":\"https:\\\/\\\/nzjz-split.hr\\\/peludna-prognoza-i-peludni-kalendar-2\\\/#primaryimage\"},\"thumbnailUrl\":\"https:\\\/\\\/nzjz-split.hr\\\/wp-content\\\/uploads\\\/2021\\\/05\\\/peludni_kalendar_mediteranske_hrvatske_2019.jpg\",\"articleSection\":[\"Javnozdravstvene teme\"],\"inLanguage\":\"en-GB\",\"potentialAction\":[{\"@type\":\"CommentAction\",\"name\":\"Comment\",\"target\":[\"https:\\\/\\\/nzjz-split.hr\\\/peludna-prognoza-i-peludni-kalendar-2\\\/#respond\"]}]},{\"@type\":\"WebPage\",\"@id\":\"https:\\\/\\\/nzjz-split.hr\\\/peludna-prognoza-i-peludni-kalendar-2\\\/\",\"url\":\"https:\\\/\\\/nzjz-split.hr\\\/peludna-prognoza-i-peludni-kalendar-2\\\/\",\"name\":\"NZJZ SD\u017d - Peludna prognoza i peludni kalendar\",\"isPartOf\":{\"@id\":\"https:\\\/\\\/nzjz-split.hr\\\/#website\"},\"primaryImageOfPage\":{\"@id\":\"https:\\\/\\\/nzjz-split.hr\\\/peludna-prognoza-i-peludni-kalendar-2\\\/#primaryimage\"},\"image\":{\"@id\":\"https:\\\/\\\/nzjz-split.hr\\\/peludna-prognoza-i-peludni-kalendar-2\\\/#primaryimage\"},\"thumbnailUrl\":\"https:\\\/\\\/nzjz-split.hr\\\/wp-content\\\/uploads\\\/2021\\\/05\\\/peludni_kalendar_mediteranske_hrvatske_2019.jpg\",\"datePublished\":\"2026-04-02T06:10:50+00:00\",\"dateModified\":\"2026-04-14T09:16:04+00:00\",\"description\":\"Slu\u017ebene internet stranice Nastavnog Zavoda za javno zdravstvo Splitsko-dalmatinske \u017eupanije.\",\"breadcrumb\":{\"@id\":\"https:\\\/\\\/nzjz-split.hr\\\/peludna-prognoza-i-peludni-kalendar-2\\\/#breadcrumb\"},\"inLanguage\":\"en-GB\",\"potentialAction\":[{\"@type\":\"ReadAction\",\"target\":[\"https:\\\/\\\/nzjz-split.hr\\\/peludna-prognoza-i-peludni-kalendar-2\\\/\"]}]},{\"@type\":\"ImageObject\",\"inLanguage\":\"en-GB\",\"@id\":\"https:\\\/\\\/nzjz-split.hr\\\/peludna-prognoza-i-peludni-kalendar-2\\\/#primaryimage\",\"url\":\"https:\\\/\\\/nzjz-split.hr\\\/wp-content\\\/uploads\\\/2021\\\/05\\\/peludni_kalendar_mediteranske_hrvatske_2019.jpg\",\"contentUrl\":\"https:\\\/\\\/nzjz-split.hr\\\/wp-content\\\/uploads\\\/2021\\\/05\\\/peludni_kalendar_mediteranske_hrvatske_2019.jpg\",\"width\":1000,\"height\":563,\"caption\":\"Pelud\"},{\"@type\":\"BreadcrumbList\",\"@id\":\"https:\\\/\\\/nzjz-split.hr\\\/peludna-prognoza-i-peludni-kalendar-2\\\/#breadcrumb\",\"itemListElement\":[{\"@type\":\"ListItem\",\"position\":1,\"name\":\"Naslovnica\",\"item\":\"https:\\\/\\\/nzjz-split.hr\\\/\"},{\"@type\":\"ListItem\",\"position\":2,\"name\":\"Peludna prognoza i peludni kalendar\"}]},{\"@type\":\"WebSite\",\"@id\":\"https:\\\/\\\/nzjz-split.hr\\\/#website\",\"url\":\"https:\\\/\\\/nzjz-split.hr\\\/\",\"name\":\"NZJZ SD\u017d\",\"description\":\"Nastavni zavod za javno zdravstvo Splitsko - dalmatinske \u017eupanije\",\"publisher\":{\"@id\":\"https:\\\/\\\/nzjz-split.hr\\\/#organization\"},\"potentialAction\":[{\"@type\":\"SearchAction\",\"target\":{\"@type\":\"EntryPoint\",\"urlTemplate\":\"https:\\\/\\\/nzjz-split.hr\\\/?s={search_term_string}\"},\"query-input\":{\"@type\":\"PropertyValueSpecification\",\"valueRequired\":true,\"valueName\":\"search_term_string\"}}],\"inLanguage\":\"en-GB\"},{\"@type\":\"Organization\",\"@id\":\"https:\\\/\\\/nzjz-split.hr\\\/#organization\",\"name\":\"Nastavni zavod za javno zdravstvo Splitsko - dalmatinske \u017eupanije\",\"url\":\"https:\\\/\\\/nzjz-split.hr\\\/\",\"logo\":{\"@type\":\"ImageObject\",\"inLanguage\":\"en-GB\",\"@id\":\"https:\\\/\\\/nzjz-split.hr\\\/#\\\/schema\\\/logo\\\/image\\\/\",\"url\":\"https:\\\/\\\/nzjz-split.hr\\\/wp-content\\\/uploads\\\/2021\\\/05\\\/nzjz-sdz-favicon-bg.png\",\"contentUrl\":\"https:\\\/\\\/nzjz-split.hr\\\/wp-content\\\/uploads\\\/2021\\\/05\\\/nzjz-sdz-favicon-bg.png\",\"width\":220,\"height\":220,\"caption\":\"Nastavni zavod za javno zdravstvo Splitsko - dalmatinske \u017eupanije\"},\"image\":{\"@id\":\"https:\\\/\\\/nzjz-split.hr\\\/#\\\/schema\\\/logo\\\/image\\\/\"},\"sameAs\":[\"https:\\\/\\\/www.facebook.com\\\/NzjzSdz\"]},{\"@type\":\"Person\",\"@id\":\"https:\\\/\\\/nzjz-split.hr\\\/#\\\/schema\\\/person\\\/d4edbad591a948af8cd09b72b624197f\",\"name\":\"Ivana\",\"image\":{\"@type\":\"ImageObject\",\"inLanguage\":\"en-GB\",\"@id\":\"https:\\\/\\\/nzjz-split.hr\\\/wp-content\\\/litespeed\\\/avatar\\\/f97b0586ae40a2bdc19519865286c20b.jpg?ver=1777486820\",\"url\":\"https:\\\/\\\/nzjz-split.hr\\\/wp-content\\\/litespeed\\\/avatar\\\/f97b0586ae40a2bdc19519865286c20b.jpg?ver=1777486820\",\"contentUrl\":\"https:\\\/\\\/nzjz-split.hr\\\/wp-content\\\/litespeed\\\/avatar\\\/f97b0586ae40a2bdc19519865286c20b.jpg?ver=1777486820\",\"caption\":\"Ivana\"}}]}<\/script>\n<!-- \/ Yoast SEO plugin. -->","yoast_head_json":{"title":"NZJZ SD\u017d - Peludna prognoza i peludni kalendar","description":"Slu\u017ebene internet stranice Nastavnog Zavoda za javno zdravstvo Splitsko-dalmatinske \u017eupanije.","robots":{"index":"index","follow":"follow","max-snippet":"max-snippet:-1","max-image-preview":"max-image-preview:large","max-video-preview":"max-video-preview:-1"},"canonical":"https:\/\/nzjz-split.hr\/en\/peludna-prognoza-i-peludni-kalendar-2\/","og_locale":"en_GB","og_type":"article","og_title":"NZJZ SD\u017d - Peludna prognoza i peludni kalendar","og_description":"Slu\u017ebene internet stranice Nastavnog Zavoda za javno zdravstvo Splitsko-dalmatinske \u017eupanije.","og_url":"https:\/\/nzjz-split.hr\/en\/peludna-prognoza-i-peludni-kalendar-2\/","og_site_name":"NZJZ SD\u017d","article_publisher":"https:\/\/www.facebook.com\/NzjzSdz","article_published_time":"2026-04-02T06:10:50+00:00","article_modified_time":"2026-04-14T09:16:04+00:00","og_image":[{"width":1000,"height":563,"url":"https:\/\/nzjz-split.hr\/wp-content\/uploads\/2021\/05\/peludni_kalendar_mediteranske_hrvatske_2019.jpg","type":"image\/jpeg"}],"author":"Ivana","twitter_card":"summary_large_image","twitter_misc":{"Written by":"Ivana","Estimated reading time":"5 minutes"},"schema":{"@context":"https:\/\/schema.org","@graph":[{"@type":"Article","@id":"https:\/\/nzjz-split.hr\/peludna-prognoza-i-peludni-kalendar-2\/#article","isPartOf":{"@id":"https:\/\/nzjz-split.hr\/peludna-prognoza-i-peludni-kalendar-2\/"},"author":{"name":"Ivana","@id":"https:\/\/nzjz-split.hr\/#\/schema\/person\/d4edbad591a948af8cd09b72b624197f"},"headline":"Peludna prognoza i peludni kalendar","datePublished":"2026-04-02T06:10:50+00:00","dateModified":"2026-04-14T09:16:04+00:00","mainEntityOfPage":{"@id":"https:\/\/nzjz-split.hr\/peludna-prognoza-i-peludni-kalendar-2\/"},"wordCount":928,"commentCount":0,"publisher":{"@id":"https:\/\/nzjz-split.hr\/#organization"},"image":{"@id":"https:\/\/nzjz-split.hr\/peludna-prognoza-i-peludni-kalendar-2\/#primaryimage"},"thumbnailUrl":"https:\/\/nzjz-split.hr\/wp-content\/uploads\/2021\/05\/peludni_kalendar_mediteranske_hrvatske_2019.jpg","articleSection":["Javnozdravstvene teme"],"inLanguage":"en-GB","potentialAction":[{"@type":"CommentAction","name":"Comment","target":["https:\/\/nzjz-split.hr\/peludna-prognoza-i-peludni-kalendar-2\/#respond"]}]},{"@type":"WebPage","@id":"https:\/\/nzjz-split.hr\/peludna-prognoza-i-peludni-kalendar-2\/","url":"https:\/\/nzjz-split.hr\/peludna-prognoza-i-peludni-kalendar-2\/","name":"NZJZ SD\u017d - Peludna prognoza i peludni kalendar","isPartOf":{"@id":"https:\/\/nzjz-split.hr\/#website"},"primaryImageOfPage":{"@id":"https:\/\/nzjz-split.hr\/peludna-prognoza-i-peludni-kalendar-2\/#primaryimage"},"image":{"@id":"https:\/\/nzjz-split.hr\/peludna-prognoza-i-peludni-kalendar-2\/#primaryimage"},"thumbnailUrl":"https:\/\/nzjz-split.hr\/wp-content\/uploads\/2021\/05\/peludni_kalendar_mediteranske_hrvatske_2019.jpg","datePublished":"2026-04-02T06:10:50+00:00","dateModified":"2026-04-14T09:16:04+00:00","description":"Slu\u017ebene internet stranice Nastavnog Zavoda za javno zdravstvo Splitsko-dalmatinske \u017eupanije.","breadcrumb":{"@id":"https:\/\/nzjz-split.hr\/peludna-prognoza-i-peludni-kalendar-2\/#breadcrumb"},"inLanguage":"en-GB","potentialAction":[{"@type":"ReadAction","target":["https:\/\/nzjz-split.hr\/peludna-prognoza-i-peludni-kalendar-2\/"]}]},{"@type":"ImageObject","inLanguage":"en-GB","@id":"https:\/\/nzjz-split.hr\/peludna-prognoza-i-peludni-kalendar-2\/#primaryimage","url":"https:\/\/nzjz-split.hr\/wp-content\/uploads\/2021\/05\/peludni_kalendar_mediteranske_hrvatske_2019.jpg","contentUrl":"https:\/\/nzjz-split.hr\/wp-content\/uploads\/2021\/05\/peludni_kalendar_mediteranske_hrvatske_2019.jpg","width":1000,"height":563,"caption":"Pelud"},{"@type":"BreadcrumbList","@id":"https:\/\/nzjz-split.hr\/peludna-prognoza-i-peludni-kalendar-2\/#breadcrumb","itemListElement":[{"@type":"ListItem","position":1,"name":"Naslovnica","item":"https:\/\/nzjz-split.hr\/"},{"@type":"ListItem","position":2,"name":"Peludna prognoza i peludni kalendar"}]},{"@type":"WebSite","@id":"https:\/\/nzjz-split.hr\/#website","url":"https:\/\/nzjz-split.hr\/","name":"NZJZ SD\u017d","description":"Teaching Institute for Public Health, Split - Dalmatia County","publisher":{"@id":"https:\/\/nzjz-split.hr\/#organization"},"potentialAction":[{"@type":"SearchAction","target":{"@type":"EntryPoint","urlTemplate":"https:\/\/nzjz-split.hr\/?s={search_term_string}"},"query-input":{"@type":"PropertyValueSpecification","valueRequired":true,"valueName":"search_term_string"}}],"inLanguage":"en-GB"},{"@type":"Organization","@id":"https:\/\/nzjz-split.hr\/#organization","name":"Teaching Institute for Public Health, Split - Dalmatia County","url":"https:\/\/nzjz-split.hr\/","logo":{"@type":"ImageObject","inLanguage":"en-GB","@id":"https:\/\/nzjz-split.hr\/#\/schema\/logo\/image\/","url":"https:\/\/nzjz-split.hr\/wp-content\/uploads\/2021\/05\/nzjz-sdz-favicon-bg.png","contentUrl":"https:\/\/nzjz-split.hr\/wp-content\/uploads\/2021\/05\/nzjz-sdz-favicon-bg.png","width":220,"height":220,"caption":"Nastavni zavod za javno zdravstvo Splitsko - dalmatinske \u017eupanije"},"image":{"@id":"https:\/\/nzjz-split.hr\/#\/schema\/logo\/image\/"},"sameAs":["https:\/\/www.facebook.com\/NzjzSdz"]},{"@type":"Person","@id":"https:\/\/nzjz-split.hr\/#\/schema\/person\/d4edbad591a948af8cd09b72b624197f","name":"Ivana","image":{"@type":"ImageObject","inLanguage":"en-GB","@id":"https:\/\/nzjz-split.hr\/wp-content\/litespeed\/avatar\/f97b0586ae40a2bdc19519865286c20b.jpg?ver=1777486820","url":"https:\/\/nzjz-split.hr\/wp-content\/litespeed\/avatar\/f97b0586ae40a2bdc19519865286c20b.jpg?ver=1777486820","contentUrl":"https:\/\/nzjz-split.hr\/wp-content\/litespeed\/avatar\/f97b0586ae40a2bdc19519865286c20b.jpg?ver=1777486820","caption":"Ivana"}}]}},"_links":{"self":[{"href":"https:\/\/nzjz-split.hr\/en\/wp-json\/wp\/v2\/posts\/29407","targetHints":{"allow":["GET"]}}],"collection":[{"href":"https:\/\/nzjz-split.hr\/en\/wp-json\/wp\/v2\/posts"}],"about":[{"href":"https:\/\/nzjz-split.hr\/en\/wp-json\/wp\/v2\/types\/post"}],"author":[{"embeddable":true,"href":"https:\/\/nzjz-split.hr\/en\/wp-json\/wp\/v2\/users\/7"}],"replies":[{"embeddable":true,"href":"https:\/\/nzjz-split.hr\/en\/wp-json\/wp\/v2\/comments?post=29407"}],"version-history":[{"count":7,"href":"https:\/\/nzjz-split.hr\/en\/wp-json\/wp\/v2\/posts\/29407\/revisions"}],"predecessor-version":[{"id":30201,"href":"https:\/\/nzjz-split.hr\/en\/wp-json\/wp\/v2\/posts\/29407\/revisions\/30201"}],"wp:featuredmedia":[{"embeddable":true,"href":"https:\/\/nzjz-split.hr\/en\/wp-json\/wp\/v2\/media\/4252"}],"wp:attachment":[{"href":"https:\/\/nzjz-split.hr\/en\/wp-json\/wp\/v2\/media?parent=29407"}],"wp:term":[{"taxonomy":"category","embeddable":true,"href":"https:\/\/nzjz-split.hr\/en\/wp-json\/wp\/v2\/categories?post=29407"},{"taxonomy":"post_tag","embeddable":true,"href":"https:\/\/nzjz-split.hr\/en\/wp-json\/wp\/v2\/tags?post=29407"}],"curies":[{"name":"wp","href":"https:\/\/api.w.org\/{rel}","templated":true}]}}