{"id":31477,"date":"2026-09-01T09:57:45","date_gmt":"2026-09-01T07:57:45","guid":{"rendered":"https:\/\/nzjz-split.hr\/?p=31477"},"modified":"2026-09-01T09:57:50","modified_gmt":"2026-09-01T07:57:50","slug":"europski-tjedan-mobilnosti-2026","status":"publish","type":"post","link":"https:\/\/nzjz-split.hr\/en\/europski-tjedan-mobilnosti-2026\/","title":{"rendered":"Europski tjedan mobilnosti 2026."},"content":{"rendered":"<figure class=\"wp-block-image aligncenter size-full\"><img decoding=\"async\" width=\"229\" height=\"49\" src=\"https:\/\/nzjz-split.hr\/wp-content\/uploads\/2026\/09\/tjedan_mobilnosti_1.png\" alt=\"mobilnost\" class=\"wp-image-31478\" srcset=\"https:\/\/nzjz-split.hr\/wp-content\/uploads\/2026\/09\/tjedan_mobilnosti_1.png 229w, https:\/\/nzjz-split.hr\/wp-content\/uploads\/2026\/09\/tjedan_mobilnosti_1-18x4.png 18w\" sizes=\"(max-width: 229px) 100vw, 229px\" \/><\/figure>\n\n\n\n<div style=\"height:17px\" aria-hidden=\"true\" class=\"wp-block-spacer\"><\/div>\n\n\n\n<p class=\"wp-block-paragraph\">Europski tjedan mobilnosti, koji se svake godine odr\u017eava u razdoblju 16. &#8211; 22. rujna, predstavlja kampanju Europske komisije kojom se promovira urbana odr\u017eiva mobilnost. Kampanjom se poti\u010du\u00a0 promjene pona\u0161anja pojedinaca i zajednice u cilju promicanja aktivne mobilnosti (hodanje, bicikliranje), kori\u0161tenja javnog prijevoza te planiranja boljih i \u010di\u0161\u0107ih transportnih rje\u0161enja (elektri\u010dna vozila).<\/p>\n\n\n\n<p class=\"wp-block-paragraph\">Tema ovogodi\u0161njeg tjedna je ista kao i pro\u0161le godine: &nbsp;\u201eMobilnost za sve\u201c (<em>engl. Mobility for Everyone<\/em>), s tom razlikom da ove godine stavlja naglasak na me\u0111ugeneracijsku pravednost. Ovogodi\u0161nja tema podrazumijeva osiguravanje pristupa odr\u017eivom prijevozu za sve ljude, bez obzira na njihove prihode, lokaciju, spol, dob ili sposobnosti. Pritom uva\u017eava \u010dinjenicu da se ljudi svih dobi, od djece i mladih, do odraslih i starijih osoba, tijekom \u017eivota suo\u010davaju s razli\u010ditim potrebama i izazovima povezanim s mobilno\u0161\u0107u.<\/p>\n\n\n\n<p class=\"wp-block-paragraph\">Obilje\u017eavanjem Europskog tjedna mobilnosti poti\u010demo ideju mobilnosti prema kojoj prometni sustavi trebaju biti prilago\u0111eni svim dobnim skupinama i zadovoljavanju potreba sada\u0161njih i budu\u0107ih generacija. Kori\u0161tenjem vje\u0161tina i potencijala svake generacije uz me\u0111usobnu suradnju mo\u017eemo pove\u0107ati uklju\u010divost mobilnosti.<\/p>\n\n\n\n<p class=\"wp-block-paragraph\">Strategijom me\u0111ugeneracijske pravednosti promi\u010de se dugoro\u010dno razmi\u0161ljanje o budu\u0107em upravljanju prometnim sustavima, te se osigurava sna\u017eniji glas mladih u kreiranju politika.<\/p>\n\n\n\n<p class=\"wp-block-paragraph\">Aktivnosti koje se provode tijekom ovog tjedna dosi\u017eu vrhunac 22. rujna obilje\u017eavanjem <strong>Svjetskog dana bez automobila<\/strong> (engl. <em>World Car-Free Day<\/em>). Prvi Me\u0111unarodni dan bez automobila obilje\u017een je 1999. tijekom Europskog tjedna mobilnosti, a ve\u0107 sljede\u0107e godine prihva\u0107en je diljem svijeta kao Svjetski dan bez automobila. Kako ve\u0107ina vozila dana\u0161njice emitira ugljik-dioksid i druge stakleni\u010dke plinove, koji su glavni uzrok globalnog zatopljenja, provesti jedan dan bez kori\u0161tenja automobila tek je mali korak u brizi za o\u010duvanjem okoli\u0161a. Ovim danom podi\u017ee se svijest o tome \u0161to svatko od nas mo\u017ee u\u010diniti za op\u0107u dobrobit &#8211; barem se na jedan dan odre\u0107i vo\u017enje automobilom i razmisliti o drugim mogu\u0107nostima transporta, prvenstveno o hodanju i bicikliranju.<\/p>\n\n\n\n<p class=\"wp-block-paragraph\">Mnogi gradovi kod nas i u svijetu obilje\u017eit \u0107e ovaj dan privremenim zatvaranjem pojedinih gradskih zona i ulica te njihovim pretvaranjem u pje\u0161a\u010dke zone, zatim osiguravanjem besplatnog gradskog prijevoza (poticanje gra\u0111ana da ostave automobile van uporabe makar na jedan dan) te organiziranjem biciklijada i edukacijskih radionica o sigurnosti u prometu.<\/p>\n\n\n\n<div style=\"height:7px\" aria-hidden=\"true\" class=\"wp-block-spacer\"><\/div>\n\n\n\n<p class=\"wp-block-paragraph\"><strong>Stoga zajedno promijenimo svako putovanje i osigurajmo mobilnost za sve!<\/strong><\/p>\n\n\n\n<figure class=\"wp-block-image alignright size-full is-resized\"><img decoding=\"async\" width=\"97\" height=\"42\" src=\"https:\/\/nzjz-split.hr\/wp-content\/uploads\/2026\/09\/tjedan_mobilnosti_2.png\" alt=\"mobilnost\" class=\"wp-image-31479\" style=\"aspect-ratio:2.3100111648678823;width:119px;height:auto\" srcset=\"https:\/\/nzjz-split.hr\/wp-content\/uploads\/2026\/09\/tjedan_mobilnosti_2.png 97w, https:\/\/nzjz-split.hr\/wp-content\/uploads\/2026\/09\/tjedan_mobilnosti_2-18x8.png 18w\" sizes=\"(max-width: 97px) 100vw, 97px\" \/><\/figure>\n\n\n\n<div style=\"height:17px\" aria-hidden=\"true\" class=\"wp-block-spacer\"><\/div>\n\n\n\n<p class=\"wp-block-paragraph\"><strong>Prim. mr. Ivana Bo\u010dina, dr. med., spec. javnog zdravstva<\/strong><strong><br>Slu\u017eba za epidemiologiju NZJZ SD\u017d<\/strong><\/p>\n\n\n\n<div style=\"height:17px\" aria-hidden=\"true\" class=\"wp-block-spacer\"><\/div>","protected":false},"excerpt":{"rendered":"<p>Europski tjedan mobilnosti, koji se svake godine odr\u017eava u razdoblju 16. &#8211; 22. rujna, predstavlja kampanju Europske komisije kojom se promovira urbana odr\u017eiva mobilnost. Kampanjom se poti\u010du\u00a0 promjene pona\u0161anja pojedinaca i zajednice u cilju promicanja aktivne mobilnosti (hodanje, bicikliranje), kori\u0161tenja javnog prijevoza te planiranja boljih i \u010di\u0161\u0107ih transportnih rje\u0161enja (elektri\u010dna vozila). Tema ovogodi\u0161njeg tjedna je [&hellip;]<\/p>\n","protected":false},"author":7,"featured_media":30366,"comment_status":"open","ping_status":"open","sticky":false,"template":"","format":"standard","meta":{"inline_featured_image":false,"footnotes":""},"categories":[80],"tags":[],"class_list":["post-31477","post","type-post","status-publish","format-standard","has-post-thumbnail","hentry","category-aktualno"],"yoast_head":"<!-- This site is optimized with the Yoast SEO plugin v28.3 - https:\/\/yoast.com\/product\/yoast-seo-wordpress\/ -->\n<title>NZJZ SD\u017d - Europski tjedan mobilnosti 2026.<\/title>\n<meta name=\"description\" content=\"Slu\u017ebene internet stranice Nastavnog Zavoda za javno zdravstvo Splitsko-dalmatinske \u017eupanije.\" \/>\n<meta name=\"robots\" content=\"index, follow, max-snippet:-1, max-image-preview:large, max-video-preview:-1\" \/>\n<link rel=\"canonical\" href=\"https:\/\/nzjz-split.hr\/en\/europski-tjedan-mobilnosti-2026\/\" \/>\n<meta property=\"og:locale\" content=\"en_GB\" \/>\n<meta property=\"og:type\" content=\"article\" \/>\n<meta property=\"og:title\" content=\"NZJZ SD\u017d - Europski tjedan mobilnosti 2026.\" \/>\n<meta property=\"og:description\" content=\"Slu\u017ebene internet stranice Nastavnog Zavoda za javno zdravstvo Splitsko-dalmatinske \u017eupanije.\" \/>\n<meta property=\"og:url\" content=\"https:\/\/nzjz-split.hr\/en\/europski-tjedan-mobilnosti-2026\/\" \/>\n<meta property=\"og:site_name\" content=\"NZJZ SD\u017d\" \/>\n<meta property=\"article:publisher\" content=\"https:\/\/www.facebook.com\/NzjzSdz\" \/>\n<meta property=\"article:published_time\" content=\"2026-09-01T07:57:45+00:00\" \/>\n<meta property=\"article:modified_time\" content=\"2026-09-01T07:57:50+00:00\" \/>\n<meta property=\"og:image\" content=\"https:\/\/nzjz-split.hr\/wp-content\/uploads\/2026\/04\/bicikla.jpg\" \/>\n\t<meta property=\"og:image:width\" content=\"3000\" \/>\n\t<meta property=\"og:image:height\" content=\"2001\" \/>\n\t<meta property=\"og:image:type\" content=\"image\/jpeg\" \/>\n<meta name=\"author\" content=\"Ivana\" \/>\n<meta name=\"twitter:card\" content=\"summary_large_image\" \/>\n<meta name=\"twitter:label1\" content=\"Written by\" \/>\n\t<meta name=\"twitter:data1\" content=\"Ivana\" \/>\n\t<meta name=\"twitter:label2\" content=\"Estimated reading time\" \/>\n\t<meta name=\"twitter:data2\" content=\"3 minutes\" \/>\n<script type=\"application\/ld+json\" class=\"yoast-schema-graph\">{\"@context\":\"https:\\\/\\\/schema.org\",\"@graph\":[{\"@type\":\"Article\",\"@id\":\"https:\\\/\\\/nzjz-split.hr\\\/europski-tjedan-mobilnosti-2026\\\/#article\",\"isPartOf\":{\"@id\":\"https:\\\/\\\/nzjz-split.hr\\\/europski-tjedan-mobilnosti-2026\\\/\"},\"author\":{\"name\":\"Ivana\",\"@id\":\"https:\\\/\\\/nzjz-split.hr\\\/#\\\/schema\\\/person\\\/d4edbad591a948af8cd09b72b624197f\"},\"headline\":\"Europski tjedan mobilnosti 2026.\",\"datePublished\":\"2026-09-01T07:57:45+00:00\",\"dateModified\":\"2026-09-01T07:57:50+00:00\",\"mainEntityOfPage\":{\"@id\":\"https:\\\/\\\/nzjz-split.hr\\\/europski-tjedan-mobilnosti-2026\\\/\"},\"wordCount\":429,\"commentCount\":0,\"publisher\":{\"@id\":\"https:\\\/\\\/nzjz-split.hr\\\/#organization\"},\"image\":{\"@id\":\"https:\\\/\\\/nzjz-split.hr\\\/europski-tjedan-mobilnosti-2026\\\/#primaryimage\"},\"thumbnailUrl\":\"https:\\\/\\\/nzjz-split.hr\\\/wp-content\\\/uploads\\\/2026\\\/04\\\/bicikla.jpg\",\"articleSection\":[\"Aktualno\"],\"inLanguage\":\"en-GB\",\"potentialAction\":[{\"@type\":\"CommentAction\",\"name\":\"Comment\",\"target\":[\"https:\\\/\\\/nzjz-split.hr\\\/europski-tjedan-mobilnosti-2026\\\/#respond\"]}]},{\"@type\":\"WebPage\",\"@id\":\"https:\\\/\\\/nzjz-split.hr\\\/europski-tjedan-mobilnosti-2026\\\/\",\"url\":\"https:\\\/\\\/nzjz-split.hr\\\/europski-tjedan-mobilnosti-2026\\\/\",\"name\":\"NZJZ SD\u017d - Europski tjedan mobilnosti 2026.\",\"isPartOf\":{\"@id\":\"https:\\\/\\\/nzjz-split.hr\\\/#website\"},\"primaryImageOfPage\":{\"@id\":\"https:\\\/\\\/nzjz-split.hr\\\/europski-tjedan-mobilnosti-2026\\\/#primaryimage\"},\"image\":{\"@id\":\"https:\\\/\\\/nzjz-split.hr\\\/europski-tjedan-mobilnosti-2026\\\/#primaryimage\"},\"thumbnailUrl\":\"https:\\\/\\\/nzjz-split.hr\\\/wp-content\\\/uploads\\\/2026\\\/04\\\/bicikla.jpg\",\"datePublished\":\"2026-09-01T07:57:45+00:00\",\"dateModified\":\"2026-09-01T07:57:50+00:00\",\"description\":\"Slu\u017ebene internet stranice Nastavnog Zavoda za javno zdravstvo Splitsko-dalmatinske \u017eupanije.\",\"breadcrumb\":{\"@id\":\"https:\\\/\\\/nzjz-split.hr\\\/europski-tjedan-mobilnosti-2026\\\/#breadcrumb\"},\"inLanguage\":\"en-GB\",\"potentialAction\":[{\"@type\":\"ReadAction\",\"target\":[\"https:\\\/\\\/nzjz-split.hr\\\/europski-tjedan-mobilnosti-2026\\\/\"]}]},{\"@type\":\"ImageObject\",\"inLanguage\":\"en-GB\",\"@id\":\"https:\\\/\\\/nzjz-split.hr\\\/europski-tjedan-mobilnosti-2026\\\/#primaryimage\",\"url\":\"https:\\\/\\\/nzjz-split.hr\\\/wp-content\\\/uploads\\\/2026\\\/04\\\/bicikla.jpg\",\"contentUrl\":\"https:\\\/\\\/nzjz-split.hr\\\/wp-content\\\/uploads\\\/2026\\\/04\\\/bicikla.jpg\",\"width\":3000,\"height\":2001,\"caption\":\"biciklist\"},{\"@type\":\"BreadcrumbList\",\"@id\":\"https:\\\/\\\/nzjz-split.hr\\\/europski-tjedan-mobilnosti-2026\\\/#breadcrumb\",\"itemListElement\":[{\"@type\":\"ListItem\",\"position\":1,\"name\":\"Naslovnica\",\"item\":\"https:\\\/\\\/nzjz-split.hr\\\/\"},{\"@type\":\"ListItem\",\"position\":2,\"name\":\"Europski tjedan mobilnosti 2026.\"}]},{\"@type\":\"WebSite\",\"@id\":\"https:\\\/\\\/nzjz-split.hr\\\/#website\",\"url\":\"https:\\\/\\\/nzjz-split.hr\\\/\",\"name\":\"NZJZ SD\u017d\",\"description\":\"Nastavni zavod za javno zdravstvo Splitsko - dalmatinske \u017eupanije\",\"publisher\":{\"@id\":\"https:\\\/\\\/nzjz-split.hr\\\/#organization\"},\"potentialAction\":[{\"@type\":\"SearchAction\",\"target\":{\"@type\":\"EntryPoint\",\"urlTemplate\":\"https:\\\/\\\/nzjz-split.hr\\\/?s={search_term_string}\"},\"query-input\":{\"@type\":\"PropertyValueSpecification\",\"valueRequired\":true,\"valueName\":\"search_term_string\"}}],\"inLanguage\":\"en-GB\"},{\"@type\":\"Organization\",\"@id\":\"https:\\\/\\\/nzjz-split.hr\\\/#organization\",\"name\":\"Nastavni zavod za javno zdravstvo Splitsko - dalmatinske \u017eupanije\",\"url\":\"https:\\\/\\\/nzjz-split.hr\\\/\",\"logo\":{\"@type\":\"ImageObject\",\"inLanguage\":\"en-GB\",\"@id\":\"https:\\\/\\\/nzjz-split.hr\\\/#\\\/schema\\\/logo\\\/image\\\/\",\"url\":\"https:\\\/\\\/nzjz-split.hr\\\/wp-content\\\/uploads\\\/2021\\\/05\\\/nzjz-sdz-favicon-bg.png\",\"contentUrl\":\"https:\\\/\\\/nzjz-split.hr\\\/wp-content\\\/uploads\\\/2021\\\/05\\\/nzjz-sdz-favicon-bg.png\",\"width\":220,\"height\":220,\"caption\":\"Nastavni zavod za javno zdravstvo Splitsko - dalmatinske \u017eupanije\"},\"image\":{\"@id\":\"https:\\\/\\\/nzjz-split.hr\\\/#\\\/schema\\\/logo\\\/image\\\/\"},\"sameAs\":[\"https:\\\/\\\/www.facebook.com\\\/NzjzSdz\"]},{\"@type\":\"Person\",\"@id\":\"https:\\\/\\\/nzjz-split.hr\\\/#\\\/schema\\\/person\\\/d4edbad591a948af8cd09b72b624197f\",\"name\":\"Ivana\",\"image\":{\"@type\":\"ImageObject\",\"inLanguage\":\"en-GB\",\"@id\":\"https:\\\/\\\/nzjz-split.hr\\\/wp-content\\\/litespeed\\\/avatar\\\/f97b0586ae40a2bdc19519865286c20b.jpg?ver=1787771300\",\"url\":\"https:\\\/\\\/nzjz-split.hr\\\/wp-content\\\/litespeed\\\/avatar\\\/f97b0586ae40a2bdc19519865286c20b.jpg?ver=1787771300\",\"contentUrl\":\"https:\\\/\\\/nzjz-split.hr\\\/wp-content\\\/litespeed\\\/avatar\\\/f97b0586ae40a2bdc19519865286c20b.jpg?ver=1787771300\",\"caption\":\"Ivana\"}}]}<\/script>\n<!-- \/ Yoast SEO plugin. -->","yoast_head_json":{"title":"NZJZ SD\u017d - Europski tjedan mobilnosti 2026.","description":"Slu\u017ebene internet stranice Nastavnog Zavoda za javno zdravstvo Splitsko-dalmatinske \u017eupanije.","robots":{"index":"index","follow":"follow","max-snippet":"max-snippet:-1","max-image-preview":"max-image-preview:large","max-video-preview":"max-video-preview:-1"},"canonical":"https:\/\/nzjz-split.hr\/en\/europski-tjedan-mobilnosti-2026\/","og_locale":"en_GB","og_type":"article","og_title":"NZJZ SD\u017d - Europski tjedan mobilnosti 2026.","og_description":"Slu\u017ebene internet stranice Nastavnog Zavoda za javno zdravstvo Splitsko-dalmatinske \u017eupanije.","og_url":"https:\/\/nzjz-split.hr\/en\/europski-tjedan-mobilnosti-2026\/","og_site_name":"NZJZ SD\u017d","article_publisher":"https:\/\/www.facebook.com\/NzjzSdz","article_published_time":"2026-09-01T07:57:45+00:00","article_modified_time":"2026-09-01T07:57:50+00:00","og_image":[{"width":3000,"height":2001,"url":"https:\/\/nzjz-split.hr\/wp-content\/uploads\/2026\/04\/bicikla.jpg","type":"image\/jpeg"}],"author":"Ivana","twitter_card":"summary_large_image","twitter_misc":{"Written by":"Ivana","Estimated reading time":"3 minutes"},"schema":{"@context":"https:\/\/schema.org","@graph":[{"@type":"Article","@id":"https:\/\/nzjz-split.hr\/europski-tjedan-mobilnosti-2026\/#article","isPartOf":{"@id":"https:\/\/nzjz-split.hr\/europski-tjedan-mobilnosti-2026\/"},"author":{"name":"Ivana","@id":"https:\/\/nzjz-split.hr\/#\/schema\/person\/d4edbad591a948af8cd09b72b624197f"},"headline":"Europski tjedan mobilnosti 2026.","datePublished":"2026-09-01T07:57:45+00:00","dateModified":"2026-09-01T07:57:50+00:00","mainEntityOfPage":{"@id":"https:\/\/nzjz-split.hr\/europski-tjedan-mobilnosti-2026\/"},"wordCount":429,"commentCount":0,"publisher":{"@id":"https:\/\/nzjz-split.hr\/#organization"},"image":{"@id":"https:\/\/nzjz-split.hr\/europski-tjedan-mobilnosti-2026\/#primaryimage"},"thumbnailUrl":"https:\/\/nzjz-split.hr\/wp-content\/uploads\/2026\/04\/bicikla.jpg","articleSection":["Aktualno"],"inLanguage":"en-GB","potentialAction":[{"@type":"CommentAction","name":"Comment","target":["https:\/\/nzjz-split.hr\/europski-tjedan-mobilnosti-2026\/#respond"]}]},{"@type":"WebPage","@id":"https:\/\/nzjz-split.hr\/europski-tjedan-mobilnosti-2026\/","url":"https:\/\/nzjz-split.hr\/europski-tjedan-mobilnosti-2026\/","name":"NZJZ SD\u017d - Europski tjedan mobilnosti 2026.","isPartOf":{"@id":"https:\/\/nzjz-split.hr\/#website"},"primaryImageOfPage":{"@id":"https:\/\/nzjz-split.hr\/europski-tjedan-mobilnosti-2026\/#primaryimage"},"image":{"@id":"https:\/\/nzjz-split.hr\/europski-tjedan-mobilnosti-2026\/#primaryimage"},"thumbnailUrl":"https:\/\/nzjz-split.hr\/wp-content\/uploads\/2026\/04\/bicikla.jpg","datePublished":"2026-09-01T07:57:45+00:00","dateModified":"2026-09-01T07:57:50+00:00","description":"Slu\u017ebene internet stranice Nastavnog Zavoda za javno zdravstvo Splitsko-dalmatinske \u017eupanije.","breadcrumb":{"@id":"https:\/\/nzjz-split.hr\/europski-tjedan-mobilnosti-2026\/#breadcrumb"},"inLanguage":"en-GB","potentialAction":[{"@type":"ReadAction","target":["https:\/\/nzjz-split.hr\/europski-tjedan-mobilnosti-2026\/"]}]},{"@type":"ImageObject","inLanguage":"en-GB","@id":"https:\/\/nzjz-split.hr\/europski-tjedan-mobilnosti-2026\/#primaryimage","url":"https:\/\/nzjz-split.hr\/wp-content\/uploads\/2026\/04\/bicikla.jpg","contentUrl":"https:\/\/nzjz-split.hr\/wp-content\/uploads\/2026\/04\/bicikla.jpg","width":3000,"height":2001,"caption":"biciklist"},{"@type":"BreadcrumbList","@id":"https:\/\/nzjz-split.hr\/europski-tjedan-mobilnosti-2026\/#breadcrumb","itemListElement":[{"@type":"ListItem","position":1,"name":"Naslovnica","item":"https:\/\/nzjz-split.hr\/"},{"@type":"ListItem","position":2,"name":"Europski tjedan mobilnosti 2026."}]},{"@type":"WebSite","@id":"https:\/\/nzjz-split.hr\/#website","url":"https:\/\/nzjz-split.hr\/","name":"NZJZ SD\u017d","description":"Teaching Institute for Public Health, Split - Dalmatia County","publisher":{"@id":"https:\/\/nzjz-split.hr\/#organization"},"potentialAction":[{"@type":"SearchAction","target":{"@type":"EntryPoint","urlTemplate":"https:\/\/nzjz-split.hr\/?s={search_term_string}"},"query-input":{"@type":"PropertyValueSpecification","valueRequired":true,"valueName":"search_term_string"}}],"inLanguage":"en-GB"},{"@type":"Organization","@id":"https:\/\/nzjz-split.hr\/#organization","name":"Teaching Institute for Public Health, Split - Dalmatia County","url":"https:\/\/nzjz-split.hr\/","logo":{"@type":"ImageObject","inLanguage":"en-GB","@id":"https:\/\/nzjz-split.hr\/#\/schema\/logo\/image\/","url":"https:\/\/nzjz-split.hr\/wp-content\/uploads\/2021\/05\/nzjz-sdz-favicon-bg.png","contentUrl":"https:\/\/nzjz-split.hr\/wp-content\/uploads\/2021\/05\/nzjz-sdz-favicon-bg.png","width":220,"height":220,"caption":"Nastavni zavod za javno zdravstvo Splitsko - dalmatinske \u017eupanije"},"image":{"@id":"https:\/\/nzjz-split.hr\/#\/schema\/logo\/image\/"},"sameAs":["https:\/\/www.facebook.com\/NzjzSdz"]},{"@type":"Person","@id":"https:\/\/nzjz-split.hr\/#\/schema\/person\/d4edbad591a948af8cd09b72b624197f","name":"Ivana","image":{"@type":"ImageObject","inLanguage":"en-GB","@id":"https:\/\/nzjz-split.hr\/wp-content\/litespeed\/avatar\/f97b0586ae40a2bdc19519865286c20b.jpg?ver=1787771300","url":"https:\/\/nzjz-split.hr\/wp-content\/litespeed\/avatar\/f97b0586ae40a2bdc19519865286c20b.jpg?ver=1787771300","contentUrl":"https:\/\/nzjz-split.hr\/wp-content\/litespeed\/avatar\/f97b0586ae40a2bdc19519865286c20b.jpg?ver=1787771300","caption":"Ivana"}}]}},"_links":{"self":[{"href":"https:\/\/nzjz-split.hr\/en\/wp-json\/wp\/v2\/posts\/31477","targetHints":{"allow":["GET"]}}],"collection":[{"href":"https:\/\/nzjz-split.hr\/en\/wp-json\/wp\/v2\/posts"}],"about":[{"href":"https:\/\/nzjz-split.hr\/en\/wp-json\/wp\/v2\/types\/post"}],"author":[{"embeddable":true,"href":"https:\/\/nzjz-split.hr\/en\/wp-json\/wp\/v2\/users\/7"}],"replies":[{"embeddable":true,"href":"https:\/\/nzjz-split.hr\/en\/wp-json\/wp\/v2\/comments?post=31477"}],"version-history":[{"count":5,"href":"https:\/\/nzjz-split.hr\/en\/wp-json\/wp\/v2\/posts\/31477\/revisions"}],"predecessor-version":[{"id":31484,"href":"https:\/\/nzjz-split.hr\/en\/wp-json\/wp\/v2\/posts\/31477\/revisions\/31484"}],"wp:featuredmedia":[{"embeddable":true,"href":"https:\/\/nzjz-split.hr\/en\/wp-json\/wp\/v2\/media\/30366"}],"wp:attachment":[{"href":"https:\/\/nzjz-split.hr\/en\/wp-json\/wp\/v2\/media?parent=31477"}],"wp:term":[{"taxonomy":"category","embeddable":true,"href":"https:\/\/nzjz-split.hr\/en\/wp-json\/wp\/v2\/categories?post=31477"},{"taxonomy":"post_tag","embeddable":true,"href":"https:\/\/nzjz-split.hr\/en\/wp-json\/wp\/v2\/tags?post=31477"}],"curies":[{"name":"wp","href":"https:\/\/api.w.org\/{rel}","templated":true}]}}