{"id":404,"date":"2021-04-07T13:20:00","date_gmt":"2021-04-07T13:20:00","guid":{"rendered":"https:\/\/nzjz.wpengine.com\/?p=404"},"modified":"2021-05-19T06:29:37","modified_gmt":"2021-05-19T06:29:37","slug":"svjetski-dan-zdravlja-7-4-2021","status":"publish","type":"post","link":"https:\/\/nzjz-split.hr\/en\/svjetski-dan-zdravlja-7-4-2021\/","title":{"rendered":"Svjetski dan zdravlja 7. 4. 2021."},"content":{"rendered":"<p><em>A \u0161to bih jedino potomcima htio namrijeti u ba\u0161tinu \u2013 bila bi VEDRINA. Kristalna kocka vedrine!<\/em><br><em>Tin Ujevi\u0107<\/em><\/p>\n\n\n\n<p><strong>Zdravlje za sve!<\/strong><br>\u017divot djece i mladih ali i njihovih roditelja u protekloj godini&nbsp; promijenio se, a zdravlje je zauzelo prvo mjesto na ljestvici \u017eivotnih prioriteta i nikada nije bilo vi\u0161e na cijeni u 21.st.. Iako se na\u017ealost uglavnom posvuda mo\u017ee \u010duti puno vi\u0161e informacija o bolesti, a manje o zdravlju! Ograni\u010denja i nemogu\u0107nosti slobode kretanja je postala slo\u017eena situacija koja je naprosto mnogima ne&nbsp; neshvatljiva. Kontinuitet obrazovanja i zatvaranje \u0161kola i dalje&nbsp; izazvaju veliku zabrinutost ali i polemiku od po\u010detka svjetske pandemije. Razli\u010dita \u201epsihosocijalna ograni\u010denja\u201c a time i ne mogu\u0107nost bitnih prilika za poticaj razvojnih vje\u0161tina ostale su gotovo zanemarene kod najmla\u0111ih \u0161to je na\u017ealost otvorilo prostor za mogu\u0107e pote\u0161ko\u0107e&nbsp; pona\u0161ajnih ovisnosti u izuzetno nestabilnoj situaciji i okru\u017eenju koja niti malo ne pogoduje njihovom mentalnom zdravlju!<\/p>\n\n\n\n<p><strong>Razmi\u0161ljaju\u0107i o protekloj godini, \u0161to mo\u017eemo nau\u010diti?<\/strong><br>Podsje\u0107amo da zdravlje nije samo odsutnost bolesti, a u susret&nbsp; Svjetskom danu zdravlja \u010dija organizacija (SZO) poziva na solidarnost i pravednost kada je u pitanju zdravlje. \u010cinjenica je da pandemije pogor\u0161avaju nejednakosti u svijetu i stoga ne iznena\u0111uje da su slu\u017ebe za mentalno zdravlje djece i mladih ostale mnogoj djeci u svijetu nedostupne jer nisu bile i mogu\u0107nosti raditi na daljinu i tako jo\u0161 jednom pokazale svoje manjkavosti! Tako\u0111er i ovim putem ispred Slu\u017ebe za mentalno zdravlje \u010diji su djelatnici uspjeli zadr\u017eati kontinuitet djelovanja \u017eelimo jo\u0161 jednom naglasiti da se nakon akutnog tkz. prvog vala pandemije danas nakon godinu dana stru\u010dnjaci za mentalno zdravlje predvidili dva mogu\u0107a ishoda.&nbsp; Prema jednom&nbsp; ve\u0107ina djece i njihove obitelji prilagoditi \u0107e se novo nastaloj situaciji i oporaviti nakon akutnog stresa. U drugom mnogima prijeti opasnost da predugo pate od vi\u0161estrukih posljedica krize i razviju simptome kroni\u010dnog stresa \u0161to se i dogodilo! &nbsp;<\/p>\n\n\n\n<p><strong>\u0160to bi trebali raditi stru\u010dnjaci za mentalno zdravlje?<\/strong><br>Emocionalni problemi i problemi u pona\u0161anju koji su poga\u0111ali prije pandemije, ne\u0161to manje od petine sve djece i mladih sada se javljaju u ne\u0161to manje od tre\u0107ine stanovni\u0161tva \u0161to je \u201epovratni efekt epidemilo\u0161kih mjera\u201c&nbsp; ve\u0107 neko vrijeme, ali i pove\u0107anje zahtjeva za uobi\u010dajeni broj savjetovanja pri Savjetovali\u0161tu za djecu i mlade.&nbsp; Ova zabrinjavaju\u0107a statistika i trendovi u svijetu, ali i kod nas trebali bi pokrenuti proaktivno javnozdravstveno preventivno djelovanje, a ne samo pove\u0107anje razine zabrinutosti koja nikome ne\u0107e pomo\u0107i, a najmanje onima kojima je pomo\u0107 najpotrebnija. Mnogi va\u017eni odnosi mogu se zadr\u017eati dostupno\u0161\u0107u pomo\u0107u savjetodavnih alata na daljinu, videopoziva, aplikacija i sl. metoda koje mladima mogu pru\u017eiti potrebnu pomo\u0107 \u0161to se pokazalo u prakti\u010dnom radu E savjetovali\u0161ta: Pitaj? Ne skitaj! Stoga je za razvoj i odr\u017eavanje prednosti rada na daljinu potrebno dodatno ulaganje u digitalizaciju i meodernizaciju kako bi mladi imali mogu\u0107nost savjetodavne pomo\u0107i preko koncepta digitalnih medija.<br>Ve\u0107 mo\u017eemo \u010duti u \u0161iroj i stru\u010dnoj javnosti i uporadbu izraza poput \u201eizgubljena-korona generacija\u201c, \u0161to je obeshrabruju\u0107e i nedopustivo jer bi to moglo potaknuti uvjerenje da im mi odrasli ne mo\u017eemo pomo\u0107i i da je njihova budu\u0107nost neizvjesna, a fokus u potpunosti negdje drugo kod ve\u0107ine javnosti! &nbsp;<\/p>\n\n\n\n<p>Okrenuti se prema budu\u0107nosti, razmi\u0161ljati optimisti\u010dno i planirati strate\u0161ki va\u017eno je kako bi oporavak nakon u\u010dinka pandemije bio \u0161to bezbolniji za djecu i mlade i njihove obitelji. Navedeno zahtjeva viziju ali i sustavno ulaganje u zdravlje sada\u0161njosti, kako bi njihova budu\u0107nost bila izvjesnija te mogu\u0107i i potreban oporavka, a time i otpornosti za najranjivije skupine, do\u0161ao u prvi plan i po\u010deo odmah!<br>&nbsp;&nbsp;&nbsp;&nbsp;&nbsp;&nbsp;&nbsp;&nbsp;&nbsp;&nbsp;&nbsp;&nbsp;&nbsp;&nbsp;&nbsp;&nbsp;&nbsp;&nbsp;&nbsp;&nbsp;&nbsp;&nbsp;&nbsp;&nbsp;&nbsp;&nbsp;&nbsp;&nbsp;&nbsp;&nbsp;&nbsp;&nbsp;&nbsp;&nbsp;&nbsp;&nbsp;&nbsp;&nbsp;&nbsp;&nbsp;&nbsp;&nbsp;&nbsp;&nbsp;&nbsp;&nbsp;&nbsp;&nbsp;&nbsp;&nbsp;&nbsp;&nbsp;&nbsp;&nbsp;&nbsp;&nbsp;&nbsp;&nbsp;&nbsp;&nbsp;&nbsp;&nbsp;&nbsp;&nbsp;&nbsp;&nbsp;&nbsp;&nbsp;&nbsp;&nbsp;&nbsp;&nbsp;&nbsp;&nbsp;&nbsp;&nbsp;&nbsp;&nbsp;&nbsp;&nbsp;&nbsp;&nbsp;&nbsp;&nbsp;&nbsp;&nbsp;&nbsp;&nbsp;&nbsp;&nbsp;&nbsp;&nbsp;&nbsp;&nbsp;&nbsp;&nbsp;&nbsp;&nbsp;&nbsp;&nbsp;&nbsp;&nbsp;&nbsp;&nbsp;&nbsp;&nbsp;&nbsp; &nbsp;<br>Voditelj Slu\u017ebe za mentalno zdravlje<br><strong>Dr.sc. \u017deljko Klju\u010devi\u0107 dr. med.<\/strong><br><strong>Specijalist psihijatrije<\/strong><\/p>","protected":false},"excerpt":{"rendered":"<p>A \u0161to bih jedino potomcima htio namrijeti u ba\u0161tinu \u2013 bila bi VEDRINA. Kristalna kocka vedrine!Tin Ujevi\u0107 Zdravlje za sve!\u017divot djece i mladih ali i njihovih roditelja u protekloj godini&nbsp; promijenio se, a zdravlje je zauzelo prvo mjesto na ljestvici \u017eivotnih prioriteta i nikada nije bilo vi\u0161e na cijeni u 21.st.. Iako se na\u017ealost uglavnom [&hellip;]<\/p>\n","protected":false},"author":1,"featured_media":3718,"comment_status":"open","ping_status":"open","sticky":false,"template":"","format":"standard","meta":{"inline_featured_image":false,"footnotes":""},"categories":[8],"tags":[],"class_list":["post-404","post","type-post","status-publish","format-standard","has-post-thumbnail","hentry","category-uncategorized-hr"],"yoast_head":"<!-- This site is optimized with the Yoast SEO plugin v27.3 - https:\/\/yoast.com\/product\/yoast-seo-wordpress\/ -->\n<title>NZJZ SD\u017d - Svjetski dan zdravlja 7. 4. 2021.<\/title>\n<meta name=\"description\" content=\"Slu\u017ebene internet stranice Nastavnog Zavoda za javno zdravstvo Splitsko-dalmatinske \u017eupanije.\" \/>\n<meta name=\"robots\" content=\"index, follow, max-snippet:-1, max-image-preview:large, max-video-preview:-1\" \/>\n<link rel=\"canonical\" href=\"https:\/\/nzjz-split.hr\/en\/svjetski-dan-zdravlja-7-4-2021\/\" \/>\n<meta property=\"og:locale\" content=\"en_GB\" \/>\n<meta property=\"og:type\" content=\"article\" \/>\n<meta property=\"og:title\" content=\"NZJZ SD\u017d - Svjetski dan zdravlja 7. 4. 2021.\" \/>\n<meta property=\"og:description\" content=\"Slu\u017ebene internet stranice Nastavnog Zavoda za javno zdravstvo Splitsko-dalmatinske \u017eupanije.\" \/>\n<meta property=\"og:url\" content=\"https:\/\/nzjz-split.hr\/en\/svjetski-dan-zdravlja-7-4-2021\/\" \/>\n<meta property=\"og:site_name\" content=\"NZJZ SD\u017d\" \/>\n<meta property=\"article:publisher\" content=\"https:\/\/www.facebook.com\/NzjzSdz\" \/>\n<meta property=\"article:published_time\" content=\"2021-04-07T13:20:00+00:00\" \/>\n<meta property=\"article:modified_time\" content=\"2021-05-19T06:29:37+00:00\" \/>\n<meta property=\"og:image\" content=\"https:\/\/nzjz-split.hr\/wp-content\/uploads\/2021\/05\/zdravlje_za_sve_21.jpg\" \/>\n\t<meta property=\"og:image:width\" content=\"800\" \/>\n\t<meta property=\"og:image:height\" content=\"1120\" \/>\n\t<meta property=\"og:image:type\" content=\"image\/jpeg\" \/>\n<meta name=\"author\" content=\"ForgeBIT\" \/>\n<meta name=\"twitter:card\" content=\"summary_large_image\" \/>\n<meta name=\"twitter:label1\" content=\"Written by\" \/>\n\t<meta name=\"twitter:data1\" content=\"ForgeBIT\" \/>\n\t<meta name=\"twitter:label2\" content=\"Estimated reading time\" \/>\n\t<meta name=\"twitter:data2\" content=\"3 minutes\" \/>\n<script type=\"application\/ld+json\" class=\"yoast-schema-graph\">{\"@context\":\"https:\\\/\\\/schema.org\",\"@graph\":[{\"@type\":\"Article\",\"@id\":\"https:\\\/\\\/nzjz-split.hr\\\/svjetski-dan-zdravlja-7-4-2021\\\/#article\",\"isPartOf\":{\"@id\":\"https:\\\/\\\/nzjz-split.hr\\\/svjetski-dan-zdravlja-7-4-2021\\\/\"},\"author\":{\"name\":\"ForgeBIT\",\"@id\":\"https:\\\/\\\/nzjz-split.hr\\\/#\\\/schema\\\/person\\\/b4b9f14518058e855f0658fe0f6605eb\"},\"headline\":\"Svjetski dan zdravlja 7. 4. 2021.\",\"datePublished\":\"2021-04-07T13:20:00+00:00\",\"dateModified\":\"2021-05-19T06:29:37+00:00\",\"mainEntityOfPage\":{\"@id\":\"https:\\\/\\\/nzjz-split.hr\\\/svjetski-dan-zdravlja-7-4-2021\\\/\"},\"wordCount\":780,\"commentCount\":0,\"publisher\":{\"@id\":\"https:\\\/\\\/nzjz-split.hr\\\/#organization\"},\"image\":{\"@id\":\"https:\\\/\\\/nzjz-split.hr\\\/svjetski-dan-zdravlja-7-4-2021\\\/#primaryimage\"},\"thumbnailUrl\":\"https:\\\/\\\/nzjz-split.hr\\\/wp-content\\\/uploads\\\/2021\\\/05\\\/zdravlje_za_sve_21.jpg\",\"articleSection\":[\"Uncategorized @hr\"],\"inLanguage\":\"en-GB\",\"potentialAction\":[{\"@type\":\"CommentAction\",\"name\":\"Comment\",\"target\":[\"https:\\\/\\\/nzjz-split.hr\\\/svjetski-dan-zdravlja-7-4-2021\\\/#respond\"]}]},{\"@type\":\"WebPage\",\"@id\":\"https:\\\/\\\/nzjz-split.hr\\\/svjetski-dan-zdravlja-7-4-2021\\\/\",\"url\":\"https:\\\/\\\/nzjz-split.hr\\\/svjetski-dan-zdravlja-7-4-2021\\\/\",\"name\":\"NZJZ SD\u017d - Svjetski dan zdravlja 7. 4. 2021.\",\"isPartOf\":{\"@id\":\"https:\\\/\\\/nzjz-split.hr\\\/#website\"},\"primaryImageOfPage\":{\"@id\":\"https:\\\/\\\/nzjz-split.hr\\\/svjetski-dan-zdravlja-7-4-2021\\\/#primaryimage\"},\"image\":{\"@id\":\"https:\\\/\\\/nzjz-split.hr\\\/svjetski-dan-zdravlja-7-4-2021\\\/#primaryimage\"},\"thumbnailUrl\":\"https:\\\/\\\/nzjz-split.hr\\\/wp-content\\\/uploads\\\/2021\\\/05\\\/zdravlje_za_sve_21.jpg\",\"datePublished\":\"2021-04-07T13:20:00+00:00\",\"dateModified\":\"2021-05-19T06:29:37+00:00\",\"description\":\"Slu\u017ebene internet stranice Nastavnog Zavoda za javno zdravstvo Splitsko-dalmatinske \u017eupanije.\",\"breadcrumb\":{\"@id\":\"https:\\\/\\\/nzjz-split.hr\\\/svjetski-dan-zdravlja-7-4-2021\\\/#breadcrumb\"},\"inLanguage\":\"en-GB\",\"potentialAction\":[{\"@type\":\"ReadAction\",\"target\":[\"https:\\\/\\\/nzjz-split.hr\\\/svjetski-dan-zdravlja-7-4-2021\\\/\"]}]},{\"@type\":\"ImageObject\",\"inLanguage\":\"en-GB\",\"@id\":\"https:\\\/\\\/nzjz-split.hr\\\/svjetski-dan-zdravlja-7-4-2021\\\/#primaryimage\",\"url\":\"https:\\\/\\\/nzjz-split.hr\\\/wp-content\\\/uploads\\\/2021\\\/05\\\/zdravlje_za_sve_21.jpg\",\"contentUrl\":\"https:\\\/\\\/nzjz-split.hr\\\/wp-content\\\/uploads\\\/2021\\\/05\\\/zdravlje_za_sve_21.jpg\",\"width\":800,\"height\":1120,\"caption\":\"Svjetski dan zdravlja 7. 4. 2021.\"},{\"@type\":\"BreadcrumbList\",\"@id\":\"https:\\\/\\\/nzjz-split.hr\\\/svjetski-dan-zdravlja-7-4-2021\\\/#breadcrumb\",\"itemListElement\":[{\"@type\":\"ListItem\",\"position\":1,\"name\":\"Naslovnica\",\"item\":\"https:\\\/\\\/nzjz-split.hr\\\/\"},{\"@type\":\"ListItem\",\"position\":2,\"name\":\"Svjetski dan zdravlja 7. 4. 2021.\"}]},{\"@type\":\"WebSite\",\"@id\":\"https:\\\/\\\/nzjz-split.hr\\\/#website\",\"url\":\"https:\\\/\\\/nzjz-split.hr\\\/\",\"name\":\"NZJZ SD\u017d\",\"description\":\"Nastavni zavod za javno zdravstvo Splitsko - dalmatinske \u017eupanije\",\"publisher\":{\"@id\":\"https:\\\/\\\/nzjz-split.hr\\\/#organization\"},\"potentialAction\":[{\"@type\":\"SearchAction\",\"target\":{\"@type\":\"EntryPoint\",\"urlTemplate\":\"https:\\\/\\\/nzjz-split.hr\\\/?s={search_term_string}\"},\"query-input\":{\"@type\":\"PropertyValueSpecification\",\"valueRequired\":true,\"valueName\":\"search_term_string\"}}],\"inLanguage\":\"en-GB\"},{\"@type\":\"Organization\",\"@id\":\"https:\\\/\\\/nzjz-split.hr\\\/#organization\",\"name\":\"Nastavni zavod za javno zdravstvo Splitsko - dalmatinske \u017eupanije\",\"url\":\"https:\\\/\\\/nzjz-split.hr\\\/\",\"logo\":{\"@type\":\"ImageObject\",\"inLanguage\":\"en-GB\",\"@id\":\"https:\\\/\\\/nzjz-split.hr\\\/#\\\/schema\\\/logo\\\/image\\\/\",\"url\":\"https:\\\/\\\/nzjz-split.hr\\\/wp-content\\\/uploads\\\/2021\\\/05\\\/nzjz-sdz-favicon-bg.png\",\"contentUrl\":\"https:\\\/\\\/nzjz-split.hr\\\/wp-content\\\/uploads\\\/2021\\\/05\\\/nzjz-sdz-favicon-bg.png\",\"width\":220,\"height\":220,\"caption\":\"Nastavni zavod za javno zdravstvo Splitsko - dalmatinske \u017eupanije\"},\"image\":{\"@id\":\"https:\\\/\\\/nzjz-split.hr\\\/#\\\/schema\\\/logo\\\/image\\\/\"},\"sameAs\":[\"https:\\\/\\\/www.facebook.com\\\/NzjzSdz\"]},{\"@type\":\"Person\",\"@id\":\"https:\\\/\\\/nzjz-split.hr\\\/#\\\/schema\\\/person\\\/b4b9f14518058e855f0658fe0f6605eb\",\"name\":\"ForgeBIT\",\"image\":{\"@type\":\"ImageObject\",\"inLanguage\":\"en-GB\",\"@id\":\"https:\\\/\\\/nzjz-split.hr\\\/wp-content\\\/litespeed\\\/avatar\\\/807534c1949a29c271544ad2598d14d6.jpg?ver=1777486818\",\"url\":\"https:\\\/\\\/nzjz-split.hr\\\/wp-content\\\/litespeed\\\/avatar\\\/807534c1949a29c271544ad2598d14d6.jpg?ver=1777486818\",\"contentUrl\":\"https:\\\/\\\/nzjz-split.hr\\\/wp-content\\\/litespeed\\\/avatar\\\/807534c1949a29c271544ad2598d14d6.jpg?ver=1777486818\",\"caption\":\"ForgeBIT\"},\"sameAs\":[\"https:\\\/\\\/nzjz-split.hr\\\/wordpress\"]}]}<\/script>\n<!-- \/ Yoast SEO plugin. -->","yoast_head_json":{"title":"NZJZ SD\u017d - Svjetski dan zdravlja 7. 4. 2021.","description":"Slu\u017ebene internet stranice Nastavnog Zavoda za javno zdravstvo Splitsko-dalmatinske \u017eupanije.","robots":{"index":"index","follow":"follow","max-snippet":"max-snippet:-1","max-image-preview":"max-image-preview:large","max-video-preview":"max-video-preview:-1"},"canonical":"https:\/\/nzjz-split.hr\/en\/svjetski-dan-zdravlja-7-4-2021\/","og_locale":"en_GB","og_type":"article","og_title":"NZJZ SD\u017d - Svjetski dan zdravlja 7. 4. 2021.","og_description":"Slu\u017ebene internet stranice Nastavnog Zavoda za javno zdravstvo Splitsko-dalmatinske \u017eupanije.","og_url":"https:\/\/nzjz-split.hr\/en\/svjetski-dan-zdravlja-7-4-2021\/","og_site_name":"NZJZ SD\u017d","article_publisher":"https:\/\/www.facebook.com\/NzjzSdz","article_published_time":"2021-04-07T13:20:00+00:00","article_modified_time":"2021-05-19T06:29:37+00:00","og_image":[{"width":800,"height":1120,"url":"https:\/\/nzjz-split.hr\/wp-content\/uploads\/2021\/05\/zdravlje_za_sve_21.jpg","type":"image\/jpeg"}],"author":"ForgeBIT","twitter_card":"summary_large_image","twitter_misc":{"Written by":"ForgeBIT","Estimated reading time":"3 minutes"},"schema":{"@context":"https:\/\/schema.org","@graph":[{"@type":"Article","@id":"https:\/\/nzjz-split.hr\/svjetski-dan-zdravlja-7-4-2021\/#article","isPartOf":{"@id":"https:\/\/nzjz-split.hr\/svjetski-dan-zdravlja-7-4-2021\/"},"author":{"name":"ForgeBIT","@id":"https:\/\/nzjz-split.hr\/#\/schema\/person\/b4b9f14518058e855f0658fe0f6605eb"},"headline":"Svjetski dan zdravlja 7. 4. 2021.","datePublished":"2021-04-07T13:20:00+00:00","dateModified":"2021-05-19T06:29:37+00:00","mainEntityOfPage":{"@id":"https:\/\/nzjz-split.hr\/svjetski-dan-zdravlja-7-4-2021\/"},"wordCount":780,"commentCount":0,"publisher":{"@id":"https:\/\/nzjz-split.hr\/#organization"},"image":{"@id":"https:\/\/nzjz-split.hr\/svjetski-dan-zdravlja-7-4-2021\/#primaryimage"},"thumbnailUrl":"https:\/\/nzjz-split.hr\/wp-content\/uploads\/2021\/05\/zdravlje_za_sve_21.jpg","articleSection":["Uncategorized @hr"],"inLanguage":"en-GB","potentialAction":[{"@type":"CommentAction","name":"Comment","target":["https:\/\/nzjz-split.hr\/svjetski-dan-zdravlja-7-4-2021\/#respond"]}]},{"@type":"WebPage","@id":"https:\/\/nzjz-split.hr\/svjetski-dan-zdravlja-7-4-2021\/","url":"https:\/\/nzjz-split.hr\/svjetski-dan-zdravlja-7-4-2021\/","name":"NZJZ SD\u017d - Svjetski dan zdravlja 7. 4. 2021.","isPartOf":{"@id":"https:\/\/nzjz-split.hr\/#website"},"primaryImageOfPage":{"@id":"https:\/\/nzjz-split.hr\/svjetski-dan-zdravlja-7-4-2021\/#primaryimage"},"image":{"@id":"https:\/\/nzjz-split.hr\/svjetski-dan-zdravlja-7-4-2021\/#primaryimage"},"thumbnailUrl":"https:\/\/nzjz-split.hr\/wp-content\/uploads\/2021\/05\/zdravlje_za_sve_21.jpg","datePublished":"2021-04-07T13:20:00+00:00","dateModified":"2021-05-19T06:29:37+00:00","description":"Slu\u017ebene internet stranice Nastavnog Zavoda za javno zdravstvo Splitsko-dalmatinske \u017eupanije.","breadcrumb":{"@id":"https:\/\/nzjz-split.hr\/svjetski-dan-zdravlja-7-4-2021\/#breadcrumb"},"inLanguage":"en-GB","potentialAction":[{"@type":"ReadAction","target":["https:\/\/nzjz-split.hr\/svjetski-dan-zdravlja-7-4-2021\/"]}]},{"@type":"ImageObject","inLanguage":"en-GB","@id":"https:\/\/nzjz-split.hr\/svjetski-dan-zdravlja-7-4-2021\/#primaryimage","url":"https:\/\/nzjz-split.hr\/wp-content\/uploads\/2021\/05\/zdravlje_za_sve_21.jpg","contentUrl":"https:\/\/nzjz-split.hr\/wp-content\/uploads\/2021\/05\/zdravlje_za_sve_21.jpg","width":800,"height":1120,"caption":"Svjetski dan zdravlja 7. 4. 2021."},{"@type":"BreadcrumbList","@id":"https:\/\/nzjz-split.hr\/svjetski-dan-zdravlja-7-4-2021\/#breadcrumb","itemListElement":[{"@type":"ListItem","position":1,"name":"Naslovnica","item":"https:\/\/nzjz-split.hr\/"},{"@type":"ListItem","position":2,"name":"Svjetski dan zdravlja 7. 4. 2021."}]},{"@type":"WebSite","@id":"https:\/\/nzjz-split.hr\/#website","url":"https:\/\/nzjz-split.hr\/","name":"NZJZ SD\u017d","description":"Teaching Institute for Public Health, Split - Dalmatia County","publisher":{"@id":"https:\/\/nzjz-split.hr\/#organization"},"potentialAction":[{"@type":"SearchAction","target":{"@type":"EntryPoint","urlTemplate":"https:\/\/nzjz-split.hr\/?s={search_term_string}"},"query-input":{"@type":"PropertyValueSpecification","valueRequired":true,"valueName":"search_term_string"}}],"inLanguage":"en-GB"},{"@type":"Organization","@id":"https:\/\/nzjz-split.hr\/#organization","name":"Teaching Institute for Public Health, Split - Dalmatia County","url":"https:\/\/nzjz-split.hr\/","logo":{"@type":"ImageObject","inLanguage":"en-GB","@id":"https:\/\/nzjz-split.hr\/#\/schema\/logo\/image\/","url":"https:\/\/nzjz-split.hr\/wp-content\/uploads\/2021\/05\/nzjz-sdz-favicon-bg.png","contentUrl":"https:\/\/nzjz-split.hr\/wp-content\/uploads\/2021\/05\/nzjz-sdz-favicon-bg.png","width":220,"height":220,"caption":"Nastavni zavod za javno zdravstvo Splitsko - dalmatinske \u017eupanije"},"image":{"@id":"https:\/\/nzjz-split.hr\/#\/schema\/logo\/image\/"},"sameAs":["https:\/\/www.facebook.com\/NzjzSdz"]},{"@type":"Person","@id":"https:\/\/nzjz-split.hr\/#\/schema\/person\/b4b9f14518058e855f0658fe0f6605eb","name":"ForgeBIT","image":{"@type":"ImageObject","inLanguage":"en-GB","@id":"https:\/\/nzjz-split.hr\/wp-content\/litespeed\/avatar\/807534c1949a29c271544ad2598d14d6.jpg?ver=1777486818","url":"https:\/\/nzjz-split.hr\/wp-content\/litespeed\/avatar\/807534c1949a29c271544ad2598d14d6.jpg?ver=1777486818","contentUrl":"https:\/\/nzjz-split.hr\/wp-content\/litespeed\/avatar\/807534c1949a29c271544ad2598d14d6.jpg?ver=1777486818","caption":"ForgeBIT"},"sameAs":["https:\/\/nzjz-split.hr\/wordpress"]}]}},"_links":{"self":[{"href":"https:\/\/nzjz-split.hr\/en\/wp-json\/wp\/v2\/posts\/404","targetHints":{"allow":["GET"]}}],"collection":[{"href":"https:\/\/nzjz-split.hr\/en\/wp-json\/wp\/v2\/posts"}],"about":[{"href":"https:\/\/nzjz-split.hr\/en\/wp-json\/wp\/v2\/types\/post"}],"author":[{"embeddable":true,"href":"https:\/\/nzjz-split.hr\/en\/wp-json\/wp\/v2\/users\/1"}],"replies":[{"embeddable":true,"href":"https:\/\/nzjz-split.hr\/en\/wp-json\/wp\/v2\/comments?post=404"}],"version-history":[{"count":0,"href":"https:\/\/nzjz-split.hr\/en\/wp-json\/wp\/v2\/posts\/404\/revisions"}],"wp:featuredmedia":[{"embeddable":true,"href":"https:\/\/nzjz-split.hr\/en\/wp-json\/wp\/v2\/media\/3718"}],"wp:attachment":[{"href":"https:\/\/nzjz-split.hr\/en\/wp-json\/wp\/v2\/media?parent=404"}],"wp:term":[{"taxonomy":"category","embeddable":true,"href":"https:\/\/nzjz-split.hr\/en\/wp-json\/wp\/v2\/categories?post=404"},{"taxonomy":"post_tag","embeddable":true,"href":"https:\/\/nzjz-split.hr\/en\/wp-json\/wp\/v2\/tags?post=404"}],"curies":[{"name":"wp","href":"https:\/\/api.w.org\/{rel}","templated":true}]}}